{"id":94725,"date":"2024-04-16T08:01:12","date_gmt":"2024-04-16T14:01:12","guid":{"rendered":"https:\/\/amanecerhuasteco.com\/portal\/?p=94725"},"modified":"2024-04-16T08:01:14","modified_gmt":"2024-04-16T14:01:14","slug":"partidos-politicos-incluyen-personas-jovenes-personas-con-discapacidad-y-personas-de-la-diversidad-sexual-en-registros-de-candidaturas","status":"publish","type":"post","link":"https:\/\/amanecerhuasteco.com\/portal\/partidos-politicos-incluyen-personas-jovenes-personas-con-discapacidad-y-personas-de-la-diversidad-sexual-en-registros-de-candidaturas\/","title":{"rendered":"Partidos pol\u00edticos incluyen personas j\u00f3venes, personas con discapacidad y personas de la diversidad sexual en registros de candidaturas"},"content":{"rendered":"\n<p><\/p>\n\n\n\n<p>\u2022 Se dar\u00e1 m\u00e1xima publicidad dada su trascendencia.<br>\u2022 Es la primera vez que se aplican a nivel local, medidas afirmativas para diversidad sexual y personas j\u00f3venes.<\/p>\n\n\n\n<p>Durante la Sesi\u00f3n Ordinaria del Consejo Estatal Electoral y de Participaci\u00f3n Ciudadana (CEEPAC) se aprobaron los acuerdos que se\u00f1alan que los partidos pol\u00edticos cumplieron con las acciones afirmativas que fueron solicitadas como parte de los lineamientos para el registro de candidaturas.<\/p>\n\n\n\n<p>Los lineamientos estipulan que cada partido pol\u00edtico deber\u00eda de postular una f\u00f3rmula de personas de la diversidad sexual, de personas con discapacidad, y de personas j\u00f3venes en los registros de candidaturas a diputaciones de representaci\u00f3n proporcional; adem\u00e1s de una f\u00f3rmula de personas de la diversidad sexual y de personas con discapacidad en los registros de candidaturas a los ayuntamientos para el Proceso Electoral Local 2024.<\/p>\n\n\n\n<p>El Partido Acci\u00f3n Nacional (PAN) postul\u00f3 una f\u00f3rmula para una diputaci\u00f3n de representaci\u00f3n proporcional, as\u00ed como a una f\u00f3rmula para una regidur\u00eda de representaci\u00f3n proporcional, ambas Diversidad Sexual. En el grupo de personas con discapacidad postul\u00f3 una f\u00f3rmula para una diputaci\u00f3n de representaci\u00f3n proporcional; as\u00ed como una f\u00f3rmula para regidur\u00eda de representaci\u00f3n proporcional.<\/p>\n\n\n\n<p>Dentro de la acci\u00f3n afirmativa para personas j\u00f3venes, el PAN postul\u00f3 una f\u00f3rmula para una diputaci\u00f3n de representaci\u00f3n proporcional, por lo que s\u00ed cumpli\u00f3 con los lineamientos que estipulaban la inclusi\u00f3n de grupos en situaci\u00f3n de discriminaci\u00f3n para registro de candidaturas.<\/p>\n\n\n\n<p>El Partido Revolucionario Institucional (PRI) postul\u00f3 una f\u00f3rmula para una diputaci\u00f3n de representaci\u00f3n proporcional, as\u00ed como una f\u00f3rmula a regidur\u00eda, ambas f\u00f3rmulas pertenecientes a la Diversidad Sexual. En el grupo de personas con discapacidad postul\u00f3 una f\u00f3rmula para una diputaci\u00f3n de representaci\u00f3n proporcional; as\u00ed como una f\u00f3rmula para una regidur\u00eda.<\/p>\n\n\n\n<p>Dentro de la acci\u00f3n afirmativa para personas j\u00f3venes, el PRI postul\u00f3 una f\u00f3rmula para una diputaci\u00f3n de representaci\u00f3n proporcional, por lo que s\u00ed cumpli\u00f3 con los lineamientos que estipulaban la inclusi\u00f3n de grupos en situaci\u00f3n de discriminaci\u00f3n para registro de candidaturas.<\/p>\n\n\n\n<p>El Partido de la Revoluci\u00f3n Democr\u00e1tica (PRD) postul\u00f3 una f\u00f3rmula para una diputaci\u00f3n de representaci\u00f3n proporcional, as\u00ed como una persona a presidencia municipal, una f\u00f3rmula de sindicatura y tres f\u00f3rmulas a regidur\u00edas pertenecientes a la Diversidad Sexual. En el grupo de personas con discapacidad postul\u00f3 una f\u00f3rmula para una diputaci\u00f3n de representaci\u00f3n proporcional; as\u00ed como una f\u00f3rmula para una regidur\u00eda.<\/p>\n\n\n\n<p>Dentro de la acci\u00f3n afirmativa para personas j\u00f3venes, el PRD postul\u00f3 una f\u00f3rmula para diputaci\u00f3n de representaci\u00f3n proporcional, por lo que s\u00ed cumpli\u00f3 con los lineamientos que estipulaban la inclusi\u00f3n de grupos en situaci\u00f3n de discriminaci\u00f3n para registro de candidaturas.<\/p>\n\n\n\n<p>El Partido Verde Ecologista de M\u00e9xico (PVEM) postul\u00f3 a tres personas para presidencias municipales y dos f\u00f3rmulas para regidur\u00edas pertenecientes a la Diversidad Sexual. Dentro del grupo de personas con discapacidad, el PVEM postul\u00f3 una persona para presidencia municipal, adem\u00e1s de cuatro f\u00f3rmulas para regidur\u00edas de representaci\u00f3n proporcional.<\/p>\n\n\n\n<p>Para una diputaci\u00f3n de representaci\u00f3n proporcional de personas con discapacidad tambi\u00e9n registr\u00f3 una f\u00f3rmula. Para su cuota joven el PVEM postul\u00f3 una f\u00f3rmula de diputaci\u00f3n de representaci\u00f3n proporcional, por lo que s\u00ed cumpli\u00f3 con los lineamientos que estipulaban la inclusi\u00f3n de grupos en situaci\u00f3n de discriminaci\u00f3n para registro de candidaturas.<\/p>\n\n\n\n<p>El Partido del Trabajo (PT) postul\u00f3 una f\u00f3rmula para una diputaci\u00f3n de representaci\u00f3n proporcional y una f\u00f3rmula para una regidur\u00eda de representaci\u00f3n proporcional de la Diversidad Sexual.<\/p>\n\n\n\n<p>Dentro del grupo de personas con discapacidad, el PT postul\u00f3 dos f\u00f3rmulas para regidur\u00edas de representaci\u00f3n proporcional y una f\u00f3rmula para diputaci\u00f3n de representaci\u00f3n proporcional.<\/p>\n\n\n\n<p>Para las diputaciones de representaci\u00f3n proporcional de cuota joven postul\u00f3 cuatro f\u00f3rmulas, por lo que s\u00ed cumpli\u00f3 con los lineamientos que estipulaban la inclusi\u00f3n de grupos en situaci\u00f3n de discriminaci\u00f3n para registro de candidaturas.<\/p>\n\n\n\n<p>El Partido Conciencia Popular (PCP) postul\u00f3 dos f\u00f3rmulas para regidur\u00edas de representaci\u00f3n proporcional y una f\u00f3rmula para diputaci\u00f3n de representaci\u00f3n proporcional de personas de la Diversidad Sexual.<\/p>\n\n\n\n<p>Dentro del grupo de personas con discapacidad, el PCP postul\u00f3 tres f\u00f3rmulas para regidur\u00edas de representaci\u00f3n proporcional y una f\u00f3rmula para diputaci\u00f3n de representaci\u00f3n proporcional.<\/p>\n\n\n\n<p>La cuota joven del PCP fue cubierta con una f\u00f3rmula para diputaci\u00f3n de representaci\u00f3n proporcional, por lo que s\u00ed cumpli\u00f3 con los lineamientos que estipulaban la inclusi\u00f3n de grupos en situaci\u00f3n de discriminaci\u00f3n para registro de candidaturas.<\/p>\n\n\n\n<p>El Partido Movimiento Ciudadano (PMC) postul\u00f3 una f\u00f3rmula para una diputaci\u00f3n de representaci\u00f3n proporcional y una f\u00f3rmula para una regidur\u00eda de representaci\u00f3n proporcional de la Diversidad Sexual.<\/p>\n\n\n\n<p>Dentro del grupo de personas con discapacidad, PMC postul\u00f3 dos f\u00f3rmulas para regidur\u00edas de representaci\u00f3n proporcional y una f\u00f3rmula para diputaci\u00f3n de representaci\u00f3n proporcional.<\/p>\n\n\n\n<p>La cuota joven de PMC fue cubierta con una f\u00f3rmula para diputaci\u00f3n de representaci\u00f3n proporcional, por lo que s\u00ed cumpli\u00f3 con los lineamientos que estipulaban la inclusi\u00f3n de grupos en situaci\u00f3n de discriminaci\u00f3n para registro de candidaturas.<\/p>\n\n\n\n<p>El Partido Morena postul\u00f3 tres f\u00f3rmulas para regidur\u00edas de representaci\u00f3n proporcional y una f\u00f3rmula para diputaci\u00f3n de representaci\u00f3n proporcional de personas de la Diversidad Sexual.<\/p>\n\n\n\n<p>Dentro del grupo de personas con discapacidad, Morena postul\u00f3 una persona para presidencia municipal, cuatro f\u00f3rmulas para regidur\u00edas de representaci\u00f3n proporcional y una f\u00f3rmula para una diputaci\u00f3n de representaci\u00f3n proporcional.<\/p>\n\n\n\n<p>La cuota de personas j\u00f3venes de Morena fue cubierta con una f\u00f3rmula para diputaci\u00f3n de representaci\u00f3n proporcional, por lo que s\u00ed cumpli\u00f3 con los lineamientos que estipulaban la inclusi\u00f3n de grupos en situaci\u00f3n de discriminaci\u00f3n para registro de candidaturas.<\/p>\n\n\n\n<p>El Partido Nueva Alianza San Luis Potos\u00ed (PANALSLP) postul\u00f3 cuatro f\u00f3rmulas para regidur\u00edas de representaci\u00f3n proporcional y una f\u00f3rmula para diputaci\u00f3n de representaci\u00f3n proporcional de personas de la Diversidad Sexual.<\/p>\n\n\n\n<p>Dentro del grupo de personas con discapacidad, PANASLP postul\u00f3 tres f\u00f3rmulas para regidur\u00edas de representaci\u00f3n proporcional y una f\u00f3rmula para una diputaci\u00f3n de representaci\u00f3n proporcional.<\/p>\n\n\n\n<p>La cuota de personas j\u00f3venes de PANASLP fue cubierta con una f\u00f3rmula para diputaci\u00f3n de representaci\u00f3n proporcional, por lo que s\u00ed cumpli\u00f3 con los lineamientos que estipulaban la inclusi\u00f3n de grupos en situaci\u00f3n de discriminaci\u00f3n para registro de candidaturas.<\/p>\n\n\n\n<p>El Partido Movimiento Laborista de San Luis Potos\u00ed (PMLSLP) postul\u00f3 una persona para presidencia municipal, tres f\u00f3rmulas para regidur\u00edas de representaci\u00f3n proporcional y una diputaci\u00f3n de representaci\u00f3n proporcional dentro del grupo de personas de la Diversidad Sexual.<\/p>\n\n\n\n<p>Dentro del grupo de personas con discapacidad, MLSLP postul\u00f3 tres f\u00f3rmulas para regidur\u00edas de representaci\u00f3n proporcional y una f\u00f3rmula para una diputaci\u00f3n de representaci\u00f3n proporcional.<\/p>\n\n\n\n<p>La cuota de personas j\u00f3venes de MLSLP fue cubierta con una f\u00f3rmula para diputaci\u00f3n de representaci\u00f3n proporcional, por lo que s\u00ed cumpli\u00f3 con los lineamientos que estipulaban la inclusi\u00f3n de grupos en situaci\u00f3n de discriminaci\u00f3n para registro de candidaturas.<\/p>\n\n\n\n<p>El Partido Encuentro Solidario San Luis Potos\u00ed (PESSLP) postul\u00f3 dos f\u00f3rmulas para regidur\u00edas de representaci\u00f3n proporcional y una f\u00f3rmula para diputaci\u00f3n de representaci\u00f3n proporcional de la Diversidad Sexual.<br>Dentro del grupo de personas con discapacidad, PESSLP postul\u00f3 dos f\u00f3rmulas para regidur\u00edas de representaci\u00f3n proporcional y una f\u00f3rmula para una diputaci\u00f3n de representaci\u00f3n proporcional.<\/p>\n\n\n\n<p>La cuota de personas j\u00f3venes de PESSLP fue cubierta con una f\u00f3rmula para diputaci\u00f3n de representaci\u00f3n proporcional, por lo que s\u00ed cumpli\u00f3 con los lineamientos que estipulaban la inclusi\u00f3n de grupos en situaci\u00f3n de discriminaci\u00f3n para registro de candidaturas.<\/p>\n\n\n\n<p>Es importante mencionar que para el caso de las personas que se posicionan como integrantes de la comunidad de la Diversidad Sexual, de acuerdo a los Lineamientos los partidos pol\u00edticos, coaliciones y\/o candidaturas independientes al momento de presentar las solicitudes de registro de candidaturas de personas de la diversidad sexual, deber\u00e1n as\u00ed tambi\u00e9n presentar escrito simple firmado por cada persona candidata, donde las mismas manifiesten, bajo protesta de decir verdad, su orientaci\u00f3n sexual, identidad y\/o expresi\u00f3n de g\u00e9nero con que se autoidentifican para el cumplimiento de la postulaci\u00f3n m\u00ednima obligatoria.<\/p>\n\n\n\n<p>El Consejero Juan Manuel Ram\u00edrez Garc\u00eda, reiter\u00f3 la solicitud de que se diera m\u00e1xima publicidad a estos proyectos, as\u00ed como a la dictaminaci\u00f3n sobre las candidaturas, por la trascendencia de este tema y lo que representa para los grupos en situaci\u00f3n de discriminaci\u00f3n, ya que ahora tienen la oportunidad de postular candidaturas y eventualmente puedan ocupar espacios de representaci\u00f3n en los \u00f3rganos de elecci\u00f3n popular.<\/p>\n\n\n\n<p>Respecto a la comunidad de la diversidad sexual y personas con discapacidad, cabe recordar que estas medidas afirmativas son de reciente incorporaci\u00f3n a la Ley Electoral Local, por lo que es la primera elecci\u00f3n en que se emiten Lineamientos para su aplicaci\u00f3n.<\/p>\n\n\n\n<p>A m\u00e1s tardar el 19 de abril se emitir\u00e1n los dict\u00e1menes de validaci\u00f3n de candidaturas realizados por los partidos pol\u00edticos, coaliciones y candidaturas independientes.<\/p>\n","protected":false},"excerpt":{"rendered":"<p>\u2022 Se dar\u00e1 m\u00e1xima publicidad dada su trascendencia.\u2022 Es la primera vez que se aplican a nivel local, medidas afirmativas para diversidad sexual y personas j\u00f3venes. Durante la Sesi\u00f3n Ordinaria del Consejo Estatal Electoral y de Participaci\u00f3n Ciudadana (CEEPAC) se aprobaron los acuerdos que se\u00f1alan &hellip; <\/p>\n","protected":false},"author":1,"featured_media":94726,"comment_status":"open","ping_status":"open","sticky":false,"template":"","format":"standard","meta":{"footnotes":""},"categories":[25,7,11,4,44,26,10,12,30,31,42,21,53,20,43,32],"tags":[],"class_list":["post-94725","post","type-post","status-publish","format-standard","has-post-thumbnail","hentry","category-aquismon","category-ciudad","category-estado","category-inicio","category-matehuala","category-matlapa","category-municipios","category-nacional","category-rioverde","category-sanluispotosi","category-soledad","category-tamasopo","category-tamazunchale","category-tamuin","category-villa-de-reyes","category-xilitla"],"_links":{"self":[{"href":"https:\/\/amanecerhuasteco.com\/portal\/wp-json\/wp\/v2\/posts\/94725","targetHints":{"allow":["GET"]}}],"collection":[{"href":"https:\/\/amanecerhuasteco.com\/portal\/wp-json\/wp\/v2\/posts"}],"about":[{"href":"https:\/\/amanecerhuasteco.com\/portal\/wp-json\/wp\/v2\/types\/post"}],"author":[{"embeddable":true,"href":"https:\/\/amanecerhuasteco.com\/portal\/wp-json\/wp\/v2\/users\/1"}],"replies":[{"embeddable":true,"href":"https:\/\/amanecerhuasteco.com\/portal\/wp-json\/wp\/v2\/comments?post=94725"}],"version-history":[{"count":1,"href":"https:\/\/amanecerhuasteco.com\/portal\/wp-json\/wp\/v2\/posts\/94725\/revisions"}],"predecessor-version":[{"id":94727,"href":"https:\/\/amanecerhuasteco.com\/portal\/wp-json\/wp\/v2\/posts\/94725\/revisions\/94727"}],"wp:featuredmedia":[{"embeddable":true,"href":"https:\/\/amanecerhuasteco.com\/portal\/wp-json\/wp\/v2\/media\/94726"}],"wp:attachment":[{"href":"https:\/\/amanecerhuasteco.com\/portal\/wp-json\/wp\/v2\/media?parent=94725"}],"wp:term":[{"taxonomy":"category","embeddable":true,"href":"https:\/\/amanecerhuasteco.com\/portal\/wp-json\/wp\/v2\/categories?post=94725"},{"taxonomy":"post_tag","embeddable":true,"href":"https:\/\/amanecerhuasteco.com\/portal\/wp-json\/wp\/v2\/tags?post=94725"}],"curies":[{"name":"wp","href":"https:\/\/api.w.org\/{rel}","templated":true}]}}