{"id":94763,"date":"2024-04-17T07:32:26","date_gmt":"2024-04-17T13:32:26","guid":{"rendered":"https:\/\/amanecerhuasteco.com\/portal\/?p=94763"},"modified":"2024-04-17T07:32:28","modified_gmt":"2024-04-17T13:32:28","slug":"xochitl-galvez-sera-la-proxima-presidenta-de-mexico-sara-rocha-medina","status":"publish","type":"post","link":"https:\/\/amanecerhuasteco.com\/portal\/xochitl-galvez-sera-la-proxima-presidenta-de-mexico-sara-rocha-medina\/","title":{"rendered":"X\u00f3chitl G\u00e1lvez ser\u00e1 la pr\u00f3xima presidenta de M\u00e9xico: Sara Rocha Medina"},"content":{"rendered":"\n<pre class=\"wp-block-code\"><code>                                                                                                <\/code><\/pre>\n\n\n\n<ul class=\"wp-block-list\">\n<li>As\u00ed lo confirman las \u00faltimas encuestas como el ITAM y Massive Caller.<\/li>\n\n\n\n<li>Mencion\u00f3 que este ejercicio, nos demuestra que con su buen desempe\u00f1o, X\u00f3chit G\u00e1lvez se est\u00e1 ganando la confianza de la ciudadan\u00eda.<\/li>\n<\/ul>\n\n\n\n<p>\u201cX\u00f3chitl G\u00e1lvez ser\u00e1 la pr\u00f3xima presidenta de M\u00e9xico y as\u00ed lo confirman las \u00faltimas encuestas como el ITAM y Massive Caller\u201d manifest\u00f3 la presidenta del Comit\u00e9 Directivo Estatal del Partido Revolucionario Institucional, Sara Rocha Medina, quien adem\u00e1s dijo que la tendencia de la candidata de la Coalici\u00f3n Fuerza y Coraz\u00f3n por M\u00e9xico es al alza.<\/p>\n\n\n\n<p>En Conferencia de Prensa mencion\u00f3 que este ejercicio, nos demuestra que con su buen desempe\u00f1o, X\u00f3chitl G\u00e1lvez se est\u00e1 ganando la confianza de la ciudadan\u00eda y se ha posicionado como la candidata con m\u00e1s empat\u00eda para obtener el voto de la gente.<\/p>\n\n\n\n<p>Tambi\u00e9n indic\u00f3 que la coalici\u00f3n est\u00e1 firme porque la prioridad es M\u00e9xico y los partidos que la integran ir\u00e1n unidos en el Congreso de la Uni\u00f3n y en los Congresos Estatales, \u201cporque nuestra alianza no terminar\u00e1 el 2 de junio\u201d. Agreg\u00f3 que en los municipios donde vamos las tres fuerzas pol\u00edticas una vez ganada la elecci\u00f3n seremos gobiernos de coalici\u00f3n porque as\u00ed lo est\u00e1 decidiendo la ciudadan\u00eda.<\/p>\n\n\n\n<p>Sara Rocha se\u00f1al\u00f3 que Morena y sus aliados propusieron robarles las Afores a los Adultos Mayores de 70 a\u00f1os. Sobre la iniciativa que pretende arrebatarles el recurso a trav\u00e9s de su nueva ocurrencia llamada &#8216;Fondo de Pensiones para el Bienestar&#8217;, dijo que el PRI votar\u00e1 en contra.<\/p>\n\n\n\n<p>Manifest\u00f3 que se defender\u00e1 con firmeza los derechos de los trabajadores y los adultos mayores, porque no se indica c\u00f3mo ser\u00eda el proceso de solicitud de la devoluci\u00f3n del dinero, ni los mecanismos dispuestos para ello. \u201cNo s\u00f3lo han atentado con la salud, la seguridad y la educaci\u00f3n ahora tambi\u00e9n van por las Afores\u201d.<\/p>\n","protected":false},"excerpt":{"rendered":"<p>\u201cX\u00f3chitl G\u00e1lvez ser\u00e1 la pr\u00f3xima presidenta de M\u00e9xico y as\u00ed lo confirman las \u00faltimas encuestas como el ITAM y Massive Caller\u201d manifest\u00f3 la presidenta del Comit\u00e9 Directivo Estatal del Partido Revolucionario Institucional, Sara Rocha Medina, quien adem\u00e1s dijo que la tendencia de la candidata de &hellip; <\/p>\n","protected":false},"author":1,"featured_media":94764,"comment_status":"open","ping_status":"open","sticky":false,"template":"","format":"standard","meta":{"footnotes":""},"categories":[25,7,11,4,44,12,30,31,42,21,53,20,43,32],"tags":[],"class_list":["post-94763","post","type-post","status-publish","format-standard","has-post-thumbnail","hentry","category-aquismon","category-ciudad","category-estado","category-inicio","category-matehuala","category-nacional","category-rioverde","category-sanluispotosi","category-soledad","category-tamasopo","category-tamazunchale","category-tamuin","category-villa-de-reyes","category-xilitla"],"_links":{"self":[{"href":"https:\/\/amanecerhuasteco.com\/portal\/wp-json\/wp\/v2\/posts\/94763","targetHints":{"allow":["GET"]}}],"collection":[{"href":"https:\/\/amanecerhuasteco.com\/portal\/wp-json\/wp\/v2\/posts"}],"about":[{"href":"https:\/\/amanecerhuasteco.com\/portal\/wp-json\/wp\/v2\/types\/post"}],"author":[{"embeddable":true,"href":"https:\/\/amanecerhuasteco.com\/portal\/wp-json\/wp\/v2\/users\/1"}],"replies":[{"embeddable":true,"href":"https:\/\/amanecerhuasteco.com\/portal\/wp-json\/wp\/v2\/comments?post=94763"}],"version-history":[{"count":1,"href":"https:\/\/amanecerhuasteco.com\/portal\/wp-json\/wp\/v2\/posts\/94763\/revisions"}],"predecessor-version":[{"id":94765,"href":"https:\/\/amanecerhuasteco.com\/portal\/wp-json\/wp\/v2\/posts\/94763\/revisions\/94765"}],"wp:featuredmedia":[{"embeddable":true,"href":"https:\/\/amanecerhuasteco.com\/portal\/wp-json\/wp\/v2\/media\/94764"}],"wp:attachment":[{"href":"https:\/\/amanecerhuasteco.com\/portal\/wp-json\/wp\/v2\/media?parent=94763"}],"wp:term":[{"taxonomy":"category","embeddable":true,"href":"https:\/\/amanecerhuasteco.com\/portal\/wp-json\/wp\/v2\/categories?post=94763"},{"taxonomy":"post_tag","embeddable":true,"href":"https:\/\/amanecerhuasteco.com\/portal\/wp-json\/wp\/v2\/tags?post=94763"}],"curies":[{"name":"wp","href":"https:\/\/api.w.org\/{rel}","templated":true}]}}