{"id":94791,"date":"2024-04-18T08:21:42","date_gmt":"2024-04-18T14:21:42","guid":{"rendered":"https:\/\/amanecerhuasteco.com\/portal\/?p=94791"},"modified":"2024-04-18T08:21:44","modified_gmt":"2024-04-18T14:21:44","slug":"analizan-proyectos-para-garantizar-agua-a-las-familias","status":"publish","type":"post","link":"https:\/\/amanecerhuasteco.com\/portal\/analizan-proyectos-para-garantizar-agua-a-las-familias\/","title":{"rendered":"Analizan proyectos para garantizar agua a las familias"},"content":{"rendered":"\n<p><br>\u2022\u00a0 \u00a0 \u00a0 \u00a0El Estado y la Federaci\u00f3n, analizan la factibilidad de proyectos en la Huasteca para atender la demanda, optimizar la gesti\u00f3n y asegurar la sostenibilidad del servicio<\/p>\n\n\n\n<p>Para garantizar el abasto de agua a las familias potosinas, el Poder Ejecutivo del Estado y el Gobierno Federal trabajan en la implementaci\u00f3n de proyectos enfocados a la Huasteca principalmente, para atender la demanda, optimizar la gesti\u00f3n y asegurar la sostenibilidad del servicio, inform\u00f3 la Secretar\u00eda General de Gobierno (SGG).<br>En una primera medida y en coordinaci\u00f3n con la Comisi\u00f3n Nacional del Agua (Conagua) se autoriz\u00f3 la perforaci\u00f3n de pozos en El Naranjo y Ciudad Valles, adem\u00e1s de que se resolvi\u00f3 la problem\u00e1tica con los afluentes de los r\u00edos que se cerraron para uso agr\u00edcola, lo que provoc\u00f3 que el agua no pudiera llegar a los hogares.<br>La dependencia explic\u00f3 que la inversi\u00f3n infraestructura hidr\u00e1ulica es importante para la actual administraci\u00f3n estatal, por lo que se contempla la construcci\u00f3n de la presa Pujal-Coy, cuya obra permitir\u00eda atender de manera integral el abastecimiento del agua y la capacidad de distribuci\u00f3n para cubrir a municipios huastecos y sus demandas de agua.<br>Esta informaci\u00f3n es p\u00fablica, ajena a cualquier inter\u00e9s particular o alg\u00fan partido pol\u00edtico.<\/p>\n","protected":false},"excerpt":{"rendered":"<p>\u2022\u00a0 \u00a0 \u00a0 \u00a0El Estado y la Federaci\u00f3n, analizan la factibilidad de proyectos en la Huasteca para atender la demanda, optimizar la gesti\u00f3n y asegurar la sostenibilidad del servicio Para garantizar el abasto de agua a las familias potosinas, el Poder Ejecutivo del Estado y &hellip; <\/p>\n","protected":false},"author":1,"featured_media":94792,"comment_status":"open","ping_status":"open","sticky":false,"template":"","format":"standard","meta":{"footnotes":""},"categories":[25,7,22,11,4,44,10,12,30,31,42,21,53,20,43,32],"tags":[],"class_list":["post-94791","post","type-post","status-publish","format-standard","has-post-thumbnail","hentry","category-aquismon","category-ciudad","category-ebano","category-estado","category-inicio","category-matehuala","category-municipios","category-nacional","category-rioverde","category-sanluispotosi","category-soledad","category-tamasopo","category-tamazunchale","category-tamuin","category-villa-de-reyes","category-xilitla"],"_links":{"self":[{"href":"https:\/\/amanecerhuasteco.com\/portal\/wp-json\/wp\/v2\/posts\/94791","targetHints":{"allow":["GET"]}}],"collection":[{"href":"https:\/\/amanecerhuasteco.com\/portal\/wp-json\/wp\/v2\/posts"}],"about":[{"href":"https:\/\/amanecerhuasteco.com\/portal\/wp-json\/wp\/v2\/types\/post"}],"author":[{"embeddable":true,"href":"https:\/\/amanecerhuasteco.com\/portal\/wp-json\/wp\/v2\/users\/1"}],"replies":[{"embeddable":true,"href":"https:\/\/amanecerhuasteco.com\/portal\/wp-json\/wp\/v2\/comments?post=94791"}],"version-history":[{"count":1,"href":"https:\/\/amanecerhuasteco.com\/portal\/wp-json\/wp\/v2\/posts\/94791\/revisions"}],"predecessor-version":[{"id":94793,"href":"https:\/\/amanecerhuasteco.com\/portal\/wp-json\/wp\/v2\/posts\/94791\/revisions\/94793"}],"wp:featuredmedia":[{"embeddable":true,"href":"https:\/\/amanecerhuasteco.com\/portal\/wp-json\/wp\/v2\/media\/94792"}],"wp:attachment":[{"href":"https:\/\/amanecerhuasteco.com\/portal\/wp-json\/wp\/v2\/media?parent=94791"}],"wp:term":[{"taxonomy":"category","embeddable":true,"href":"https:\/\/amanecerhuasteco.com\/portal\/wp-json\/wp\/v2\/categories?post=94791"},{"taxonomy":"post_tag","embeddable":true,"href":"https:\/\/amanecerhuasteco.com\/portal\/wp-json\/wp\/v2\/tags?post=94791"}],"curies":[{"name":"wp","href":"https:\/\/api.w.org\/{rel}","templated":true}]}}