{"id":94932,"date":"2024-04-22T06:46:40","date_gmt":"2024-04-22T12:46:40","guid":{"rendered":"https:\/\/amanecerhuasteco.com\/portal\/?p=94932"},"modified":"2024-04-22T06:46:42","modified_gmt":"2024-04-22T12:46:42","slug":"celebraran-el-dia-internacional-del-libro-en-el-cossio","status":"publish","type":"post","link":"https:\/\/amanecerhuasteco.com\/portal\/celebraran-el-dia-internacional-del-libro-en-el-cossio\/","title":{"rendered":"Celebrar\u00e1n el d\u00eda internacional del libro en el Coss\u00edo"},"content":{"rendered":"\n<p><br>\u2022\u00a0 \u00a0 \u00a0 \u00a0Entre las actividades se contempla la venta de libros, exposici\u00f3n, charlas y conversatorios.<\/p>\n\n\n\n<p>El Poder Ejecutivo del Estado de San Luis Potos\u00ed, a trav\u00e9s de la Secretar\u00eda de Cultura, en el marco del D\u00eda Internacional del libro, invita a las actividades que se realizar\u00e1n en el Museo Francisco Coss\u00edo el d\u00eda 23 de abril en un horario de 10:00 a 20:00 horas, con entrada libre.<br>Con el objetivo de celebrar y conmemorar este d\u00eda, el Museo Francisco Coss\u00edo tendr\u00e1 en exhibici\u00f3n la exposici\u00f3n \u201cTestigos silenciosos que enarbolan el presente cultural de una sociedad\u201d que se podr\u00e1 visitar a partir de las 12:00 horas, adem\u00e1s durante el horario de visita al museo podr\u00e1 ser parte del \u201cTianquiztli\u201d un espacio para la venta de libros.<br>En el evento tambi\u00e9n se realizar\u00e1 el conversatorio sobre la obra literaria del padre Joaqu\u00edn Antonio Pe\u00f1alosa, con la participaci\u00f3n de Charo Pacheco, Cinthia Hern\u00e1ndez, Jordi Vilet, Luis L\u00f3pez Pal\u00e1u, Mar\u00eda Luisa Alvarado, Martha Carrillo y Pablo Alderete a las 18:00 h, y para terminar, a las 19:00 h, David Ortiz Celestino, impartir\u00e1 la charla \u201cObra humor\u00edstica de Joaqu\u00edn Antonio Pe\u00f1alosa\u201d.<br>Esta informaci\u00f3n es p\u00fablica, ajena a cualquier inter\u00e9s particular o alg\u00fan partido pol\u00edtico.<\/p>\n","protected":false},"excerpt":{"rendered":"<p>\u2022\u00a0 \u00a0 \u00a0 \u00a0Entre las actividades se contempla la venta de libros, exposici\u00f3n, charlas y conversatorios. El Poder Ejecutivo del Estado de San Luis Potos\u00ed, a trav\u00e9s de la Secretar\u00eda de Cultura, en el marco del D\u00eda Internacional del libro, invita a las actividades que &hellip; <\/p>\n","protected":false},"author":1,"featured_media":94933,"comment_status":"open","ping_status":"open","sticky":false,"template":"","format":"standard","meta":{"footnotes":""},"categories":[13,25,7,22,11,15,55,16,4,44,26,10,19,30,31,42,21,53,20,43,32],"tags":[],"class_list":["post-94932","post","type-post","status-publish","format-standard","has-post-thumbnail","hentry","category-agropecuaria","category-aquismon","category-ciudad","category-ebano","category-estado","category-ganaderos","category-guadalcazar","category-ingenios","category-inicio","category-matehuala","category-matlapa","category-municipios","category-policia","category-rioverde","category-sanluispotosi","category-soledad","category-tamasopo","category-tamazunchale","category-tamuin","category-villa-de-reyes","category-xilitla"],"_links":{"self":[{"href":"https:\/\/amanecerhuasteco.com\/portal\/wp-json\/wp\/v2\/posts\/94932","targetHints":{"allow":["GET"]}}],"collection":[{"href":"https:\/\/amanecerhuasteco.com\/portal\/wp-json\/wp\/v2\/posts"}],"about":[{"href":"https:\/\/amanecerhuasteco.com\/portal\/wp-json\/wp\/v2\/types\/post"}],"author":[{"embeddable":true,"href":"https:\/\/amanecerhuasteco.com\/portal\/wp-json\/wp\/v2\/users\/1"}],"replies":[{"embeddable":true,"href":"https:\/\/amanecerhuasteco.com\/portal\/wp-json\/wp\/v2\/comments?post=94932"}],"version-history":[{"count":1,"href":"https:\/\/amanecerhuasteco.com\/portal\/wp-json\/wp\/v2\/posts\/94932\/revisions"}],"predecessor-version":[{"id":94934,"href":"https:\/\/amanecerhuasteco.com\/portal\/wp-json\/wp\/v2\/posts\/94932\/revisions\/94934"}],"wp:featuredmedia":[{"embeddable":true,"href":"https:\/\/amanecerhuasteco.com\/portal\/wp-json\/wp\/v2\/media\/94933"}],"wp:attachment":[{"href":"https:\/\/amanecerhuasteco.com\/portal\/wp-json\/wp\/v2\/media?parent=94932"}],"wp:term":[{"taxonomy":"category","embeddable":true,"href":"https:\/\/amanecerhuasteco.com\/portal\/wp-json\/wp\/v2\/categories?post=94932"},{"taxonomy":"post_tag","embeddable":true,"href":"https:\/\/amanecerhuasteco.com\/portal\/wp-json\/wp\/v2\/tags?post=94932"}],"curies":[{"name":"wp","href":"https:\/\/api.w.org\/{rel}","templated":true}]}}