{"id":95170,"date":"2024-04-29T08:24:52","date_gmt":"2024-04-29T14:24:52","guid":{"rendered":"https:\/\/amanecerhuasteco.com\/portal\/?p=95170"},"modified":"2024-04-29T08:24:54","modified_gmt":"2024-04-29T14:24:54","slug":"entre-columnas-609","status":"publish","type":"post","link":"https:\/\/amanecerhuasteco.com\/portal\/entre-columnas-609\/","title":{"rendered":"ENTRE COLUMNAS"},"content":{"rendered":"\n<p><strong>SOLO CANDIDATOS DEL PUEBLO LLENAN LA ICONICA AV. HIDALGO DE&nbsp; CIUDAD VALLES.<\/strong><\/p>\n\n\n\n<p><strong>Hist\u00f3rico lleno en la calle Hidalgo en apoyo a Claudia Sheinbaum; \u201cser\u00e1 nuestra pr\u00f3xima presidenta\u201d: David Medina<\/strong><\/p>\n\n\n\n<p><strong>&nbsp; <\/strong><strong>Es la tercera ocasi\u00f3n que un pol\u00edtico llena&nbsp; literalmente&nbsp; la ic\u00f3nica&nbsp; venida&nbsp; Hidalgo de&nbsp; esta&nbsp; Metr\u00f3poli Huasteca; dos&nbsp; hombres&nbsp; antes&nbsp; y ahora una mujer, el m\u00e1s&nbsp; reciente fue&nbsp; AMLO el pueblo Huasteco se volc\u00f3 a manifestar su simpat\u00eda a quien&nbsp; despu\u00e9s&nbsp; refrendaron con el voto&nbsp; en las urnas electorales&nbsp; el a\u00f1o 2018, ahora&nbsp; todo indica&nbsp; que la historia se repetir\u00e1&nbsp; con la candidata a la Presidencia de M\u00e9xico por la coalici\u00f3n \u201cSigamos Haciendo Historia\u201d, Claudia&nbsp; Sheinbaum, quien visit\u00f3&nbsp; esta&nbsp; urbe&nbsp; el pasado martes&nbsp; la tarde noche y al siguiente da&nbsp; continuar por La Sultana Huasteca.<\/strong><strong><\/strong><\/p>\n\n\n\n<p><strong>Claudia Sheinbaum Pardo, la candidata a la Presidencia de M\u00e9xico por la coalici\u00f3n \u201cSigamos Haciendo Historia\u201d, &nbsp;fue recibida por miles&nbsp;de Huastecos &nbsp;provenientes de toda la regi\u00f3n Huasteca Potosina NORTE.&nbsp;&nbsp; El evento, que tuvo lugar en la emblem\u00e1tica Avenida &nbsp;Hidalgo, se convirti\u00f3 en el epicentro de un encuentro hist\u00f3rico, semejante&nbsp;&nbsp; al mitin del PDM con su candidato el malogrado Ingeniero Xavier&nbsp; Salvador&nbsp; L\u00f3pez&nbsp; C\u00e1rdenas, despu\u00e9s otro &nbsp;&nbsp;hito en la historia pol\u00edtica de Ciudad Valles, recordando la visita del actual Presidente de M\u00e9xico, Andr\u00e9s Manuel L\u00f3pez Obrador, quien sent\u00f3 las bases para una nueva era de cambio y transformaci\u00f3n en el pa\u00eds.<\/strong><\/p>\n\n\n\n<p><strong>Acompa\u00f1ando a Sheinbaum estuvieron la candidata al Senado por el Partido Verde, Ruth Gonz\u00e1lez Silva, y el candidato a la Presidencia Municipal de Ciudad Valles, David Armando Medina Salazar, as\u00ed como dem\u00e1s candidatos de los partidos Verde, del Trabajo y Morena.<\/strong><\/p>\n\n\n\n<p><strong><u>SUPER CARRETERA DE&nbsp; CUATRO CARRILES DE&nbsp; VALLES A TAMPICO PROMETE CLAUDIA.<\/u><\/strong><\/p>\n\n\n\n<p><strong>&#8211; Tambi\u00e9n continuar\u00e1 la s\u00faper&nbsp; carretera&nbsp; DE&nbsp; Tamazunchale&nbsp;&nbsp; a&nbsp; Huejutla y terminar\u00e1&nbsp; nuevo aeropuerto de Las Huastecas.<\/strong><\/p>\n\n\n\n<p><strong>Si el voto&nbsp; favorece&nbsp; a&nbsp; Claudia Sheinbaum el 2&nbsp; de junio pr\u00f3ximo, la&nbsp; Huasteca recibir\u00e1&nbsp; dos&nbsp; importantes&nbsp; obras&nbsp; esperadas&nbsp; por m\u00e1s de cien a\u00f1os, la&nbsp; ampliaci\u00f3n y reconstrucci\u00f3n de la carretera 110&nbsp; o sea&nbsp; la Valles Tampico&nbsp; que&nbsp; actualmente est\u00e1 en condiciones intransitables, esta&nbsp; ser\u00e1&nbsp; una realidad&nbsp; y&nbsp; tambi\u00e9n continuar\u00e1 la super&nbsp; carretera&nbsp; de Tamazunchale&nbsp; Huejutla&nbsp; acercando&nbsp; a la capital de la rep\u00fablica a tan solo unas horas&nbsp; la&nbsp; vialidad terrestre.<\/strong><\/p>\n\n\n\n<p><strong>Este es&nbsp; parte del mensaje que la visitante pronunci\u00f3 en&nbsp; Ciudad Valles exclam\u00f3 &nbsp;\u201cestoy muy emocionada por este hermoso recibimiento aqu\u00ed en Ciudad Valles. Quiero mucho este lugar por su belleza natural \u00fanica en el pa\u00eds, y hoy vengo a comprometerme con ustedes en esta calle hist\u00f3rica donde hace casi 6 a\u00f1os estuvo el presidente L\u00f3pez Obrador, vengo a decirles que vamos a ganar el 2 de junio y no les voy a fallar.<\/strong><\/p>\n\n\n\n<p><strong>&nbsp;No va a regresar la corrupci\u00f3n, vamos a seguir trabajando juntas y juntos para seguir avanzando con la transformaci\u00f3n <\/strong><strong><\/strong><\/p>\n\n\n\n<p><strong>Nos une el amor al pueblo y el anhelo de un M\u00e9xico con Justicia: Sheinbaum<\/strong><\/p>\n\n\n\n<p><strong>A MORENA, PT Y PVEM NOS UNE EL AMOR AL PUEBLO Y EL ANHELO DE UN M\u00c9XICO CON JUSTICIA: CLAUDIA SHEINBAUM LLAMA A LA UNIDAD DENTRO DE LA 4T EN TAMAZUNCHALE, SAN LUIS POTOS\u00cd<\/strong><\/p>\n\n\n\n<ul class=\"wp-block-list\">\n<li><strong>\u2018\u2019Somos parte del mismo proyecto, somos el mismo equipo\u2019\u2019, puntualiz\u00f3 Claudia Sheinbaum al asegurar que Morena, el PT y el PVEM representan a la 4T<\/strong><\/li>\n\n\n\n<li><strong>En su mensaje, Claudia Sheinbaum destac\u00f3 las obras que le dar\u00e1n continuidad a la 4T en la regi\u00f3n como la ampliaci\u00f3n de la carretera de Tamazunchale para dirigirla a Huejutla<\/strong><\/li>\n\n\n\n<li><strong>Durante su encuentro con las y los potosinos, Claudia Sheinbaum recibi\u00f3 el bast\u00f3n de mando de manos de los pueblos originarios de Tamazunchale como una muestra de su respaldo rumbo al 2 de junio<\/strong><\/li>\n<\/ul>\n\n\n\n<p><strong>Tamazunchale, San Luis Potos\u00ed a 24 de abril de 2024.- Seguir luchando por la transformaci\u00f3n y brindarle justicia al pueblo de M\u00e9xico es el objetivo de los partidos pol\u00edticos que conforman la 4T, as\u00ed lo destac\u00f3 Claudia Sheinbaum Pardo, candidata a la Presidencia de M\u00e9xico por la Coalici\u00f3n \u201cSigamos Haciendo Historia\u201d (Morena-PT-PVEM), en Tamazunchale, San Luis Potos\u00ed, donde hizo un llamado a defender en equipo la continuidad del movimiento transformador.<\/strong><\/p>\n\n\n\n<p><strong>\u2019\u2019Somos tres partidos de nuestro movimiento, que estamos juntos, \u00bfqu\u00e9 nos une, al Partido Verde, al Partido del Trabajo y a Morena?, \u00bfqu\u00e9 nos une? El pueblo, nos une el amor al pueblo, nos une el deseo, el anhelo de un M\u00e9xico con justicia (\u2026) Nos une el anhelo de m\u00e1s democracia en el pa\u00eds; el anhelo de justicia social; el anhelo de un sistema de justica; el anhelo de paz; el anhelo de que todas las familias mexicanas, todas, no importa donde se encuentren, en el norte, en el sur, en la Huasteca, en el Golfo, en el Pac\u00edfico, vivan felices, ese es nuestro anhelo, nuestra convicci\u00f3n y por eso luchamos contra un sistema que dej\u00f3 a M\u00e9xico en la pobreza, en la profunda desigualdad, un sistema que estuvo basado en el fraude electoral como forma de imposici\u00f3n de sus gobernantes\u2019\u2019, manifest\u00f3.Al respecto, asegur\u00f3 que el compromiso es que al llegar a la Presidencia el objetivo siempre ser\u00e1 buscar que los mexicanos y mexicanas tengan acceso a una vida digna, de libertades y de derechos<\/strong><\/p>\n\n\n\n<p><strong>\u2019\u2019Yo no voy a llegar a la Presidencia de la Rep\u00fablica sola, yo llego con el pueblo, y voy a gobernar del pueblo y para el pueblo de M\u00e9xico (\u2026) Pertenecemos al pueblo de M\u00e9xico, nos debemos al pueblo de M\u00e9xico\u2019\u2019, agreg\u00f3.<\/strong><\/p>\n\n\n\n<p><strong>Por lo anterior, Claudia Sheinbaum reiter\u00f3 su convocatoria a que este 2 de junio la unidad sea lo que le d\u00e9 la victoria a la 4T a trav\u00e9s del arma m\u00e1s poderosa del pueblo, el voto, el cual fue lo que derrumb\u00f3 al neoliberalismo en el 2018.<\/strong><\/p>\n\n\n\n<p><strong>\u201dLa gente ya no quiso vender su voluntad, ya no quiso cambiar su voto, su futuro, su dignidad, por una bolsa de frijol o de ma\u00edz con gorgojo, ya no quiso m\u00e1s que decidir su futuro a trav\u00e9s de algo tan valioso como el voto (\u2026) Una boleta es el arma del pueblo, es el arma pac\u00edfica del pueblo, donde el pueblo decide\u2019\u2019, puntualiz\u00f3.&nbsp; Frente al pueblo de M\u00e9xico, Claudia Sheinbaum destac\u00f3 que la continuidad de la 4T en Tamazunchale se traduce en garantizar el abasto de medicinas con las Farmacias del Bienestar; as\u00ed como en la construcci\u00f3n de m\u00e1s sedes de la Universidad de la Salud, \u2013 la cual se cre\u00f3 en su tiempo como Jefa de Gobierno \u2013, planes para la regularizaci\u00f3n y construcci\u00f3n de viviendas, pero particularmente la ampliaci\u00f3n a Huejutla de la carretera que inaugurar\u00e1 el Presidente Andr\u00e9s Manuel L\u00f3pez Obrador en la regi\u00f3n.<\/strong><\/p>\n\n\n\n<p><strong>Por otra parte, tras recibir el bast\u00f3n de mando de las comunidades de Tamazunchale, cuyo nombre significa \u2018\u2019Lugar de la mujer gobernante\u2019\u2019, Claudia Sheinbaum destac\u00f3 que su llegada a la Presidencia significa un gran avance en materia de igualdad y destac\u00f3 que ser\u00e1 el resultado de la lucha hist\u00f3rica de mujeres, ni\u00f1as y j\u00f3venes de todo el pa\u00eds.<\/strong><\/p>\n\n\n\n<p><strong>En su encuentro con el pueblo de San Luis Potos\u00ed, Aurelio Mart\u00ednez, representante de los pueblos originarios de Tamazunchale, asegur\u00f3 que hoy, gracias a la 4T, las comunidades de la regi\u00f3n se han visto beneficiados, desde los productores del campo, las escuelas; las mujeres; los ni\u00f1os y ni\u00f1as, por lo que asever\u00f3 que con Claudia Sheinbaum la continuidad significa bienestar para todos y todas.<\/strong><\/p>\n\n\n\n<p><strong>\u2019\u2019Hoy no queda duda de que una vez m\u00e1s en la Presidencia de la Rep\u00fablica volveremos a triunfar con la doctora Claudia Sheinbaum. A nombre de las comunidades de Tamazunchale, le damos el total respaldo para que el d\u00eda 2 de junio usted sea nuestra pr\u00f3xima presidenta, no tenemos duda de que con llegada de usted seguir\u00e1n los programas\u2018\u2019, asever\u00f3.<\/strong><\/p>\n\n\n\n<p><strong>Por su parte, Ruth Miriam Gonz\u00e1lez Silva, Candidata al Senado de la Rep\u00fablica del Partido Verde Ecologista reconoci\u00f3 el apoyo que el pueblo de Tamazunchale y de todo San Luis Potos\u00ed le da a la 4T y a Claudia Sheinbaum.<\/strong><\/p>\n\n\n\n<p><strong>\u2019\u2019Tienes el apoyo de miles de familias que te reconocen, que conf\u00edan en ti y que saben de tu empat\u00eda hacia las causas m\u00e1s justas\u2019\u2019, puntualiz\u00f3.<\/strong><\/p>\n\n\n\n<p><strong>Finalmente, reiterando el llamado a la unidad, Rita Ozalia Rodr\u00edguez Vel\u00e1zquez, Candidata al Senado de la Rep\u00fablica de Morena, destac\u00f3 que: \u2019\u2019La doctora no es Verde, no es Morena, ni es PT, es multicolor\u2019\u2019.<\/strong><\/p>\n\n\n\n<p><strong>Al encuentro tambi\u00e9n asistieron, Ignacio Segura Morquecho, Candidato al Senado de la Rep\u00fablica de Morena; Gilberto Hern\u00e1ndez Villafuerte, Candidato al Senado de la Rep\u00fablica del Partido Verde Ecologista; Ren\u00e9 Oyarvide Ibarra, Candidato al Senado de la Rep\u00fablica del Partido del Trabajo y Mar\u00eda Teresa Mendoza, Candidata al Senado de la Rep\u00fablica del Partido del Trabajo.<\/strong><\/p>\n\n\n\n<p><strong>+++++++++++++&nbsp;&nbsp; <\/strong><strong><\/strong><\/p>\n\n\n\n<figure class=\"wp-block-image size-large\"><img decoding=\"async\" width=\"582\" height=\"1024\" src=\"https:\/\/amanecerhuasteco.com\/portal\/wp-content\/uploads\/2024\/03\/WhatsApp-Image-2024-02-25-at-7.17.56-PM-1-582x1024.jpeg\" alt=\"\" class=\"wp-image-93548\" srcset=\"https:\/\/amanecerhuasteco.com\/portal\/wp-content\/uploads\/2024\/03\/WhatsApp-Image-2024-02-25-at-7.17.56-PM-1-582x1024.jpeg 582w, https:\/\/amanecerhuasteco.com\/portal\/wp-content\/uploads\/2024\/03\/WhatsApp-Image-2024-02-25-at-7.17.56-PM-1-171x300.jpeg 171w, https:\/\/amanecerhuasteco.com\/portal\/wp-content\/uploads\/2024\/03\/WhatsApp-Image-2024-02-25-at-7.17.56-PM-1.jpeg 739w\" sizes=\"(max-width: 582px) 100vw, 582px\" \/><\/figure>\n\n\n\n<p><strong>PR\u00c9STAMOS\u2026.<\/strong><strong><\/strong><\/p>\n\n\n\n<p><strong>&nbsp;de&nbsp; dinero inmediatos a pensionados<\/strong><\/p>\n\n\n\n<p><strong>&nbsp; CFE, ISSSTE.FFCC, SCT, PEMEX,&nbsp;<\/strong><\/p>\n\n\n\n<p><strong>ACTIVOS Y JUBILADOS&nbsp; IMSS <\/strong><strong><\/strong><\/p>\n\n\n\n<p><strong>SIN AFECTAR TARJETON.<\/strong><strong><\/strong><\/p>\n\n\n\n<p><strong>Ll\u00e1menos las 24 hrs del d\u00eda<\/strong><\/p>\n\n\n\n<p><strong>LLAMENOS 4811039565<\/strong><\/p>\n\n\n\n<p><strong>CREDITO INMEDIATO<\/strong><\/p>\n\n\n\n<p><strong>+++++++++++++<\/strong><\/p>\n\n\n\n<p><strong>Ca\u00f1eros, en la mira de CONAGUA por riegos clandestinos<\/strong><\/p>\n\n\n\n<p><strong>REINCIDEN CA\u00d1EROS, AUTORIDAD MUNICIPAL TURNO LISTA DE INFRACTORES A CONAGUA.<\/strong><\/p>\n\n\n\n<p><strong>Productores de&nbsp; ca\u00f1a que no acataron el exhorto de prohibici\u00f3n de&nbsp; extraer agua del R\u00edo Valles&nbsp; para riego&nbsp; sin control de sus plantaciones&nbsp;&nbsp; que fueron sorprendidos por personal habilitado del gobierno municipal de Valles pese&nbsp; a las&nbsp; condiciones cr\u00edticas&nbsp;&nbsp; que motivaron que&nbsp; el afluente se secara y la poblaci\u00f3n dejara de&nbsp; abastecerse del vital l\u00edquido por una semana, sus&nbsp; nombres&nbsp; ser\u00e1n turnados a la Conagua&nbsp; para&nbsp; que&nbsp; esta&nbsp; autoridad determine&nbsp; las sanciones por el atentado \u201ccriminal&nbsp; a la naturaleza.<\/strong><\/p>\n\n\n\n<p><strong>&nbsp;<\/strong><strong>El presidente municipal interino Jes\u00fas Guadalupe Gonz\u00e1lez Vargas, (que en pocos d\u00edas ha demostrado&nbsp; m\u00e1s trabajo por el asunto del Rio Valles dijo que contin\u00faa la vigilancia&nbsp; establecida por CONAGUA las 24 horas, para darle seguimientos a la suspensi\u00f3n de riegos agr\u00edcolas, parando&nbsp; en seco a los&nbsp; HUACHICOLEROS DEL AGUA , denuncia&nbsp; que&nbsp; al decir de la misma autoridad&nbsp; podr\u00eda ser m\u00e1s severa&nbsp; para&nbsp; quienes&nbsp; desviaron el r\u00edo&nbsp; en la regi\u00f3n de El Naranjo.<\/strong><\/p>\n\n\n\n<p><strong>Ahora corresponde a CONAGUA &nbsp;dar seguimiento a trav\u00e9s del comit\u00e9 de &nbsp;Cuenca del r\u00edo Valles- para &nbsp;evitar se&nbsp; repita&nbsp; una situaci\u00f3n semejante&nbsp; a futuro porque&nbsp; ha trascendido que un grupo de abogados capitalinos han ofrecido sus servicios profesionales &nbsp;para amparar a los ca\u00f1eros&nbsp; con sistema de riego&nbsp;&nbsp;&nbsp; y seguir extrayendo agua del r\u00edo&nbsp; sin control alguno, aunque&nbsp;&nbsp; existe&nbsp; tambi\u00e9n la opini\u00f3n que&nbsp; despu\u00e9s&nbsp;&nbsp; que se recupere el afluente&nbsp; podr\u00edan&nbsp; seguir con su irrigaci\u00f3n de plantaciones de ca\u00f1a.<\/strong><\/p>\n\n\n\n<p><strong>++++++++++++++<\/strong><strong><\/strong><\/p>\n\n\n\n<p><strong>QFB&nbsp; FABIOLA GARCIA ALVAREZ<\/strong><strong><\/strong><\/p>\n\n\n\n<p><strong>Perito dictaminador en an\u00e1lisis bacteriol\u00f3gico de agua<\/strong><\/p>\n\n\n\n<p><strong>Y alimentos con n\u00famero GES-PD 0705<\/strong><\/p>\n\n\n\n<p><strong>Perito dictaminador en&nbsp; estupefacientes GES-PD0523<\/strong><\/p>\n\n\n\n<p><strong>Maestr\u00eda&nbsp; en an\u00e1lisis cl\u00ednicos 1301 \u2013 368068<\/strong><\/p>\n\n\n\n<p><strong>Ced&nbsp; prof&nbsp; 8664204&nbsp;&nbsp; Tel. 38 1 66 64<\/strong><\/p>\n\n\n\n<p><strong>Asesor\u00eda,&nbsp; auditor\u00eda&nbsp; y gesti\u00f3n ambiental.<\/strong><\/p>\n\n\n\n<p><strong>G. Victoria No. 8&nbsp; zona centro Cd Valles SLP.<\/strong><\/p>\n\n\n\n<p><strong>+++++<\/strong><strong> <\/strong><strong><\/strong><\/p>\n\n\n\n<p><strong>CARROCERIAS&nbsp; BUSTOS<\/strong><strong><\/strong><\/p>\n\n\n\n<p><strong>Reforma y Lerdo de tejada Col. Altavista.<\/strong><\/p>\n\n\n\n<p><strong>Cd Valles SLP&nbsp; Tel. 3824777.<\/strong><\/p>\n\n\n\n<p><strong>En carrocer\u00edas para camiones y camionetas nadie nos compite.<\/strong><\/p>\n\n\n\n<p><strong>+++++++<\/strong><\/p>\n\n\n\n<p><strong>BAJA&nbsp; PRODUCCION DE AZUCAR TENDRA MEXICO ESTE CICLO.<\/strong><\/p>\n\n\n\n<p><strong>La producci\u00f3n de az\u00facar en el Pa\u00eds se reducir\u00e1 un 13% para la temporada de zafra que&nbsp; est\u00e1 por concluir su ciclo 2023-2024, como consecuencia de la sequ\u00eda, en consecuencia&nbsp; las&nbsp;importaciones se&nbsp; disparar\u00e1n&nbsp; De acuerdo con un an\u00e1lisis de Grupo Consultor de Mercados Agr\u00edcolas (GCMA), en el acumulado de noviembre,&nbsp;cuando comenz\u00f3 la temporada&nbsp;de este a\u00f1o, a la fecha, la producci\u00f3n de zafra se redujo 12.8 por ciento anual.<\/strong><\/p>\n\n\n\n<p><strong>As\u00ed,&nbsp;la producci\u00f3n de az\u00facar en el Pa\u00eds ser\u00eda de 4.5 millones de toneladas, respecto a las 4.7 millones&nbsp;estimadas antes del inicio de la temporada de zafra de este a\u00f1o, seg\u00fan an\u00e1lisis del Grupo Consultor&nbsp; de mercados agr\u00edcolas &nbsp;con lo que la producci\u00f3n anual ser\u00e1 12.8 por ciento menor a la registrada el a\u00f1o pasado.&nbsp;<\/strong><strong><\/strong><\/p>\n\n\n\n<p><strong>De acuerdo con el an\u00e1lisis de la consultora, el problema no s\u00f3lo es que la producci\u00f3n azucarera nacional se reduzca, tambi\u00e9n que a nivel mundial los precios del insumo mantengan una tendencia a la baja, lo cual incidir\u00e1 en una mayor importaci\u00f3n.<\/strong><strong><\/strong><\/p>\n\n\n\n<p><strong>Las importaciones, a\u00f1adi\u00f3, subir\u00e1n 143.9 por ciento respecto a las 266.5 miles de toneladas importadas el ciclo pasado.&nbsp;<\/strong><strong><\/strong><\/p>\n\n\n\n<p><strong>Cabe destacar que pese a la reducci\u00f3n de los precios globales y una mayor compra de producto for\u00e1neo, los consumidores finales siguen pagando un precio 13.15 por ciento mayor al del a\u00f1o pasado.<\/strong><strong><\/strong><\/p>\n\n\n\n<p><strong>++++++++++++++<\/strong><\/p>\n\n\n\n<p><strong>\u201cFINCA&nbsp; SAN ISIDRO\u201d <\/strong><strong><\/strong><\/p>\n\n\n\n<p><strong>Sal\u00f3n para fiestas de todo tipo.<\/strong><\/p>\n\n\n\n<p><strong>Carretera Valles \u2013 R\u00edo Verde Km. 8<\/strong><\/p>\n\n\n\n<p><strong>Contrataciones al Tel. 01 481 179 09<\/strong><\/p>\n\n\n\n<p><strong>Cd. Valles SL P M\u00e9xico.<\/strong><\/p>\n\n\n\n<p><strong>+++++++++++++<\/strong><\/p>\n\n\n\n<p><strong>CRISIS&nbsp; DEL AGUA&nbsp; PERSISTE MIENTRAS&nbsp; AUTORIDADES MUNICIPALES, DAPAS Y CONAGUA SON OMISAS.<\/strong><\/p>\n\n\n\n<p><strong>Comprobado&nbsp; que el saqueo irracional del&nbsp; agua del r\u00edo Valles&nbsp; por parte de&nbsp; los ingenios azucareros y los productores ca\u00f1eros&nbsp; que&nbsp; poseen potentes sistemas de riego de sus plantaciones, son los autores&nbsp; que&nbsp; el afluente se haya secado al grado de dejar varios d\u00edas sin agua a la poblaci\u00f3n, oficialmente&nbsp;&nbsp; N A D A&nbsp;&nbsp; PARA PONER&nbsp; ORDEN Y EVITAR&nbsp; otra situaci\u00f3n semejante en el futuro, salvo que&nbsp; solicitaron a los agricultores&nbsp; suspender los riegos, pero estos trascendi\u00f3 que tramitan sendos&nbsp; amparos de la CORTEE para&nbsp; continuar utilizando el agua del r\u00edo Valles para&nbsp; riego de sus ca\u00f1averales.<\/strong><\/p>\n\n\n\n<p><strong>&nbsp;El organismo (CNA) evade su responsabilidad y niega tener&nbsp; facultad para convocar al Consejo de Cuenca y Consultivo ante el desabasto de agua del r\u00edo Valles, <\/strong><strong>&nbsp;postura&nbsp; que&nbsp; los&nbsp; usuarios&nbsp; y&nbsp; ciudadan\u00eda en general provoca enojo y hartazgo.&nbsp; Incluso el p\u00e1nico al&nbsp; recurrir a compras de&nbsp; agua&nbsp; de botell\u00f3n \u201cal precio que fuera\u201d pero tambi\u00e9n&nbsp; la producci\u00f3n fue insuficiente, kil\u00f3metros&nbsp; de&nbsp; veh\u00edculos&nbsp; en espera de&nbsp; entrar al \u00fanico expendio&nbsp; p\u00fablico y&nbsp; tiendas&nbsp; de autoservicio que&nbsp; agotaron sus existencias&nbsp; en poco tiempo, algo nunca&nbsp; visto por los Vallenses.<\/strong><\/p>\n\n\n\n<p><strong>El reclamo y exigencia fue a las autoridades que&nbsp; andan m\u00e1s&nbsp; preocupadas por la pol\u00edtica&nbsp; que en cumplir sus funciones.<\/strong><\/p>\n\n\n\n<p><strong>Aunque&nbsp; ha pasaron m\u00e1s de una semana, es necesario recordar&nbsp; que&nbsp;&nbsp; la Dapas&nbsp;&nbsp; responsable del suministro de agua a la poblaci\u00f3n, como lo es en a capital el Interapas,&nbsp; en Valles&nbsp; s\u00ed ten\u00eda agua en la planta potabilizadora&nbsp; pero no la enviaba&nbsp; a la red&nbsp; y cobraba&nbsp; a quienes acud\u00edan a&nbsp; surtir&nbsp; sus bridones o tanques, todo lo contrario en la capital, llevaron hasta sus domicilios&nbsp; a los&nbsp; afectados.<\/strong><\/p>\n\n\n\n<p><strong>&nbsp;Si el par\u00f3 el bombeo fue&nbsp; por falta de agua en el&nbsp; c\u00e1rcamo a orillas del r\u00edo Valles, c\u00f3mo es&nbsp; que si&nbsp; ten\u00edan &nbsp;en la planta.<\/strong><\/p>\n\n\n\n<p><strong>+++++++++<\/strong><strong><\/strong><\/p>\n\n\n\n<p><strong>QU\u00c9 HAY&nbsp; DE LOS POZOS PROFUNDOS DE VALLES.<\/strong><\/p>\n\n\n\n<p><strong>Ha transcurrido m\u00e1s de&nbsp; un mes&nbsp; que&nbsp; hubo noticias&nbsp; desde&nbsp; Palacio municipal de Valles en relaci\u00f3n a la falta de agua&nbsp; para&nbsp; la comunidad Vallense y la posible soluci\u00f3n&nbsp; mediante perforaci\u00f3n de pozos, incluso se habl\u00f3 que ya&nbsp; estaba&nbsp; contratada una empresa&nbsp; y despu\u00e9s&nbsp; se&nbsp; desminti\u00f3, finalmente&nbsp; ni siquiera&nbsp; el estudio del proyecto&nbsp;&nbsp; es&nbsp; conocido por&nbsp; el pueblo.<\/strong><\/p>\n\n\n\n<p><strong>Pasan los d\u00edas y el proyecto para poder construir pozos en Valles como \u00abplan B\u00bb para abastecimiento se sigue postergando.<\/strong><\/p>\n\n\n\n<p><strong>El alcalde interino de Valles, Jes\u00fas Guadalupe Gonz\u00e1lez Vargas dijo el 5 de marzo pasado \u2013 reci\u00e9n hab\u00eda tomado posesi\u00f3n del cargo &#8211; que estaban a la espera de tener una entrevista con los empresarios Tapat\u00edos que se encargar\u00edan del proyecto de localizaci\u00f3n y perforaci\u00f3n de &nbsp;12 pozos de extracci\u00f3n de agua en el \u00e1rea urbana de Valles, cuyo costo&nbsp; el alcalde&nbsp; con licencia&nbsp; hab\u00eda&nbsp; convenido en&nbsp; 450 mil pesos.<\/strong><\/p>\n\n\n\n<p><strong>Ciudadanos&nbsp; que prefirieron omitir sus nombres manifestaron que pareciera&nbsp; tener fondo pol\u00edtico&nbsp; en atender&nbsp; el asunto de la crisis del agua en Valles, ser\u00eda&nbsp;&nbsp; uno&nbsp; de&nbsp; los&nbsp; objetivos&nbsp; (promesas)&nbsp; de&nbsp; campa\u00f1a&nbsp; del candidato&nbsp; a la reelecci\u00f3n por la alcald\u00eda de David Medina,&nbsp; una situaci\u00f3n realmente ventajosa si asi fuera que asegurar\u00eda votos&nbsp; al mun\u00edcipe con licencia, al igual que los&nbsp; 1500 millones de pesos anunciados a&nbsp; ejercer&nbsp; en el presente a\u00f1o&nbsp; exclusivamente para pavimentar calles.<\/strong><\/p>\n\n\n\n<p><strong>++++++++<\/strong><\/p>\n\n\n\n<p><strong>EL PRIANISMO CONTRA RESCATE DE&nbsp; AFORES EN PODER DE BANQUEROS.<\/strong><\/p>\n\n\n\n<p><strong>Ser\u00eda&nbsp; hist\u00f3rico que la llamada&nbsp; oposici\u00f3n&nbsp; en&nbsp; la C\u00e1mara de Diputados&nbsp; aprobara o&nbsp; cuando menos no fuera&nbsp; contra&nbsp; leyes&nbsp; que benefician a la ciudadan\u00eda, pero no, llevar\u00e1&nbsp; a la SCJN&nbsp; la&nbsp; reci\u00e9n aprobada reforma&nbsp; a la Ley de Pensiones que transfiera&nbsp; las afores congeladas a favor de los banqueros y transferir\u00e1&nbsp; al Banco del Bienestar para&nbsp; que llegue&nbsp; a la&nbsp; base&nbsp; laboral<\/strong><\/p>\n\n\n\n<p><strong>Los medios informativos&nbsp; tradicionales publicaron esta semana que la<\/strong><strong> C\u00e1mara de Diputados aprob\u00f3 la reforma que en autom\u00e1tico transferir\u00e1 los saldos no cobrados de ahorros de adultos mayores acumulados en sus cuentas para el retiro, a un nuevo&nbsp;Fondo de Pensiones para el Bienestar, a fin de complementar a futuro &nbsp;de las pensiones de otros trabajadores.<\/strong><strong><\/strong><\/p>\n\n\n\n<p><strong>El dictamen fue aprobado en lo general con&nbsp;252 votos a favor, 212 en contra y 4 abstenciones. En lo particular, la reforma se aprob\u00f3 con 251 votos a fav or, 199 en contra, 4 abstenciones y pas\u00f3 al Senado para su revisi\u00f3n.<\/strong><strong><\/strong><\/p>\n\n\n\n<p><strong>Legisladores de Oposici\u00f3n &nbsp;informaron &nbsp;que la&nbsp;Ley va directa a la impugnaci\u00f3n ante la Suprema Corte, mediante una acci\u00f3n de inconstitucionalidad.<\/strong><strong> Dicen que <\/strong><strong>es inconstitucional porque dispone, sin consentimiento, de los ahorros de los trabajadores<\/strong><strong>. &nbsp;Lo van a tirar en la Suprema Corte y lo sabemos, porque a todas luces es inconstitucional\u00bb, anticip\u00f3 Yolanda de la Torre, del PRI, mientras el &nbsp;panista H\u00e9ctor Sa\u00fal T\u00e9llez dijo que es el \u00abatraco m\u00e1s grande de la&nbsp;historia\u00bb por confiscar y robar el dinero producto del trabajo&nbsp;de los adultos mayores.<\/strong><\/p>\n\n\n\n<p><strong>}+++++++++++<\/strong><strong><\/strong><\/p>\n\n\n\n<p><strong>&nbsp;\u201cCAF\u00c9 Y RESTAURANT&nbsp; <\/strong><strong><\/strong><\/p>\n\n\n\n<p><strong>EL FAROLITO\u201d<\/strong><\/p>\n\n\n\n<p><strong>Lo mejor de la cocina Huasteca; el tradicional zacahuil y cazueladas .Atendemos toda clase de&nbsp; festejos. Pedidos al Tel&nbsp; 3821017 Ciudad Valles SLP<\/strong><\/p>\n\n\n\n<p><strong>+++++++++++++<\/strong><\/p>\n\n\n\n<p><strong>D E&nbsp;&nbsp; V&nbsp; O L A D A .-<\/strong><\/p>\n\n\n\n<p><strong>(publicado en redes socials)<\/strong><\/p>\n\n\n\n<p><strong>NO QUIERE&nbsp; ENVEJECER<\/strong><\/p>\n\n\n\n<p><strong>NO CONSUMA SAL\u2026..<\/strong><strong>Nos gusta a\u00f1adir sabor de sal a las&nbsp; comidas de hecho, el sodio es parte esencial de nuestra dieta, ya que desempe\u00f1a un papel vital en el equilibrio de los fluidos corporales. Pero si necesita cierta cantidad de sal para mantener sanos el coraz\u00f3n, el h\u00edgado y los ri\u00f1ones el mayor tiempo posible, en exceso es mala&nbsp; a&nbsp; la&nbsp; salud. Los cient\u00edficos han <\/strong><a href=\"https:\/\/bmcgastroenterol.biomedcentral.com\/articles\/10.1186\/s12876-021-01912-4\" target=\"_blank\" rel=\"noreferrer noopener\"><strong>descubierto<\/strong><\/a><strong> que \u00a1consumir demasiada sal puede tener &nbsp;efectos contrarios y da\u00f1a el organismo humano.&nbsp;<\/strong><\/p>\n\n\n\n<p><strong>Si consume demasiado sodio, puede aumentar la presi\u00f3n arterial, lo que lo expone al &nbsp;riesgo de padecer enfermedades cardiovasculares sobre todo a las personas mayores de 50 a\u00f1os. La tensi\u00f3n arterial aumenta con la edad, al igual que su riesgo de sufrir <\/strong><a href=\"https:\/\/www.cdc.gov\/stroke\/risk_factors.htm#:~:text=Family%20Health%20Portrait.-,Age,65%20years%20also%20have%20strokes.\" target=\"_blank\" rel=\"noreferrer noopener\"><strong>&nbsp;insuficiencia cardiaca<\/strong><\/a><strong>.&nbsp; Eso no es todo&nbsp; sobre&nbsp; el consumo de sal, si se&nbsp; reduce evitar\u00e1&nbsp; el envejecimiento&nbsp; seg\u00fan un estudio realizado por la Asociaci\u00f3n Americana del Coraz\u00f3n, la sal tiene el efecto de acortar los tel\u00f3meros. Los tel\u00f3meros protegen los extremos de los cromosomas del da\u00f1o celular y, cuando se desgastan, es m\u00e1s probable que aparezcan enfermedades como la diabetes, el c\u00e1ncer y la demencia.&nbsp;&nbsp; Los adultos j\u00f3venes obesos del estudio experimentaron un envejecimiento celular avanzado debido al consumo excesivo de sal. As\u00ed que \u00a1imag\u00ednese el impacto de este exceso de sodio en su salud si tiene m\u00e1s de 50 a\u00f1os.&nbsp; El estudio concluy\u00f3 que reducir la ingesta de sodio ralentiza el proceso de envejecimiento celular, especialmente en las personas obesas. En efecto, el sodio y la obesidad son dos de los principales factores de riesgo del envejecimiento acelerado.<\/strong><\/p>\n\n\n\n<p><strong>++++++++++++++++++&nbsp; <\/strong><a href=\"mailto:davidfloresguzman@gmail.com\"><strong>davidfloresguzman@gmail.com<\/strong><\/a><strong> Hasta&nbsp; la pr\u00f3xima semana.<\/strong><strong><\/strong><\/p>\n\n\n\n<p><strong>&#8212;<\/strong><strong><\/strong><\/p>\n","protected":false},"excerpt":{"rendered":"<p>SOLO CANDIDATOS DEL PUEBLO LLENAN LA ICONICA AV. HIDALGO DE&nbsp; CIUDAD VALLES. Hist\u00f3rico lleno en la calle Hidalgo en apoyo a Claudia Sheinbaum; \u201cser\u00e1 nuestra pr\u00f3xima presidenta\u201d: David Medina &nbsp; Es la tercera ocasi\u00f3n que un pol\u00edtico llena&nbsp; literalmente&nbsp; la ic\u00f3nica&nbsp; venida&nbsp; Hidalgo de&nbsp; esta&nbsp; &hellip; <\/p>\n","protected":false},"author":1,"featured_media":94997,"comment_status":"open","ping_status":"open","sticky":false,"template":"","format":"standard","meta":{"footnotes":""},"categories":[17],"tags":[],"class_list":["post-95170","post","type-post","status-publish","format-standard","has-post-thumbnail","hentry","category-colaboraciones"],"_links":{"self":[{"href":"https:\/\/amanecerhuasteco.com\/portal\/wp-json\/wp\/v2\/posts\/95170","targetHints":{"allow":["GET"]}}],"collection":[{"href":"https:\/\/amanecerhuasteco.com\/portal\/wp-json\/wp\/v2\/posts"}],"about":[{"href":"https:\/\/amanecerhuasteco.com\/portal\/wp-json\/wp\/v2\/types\/post"}],"author":[{"embeddable":true,"href":"https:\/\/amanecerhuasteco.com\/portal\/wp-json\/wp\/v2\/users\/1"}],"replies":[{"embeddable":true,"href":"https:\/\/amanecerhuasteco.com\/portal\/wp-json\/wp\/v2\/comments?post=95170"}],"version-history":[{"count":1,"href":"https:\/\/amanecerhuasteco.com\/portal\/wp-json\/wp\/v2\/posts\/95170\/revisions"}],"predecessor-version":[{"id":95171,"href":"https:\/\/amanecerhuasteco.com\/portal\/wp-json\/wp\/v2\/posts\/95170\/revisions\/95171"}],"wp:featuredmedia":[{"embeddable":true,"href":"https:\/\/amanecerhuasteco.com\/portal\/wp-json\/wp\/v2\/media\/94997"}],"wp:attachment":[{"href":"https:\/\/amanecerhuasteco.com\/portal\/wp-json\/wp\/v2\/media?parent=95170"}],"wp:term":[{"taxonomy":"category","embeddable":true,"href":"https:\/\/amanecerhuasteco.com\/portal\/wp-json\/wp\/v2\/categories?post=95170"},{"taxonomy":"post_tag","embeddable":true,"href":"https:\/\/amanecerhuasteco.com\/portal\/wp-json\/wp\/v2\/tags?post=95170"}],"curies":[{"name":"wp","href":"https:\/\/api.w.org\/{rel}","templated":true}]}}