{"id":95182,"date":"2024-04-29T14:27:16","date_gmt":"2024-04-29T20:27:16","guid":{"rendered":"https:\/\/amanecerhuasteco.com\/portal\/?p=95182"},"modified":"2024-04-29T14:27:17","modified_gmt":"2024-04-29T20:27:17","slug":"mas-recursos-para-atender-la-salud-de-la-poblacion-miriam-cortes","status":"publish","type":"post","link":"https:\/\/amanecerhuasteco.com\/portal\/mas-recursos-para-atender-la-salud-de-la-poblacion-miriam-cortes\/","title":{"rendered":"M\u00e1s recursos para atender la salud de la poblaci\u00f3n: Miriam Cort\u00e9s"},"content":{"rendered":"\n<p><\/p>\n\n\n\n<p>Tamasopo.- Miriam Cort\u00e9s \u00c1lvarez, candidata del Partido Nueva Alianza a la Presidencia Municipal de Tamasopo, se pronuncio a favor de destinar mas recursos para atender la salud de la poblaci\u00f3n.<\/p>\n\n\n\n<p>Expres\u00f3 que de lograr el triunfo el 2 de junio ser\u00e1 la salud un tema primordial, para ello con respaldo del cabildo se destinar\u00e1 recursos para atender la salud de la poblaci\u00f3n.<\/p>\n\n\n\n<p>Proponiendo destinar mas recursos para contar con Centro de Salud dignos, con M\u00e9dicos Especialistas y M\u00e9dicos en General, que cuenten con los medicamentos para atender la salud de la gente, y en casos m\u00e1s delicados realizar los traslados, ya que actualmente en el rubro de salud estamos olvidados.<\/p>\n\n\n\n<p>&#8212;<\/p>\n","protected":false},"excerpt":{"rendered":"<p>Tamasopo.- Miriam Cort\u00e9s \u00c1lvarez, candidata del Partido Nueva Alianza a la Presidencia Municipal de Tamasopo, se pronuncio a favor de destinar mas recursos para atender la salud de la poblaci\u00f3n. Expres\u00f3 que de lograr el triunfo el 2 de junio ser\u00e1 la salud un tema &hellip; <\/p>\n","protected":false},"author":1,"featured_media":95183,"comment_status":"open","ping_status":"open","sticky":false,"template":"","format":"standard","meta":{"footnotes":""},"categories":[13,14,28,29,4,21],"tags":[],"class_list":["post-95182","post","type-post","status-publish","format-standard","has-post-thumbnail","hentry","category-agropecuaria","category-caneros","category-cnc","category-cnpr","category-inicio","category-tamasopo"],"_links":{"self":[{"href":"https:\/\/amanecerhuasteco.com\/portal\/wp-json\/wp\/v2\/posts\/95182","targetHints":{"allow":["GET"]}}],"collection":[{"href":"https:\/\/amanecerhuasteco.com\/portal\/wp-json\/wp\/v2\/posts"}],"about":[{"href":"https:\/\/amanecerhuasteco.com\/portal\/wp-json\/wp\/v2\/types\/post"}],"author":[{"embeddable":true,"href":"https:\/\/amanecerhuasteco.com\/portal\/wp-json\/wp\/v2\/users\/1"}],"replies":[{"embeddable":true,"href":"https:\/\/amanecerhuasteco.com\/portal\/wp-json\/wp\/v2\/comments?post=95182"}],"version-history":[{"count":1,"href":"https:\/\/amanecerhuasteco.com\/portal\/wp-json\/wp\/v2\/posts\/95182\/revisions"}],"predecessor-version":[{"id":95184,"href":"https:\/\/amanecerhuasteco.com\/portal\/wp-json\/wp\/v2\/posts\/95182\/revisions\/95184"}],"wp:featuredmedia":[{"embeddable":true,"href":"https:\/\/amanecerhuasteco.com\/portal\/wp-json\/wp\/v2\/media\/95183"}],"wp:attachment":[{"href":"https:\/\/amanecerhuasteco.com\/portal\/wp-json\/wp\/v2\/media?parent=95182"}],"wp:term":[{"taxonomy":"category","embeddable":true,"href":"https:\/\/amanecerhuasteco.com\/portal\/wp-json\/wp\/v2\/categories?post=95182"},{"taxonomy":"post_tag","embeddable":true,"href":"https:\/\/amanecerhuasteco.com\/portal\/wp-json\/wp\/v2\/tags?post=95182"}],"curies":[{"name":"wp","href":"https:\/\/api.w.org\/{rel}","templated":true}]}}