{"id":95204,"date":"2024-04-30T07:12:29","date_gmt":"2024-04-30T13:12:29","guid":{"rendered":"https:\/\/amanecerhuasteco.com\/portal\/?p=95204"},"modified":"2024-04-30T07:12:31","modified_gmt":"2024-04-30T13:12:31","slug":"marly-sanchez-cruz-elegida-como-nina-presidenta-por-un-dia-en-ciudad-valles","status":"publish","type":"post","link":"https:\/\/amanecerhuasteco.com\/portal\/marly-sanchez-cruz-elegida-como-nina-presidenta-por-un-dia-en-ciudad-valles\/","title":{"rendered":"Marly S\u00e1nchez Cruz elegida como ni\u00f1a presidenta por un d\u00eda en Ciudad Valles"},"content":{"rendered":"\n<p><\/p>\n\n\n\n<p>Ciudad Valles, S.L.P.- En una reuni\u00f3n celebrada esta ma\u00f1ana en el Sal\u00f3n de Cabildo \u201cRafael Curiel Gallegos\u201d, siete ni\u00f1os y cuatro ni\u00f1as de diferentes centros educativos, presentaron sus visiones para mejorar Ciudad Valles.<\/p>\n\n\n\n<p>Tras cuidadosa deliberaci\u00f3n, el jurado seleccion\u00f3 a Marly S\u00e1nchez Cruz, del quinto grado, grupo \u201cc\u201d, de la primaria \u201cNuevos Horizontes\u201d, como la Ni\u00f1a Presidenta por un d\u00eda.<\/p>\n\n\n\n<p>Ma\u00f1ana por la ma\u00f1ana, Marly encabezar\u00e1 una sesi\u00f3n simb\u00f3lica de Cabildo y posteriormente realizar\u00e1 un recorrido con el cabildo infantil.<\/p>\n\n\n\n<p>El itinerario incluir\u00e1 visitas a diferentes \u00e1reas de la Presidencia Municipal y del edificio La Colmena, as\u00ed como a oficinas de la Oficial\u00eda Mayor, Protecci\u00f3n Civil, Polic\u00eda Municipal, CODESOL y DIF. El d\u00eda concluir\u00e1 con una comida en conocido restaurante de esta localidad.<\/p>\n\n\n\n<p>Los integrantes del Cabildo Infantil que acompa\u00f1ar\u00e1n a Marly son Joshua Santiago Montalvo Res\u00e9ndiz, Juan Pablo Rivera Gonz\u00e1lez, Josu\u00e9 Daniel P\u00e9rez Hern\u00e1ndez, Karla Valentina Rodr\u00edguez Trejo, Suriel Arith Flores Ram\u00edrez, Jes\u00fas \u00c1ngel Garza Ch\u00e1vez, Juan Ezequiel Moreno Franco, Naomi L\u00f3pez L\u00e1rraga, Cynthia Nayeli Hern\u00e1ndez Bautista y Cesar Alejandro Galavis Villafuerte.<\/p>\n","protected":false},"excerpt":{"rendered":"<p>Ciudad Valles, S.L.P.- En una reuni\u00f3n celebrada esta ma\u00f1ana en el Sal\u00f3n de Cabildo \u201cRafael Curiel Gallegos\u201d, siete ni\u00f1os y cuatro ni\u00f1as de diferentes centros educativos, presentaron sus visiones para mejorar Ciudad Valles. Tras cuidadosa deliberaci\u00f3n, el jurado seleccion\u00f3 a Marly S\u00e1nchez Cruz, del quinto &hellip; <\/p>\n","protected":false},"author":1,"featured_media":95205,"comment_status":"open","ping_status":"open","sticky":false,"template":"","format":"standard","meta":{"footnotes":""},"categories":[13,7,22,11,16,4,12],"tags":[],"class_list":["post-95204","post","type-post","status-publish","format-standard","has-post-thumbnail","hentry","category-agropecuaria","category-ciudad","category-ebano","category-estado","category-ingenios","category-inicio","category-nacional"],"_links":{"self":[{"href":"https:\/\/amanecerhuasteco.com\/portal\/wp-json\/wp\/v2\/posts\/95204","targetHints":{"allow":["GET"]}}],"collection":[{"href":"https:\/\/amanecerhuasteco.com\/portal\/wp-json\/wp\/v2\/posts"}],"about":[{"href":"https:\/\/amanecerhuasteco.com\/portal\/wp-json\/wp\/v2\/types\/post"}],"author":[{"embeddable":true,"href":"https:\/\/amanecerhuasteco.com\/portal\/wp-json\/wp\/v2\/users\/1"}],"replies":[{"embeddable":true,"href":"https:\/\/amanecerhuasteco.com\/portal\/wp-json\/wp\/v2\/comments?post=95204"}],"version-history":[{"count":1,"href":"https:\/\/amanecerhuasteco.com\/portal\/wp-json\/wp\/v2\/posts\/95204\/revisions"}],"predecessor-version":[{"id":95206,"href":"https:\/\/amanecerhuasteco.com\/portal\/wp-json\/wp\/v2\/posts\/95204\/revisions\/95206"}],"wp:featuredmedia":[{"embeddable":true,"href":"https:\/\/amanecerhuasteco.com\/portal\/wp-json\/wp\/v2\/media\/95205"}],"wp:attachment":[{"href":"https:\/\/amanecerhuasteco.com\/portal\/wp-json\/wp\/v2\/media?parent=95204"}],"wp:term":[{"taxonomy":"category","embeddable":true,"href":"https:\/\/amanecerhuasteco.com\/portal\/wp-json\/wp\/v2\/categories?post=95204"},{"taxonomy":"post_tag","embeddable":true,"href":"https:\/\/amanecerhuasteco.com\/portal\/wp-json\/wp\/v2\/tags?post=95204"}],"curies":[{"name":"wp","href":"https:\/\/api.w.org\/{rel}","templated":true}]}}