{"id":95287,"date":"2024-05-02T07:53:42","date_gmt":"2024-05-02T13:53:42","guid":{"rendered":"https:\/\/amanecerhuasteco.com\/portal\/?p=95287"},"modified":"2024-05-02T07:53:43","modified_gmt":"2024-05-02T13:53:43","slug":"dignificar-a-la-clase-trabajadora-en-soledad-compromiso-de-nuestro-gobierno-juan-manuel-navarro","status":"publish","type":"post","link":"https:\/\/amanecerhuasteco.com\/portal\/dignificar-a-la-clase-trabajadora-en-soledad-compromiso-de-nuestro-gobierno-juan-manuel-navarro\/","title":{"rendered":"Dignificar a la clase trabajadora en Soledad, compromiso de nuestro gobierno: Juan Manuel Navarro"},"content":{"rendered":"\n<p><br>En el marco del D\u00eda del Trabajo, el candidato del Verde asume el reto de ofrecer m\u00e1s y mejores oportunidades para las y los trabajadores<\/p>\n\n\n\n<p>\u201cSeguiremos contribuyendo en dignificar a la clase trabajadora desde nuestro \u00e1mbito, es el compromiso que hoy asumo frente a las familias\u201d, afirm\u00f3 Juan Manuel Navarro, candidato del Partido Verde a la Presidencia Municipal de Soledad de Graciano S\u00e1nchez, en el marco del encuentro con la fuerza obrera y l\u00edderes de las organizaciones sindicales en el Estado con motivo del D\u00eda del Trabajo.<br>El abanderado del Verde, record\u00f3 que este primero de mayo se recuerda a los obreros de todo el mundo y a la lucha que los M\u00e1rtires de Chicago, dieron para lograr mejorar las condiciones laborales de las y los trabajadores, por lo que el reconocimiento a los derechos laborales es una premisa fundamental para lograr un buen gobierno, por ello, agradeci\u00f3 a los miles de trabajadores que contribuyen a construir un mejor Soledad, un mejor estado y un mejor pa\u00eds.<br>En el marco de esta fecha importante, el candidato del Partido Verde asisti\u00f3 a una reuni\u00f3n en la que participaron las y los candidatos del Partido Verde a los distintos cargos de elecci\u00f3n popular.<br>En entrevista, destac\u00f3 las ventajas competitivas que hoy mantienen a Soledad como un municipio con gran atracci\u00f3n de inversiones destacando adem\u00e1s los recursos humanos disponibles y calificados para incorporarse al sector productivo: \u201cseguiremos impulsando mejores oportunidades laborales para sus habitantes, sabemos c\u00f3mo hacerlo y m\u00e1s a\u00fan, porque Soledad contar\u00e1 con el apoyo de nuestro gobernador Ricardo Gallardo Cardona\u201d, expres\u00f3.<br>Juan Manuel Navarro, enfatiz\u00f3 que hoy, el municipio de Soledad avanza en la transformaci\u00f3n y se dignifica tambi\u00e9n al trabajador con lo que el Gobierno del Estado ha estado realizando, al construir m\u00e1s y mejor infraestructura, regenerando carreteras y caminos, pero ofreciendo tambi\u00e9n en favor de miles de hombres y mujeres un servicio de transporte confiable y de calidad a trav\u00e9s de la Red Metro, que permite llevarlos a sus centros de trabajo.<br>Finalmente, augur\u00f3 para las y los trabajadores soledenses un mejor futuro, pues junto al establecimiento de las mejores condiciones laborales, se fortalecer\u00e1n los apoyos sociales y los programas de capacitaci\u00f3n y de formaci\u00f3n de empleo para que las familias y las madres solteras puedan encontrar la estabilidad econ\u00f3mica, gracias al trabajo que el gobierno municipal con el apoyo del Gobierno del Estado, realizar\u00e1n de manera conjunta.<\/p>\n","protected":false},"excerpt":{"rendered":"<p>En el marco del D\u00eda del Trabajo, el candidato del Verde asume el reto de ofrecer m\u00e1s y mejores oportunidades para las y los trabajadores \u201cSeguiremos contribuyendo en dignificar a la clase trabajadora desde nuestro \u00e1mbito, es el compromiso que hoy asumo frente a las &hellip; <\/p>\n","protected":false},"author":1,"featured_media":95288,"comment_status":"open","ping_status":"open","sticky":false,"template":"","format":"standard","meta":{"footnotes":""},"categories":[13,14,28,29,7,11,16,4,44,12,30,31,42,21,53,20,43,32],"tags":[],"class_list":["post-95287","post","type-post","status-publish","format-standard","has-post-thumbnail","hentry","category-agropecuaria","category-caneros","category-cnc","category-cnpr","category-ciudad","category-estado","category-ingenios","category-inicio","category-matehuala","category-nacional","category-rioverde","category-sanluispotosi","category-soledad","category-tamasopo","category-tamazunchale","category-tamuin","category-villa-de-reyes","category-xilitla"],"_links":{"self":[{"href":"https:\/\/amanecerhuasteco.com\/portal\/wp-json\/wp\/v2\/posts\/95287","targetHints":{"allow":["GET"]}}],"collection":[{"href":"https:\/\/amanecerhuasteco.com\/portal\/wp-json\/wp\/v2\/posts"}],"about":[{"href":"https:\/\/amanecerhuasteco.com\/portal\/wp-json\/wp\/v2\/types\/post"}],"author":[{"embeddable":true,"href":"https:\/\/amanecerhuasteco.com\/portal\/wp-json\/wp\/v2\/users\/1"}],"replies":[{"embeddable":true,"href":"https:\/\/amanecerhuasteco.com\/portal\/wp-json\/wp\/v2\/comments?post=95287"}],"version-history":[{"count":1,"href":"https:\/\/amanecerhuasteco.com\/portal\/wp-json\/wp\/v2\/posts\/95287\/revisions"}],"predecessor-version":[{"id":95289,"href":"https:\/\/amanecerhuasteco.com\/portal\/wp-json\/wp\/v2\/posts\/95287\/revisions\/95289"}],"wp:featuredmedia":[{"embeddable":true,"href":"https:\/\/amanecerhuasteco.com\/portal\/wp-json\/wp\/v2\/media\/95288"}],"wp:attachment":[{"href":"https:\/\/amanecerhuasteco.com\/portal\/wp-json\/wp\/v2\/media?parent=95287"}],"wp:term":[{"taxonomy":"category","embeddable":true,"href":"https:\/\/amanecerhuasteco.com\/portal\/wp-json\/wp\/v2\/categories?post=95287"},{"taxonomy":"post_tag","embeddable":true,"href":"https:\/\/amanecerhuasteco.com\/portal\/wp-json\/wp\/v2\/tags?post=95287"}],"curies":[{"name":"wp","href":"https:\/\/api.w.org\/{rel}","templated":true}]}}