{"id":95565,"date":"2024-05-11T06:08:55","date_gmt":"2024-05-11T12:08:55","guid":{"rendered":"https:\/\/amanecerhuasteco.com\/portal\/?p=95565"},"modified":"2024-05-11T06:08:57","modified_gmt":"2024-05-11T12:08:57","slug":"controlado-incendio-forestal-en-xilitla","status":"publish","type":"post","link":"https:\/\/amanecerhuasteco.com\/portal\/controlado-incendio-forestal-en-xilitla\/","title":{"rendered":"Controlado incendio forestal en Xilitla"},"content":{"rendered":"\n<p><br>\u2022\u00a0 \u00a0 \u00a0 \u00a0Los trabajos de combate comenzaron este jueves y se logr\u00f3 controlar el incendio este viernes.<\/p>\n\n\n\n<p>Gracias a la pronta reacci\u00f3n del Poder Ejecutivo del Estado de San Luis Potos\u00ed y la coordinaci\u00f3n con los diferentes niveles de Gobierno, se logr\u00f3 controlar el incendio en la comunidad de Miramar, en Xilitla.<br>Desde este jueves se comenzaron las labores de combate y este viernes se fortaleci\u00f3 el trabajo con m\u00e1s personal y con una aeronave contratada por Gobierno del Estado que ayud\u00f3 a que se controlara el incendio forestal en esa zona en el cual se consumieron 15 hect\u00e1reas de bosque de encino y pino.<br>El incendio fue entregado al alcalde de Xilitla, quien agradeci\u00f3 al Gobierno del Estado y a la Comisi\u00f3n Nacional Forestal (Conafor) por el apoyo recibido.<br>Finalmente, se pidi\u00f3 a los pobladores del lugar mantener vigilancia de la zona por espacio de 48 horas debido a que es una zona de combustibles medianos.<br>Esta informaci\u00f3n es p\u00fablica, ajena a cualquier inter\u00e9s particular o alg\u00fan partido pol\u00edtico.<\/p>\n","protected":false},"excerpt":{"rendered":"<p>\u2022\u00a0 \u00a0 \u00a0 \u00a0Los trabajos de combate comenzaron este jueves y se logr\u00f3 controlar el incendio este viernes. Gracias a la pronta reacci\u00f3n del Poder Ejecutivo del Estado de San Luis Potos\u00ed y la coordinaci\u00f3n con los diferentes niveles de Gobierno, se logr\u00f3 controlar el &hellip; <\/p>\n","protected":false},"author":1,"featured_media":95566,"comment_status":"open","ping_status":"open","sticky":false,"template":"","format":"standard","meta":{"footnotes":""},"categories":[13,25,14,28,29,7,11,4,32],"tags":[],"class_list":["post-95565","post","type-post","status-publish","format-standard","has-post-thumbnail","hentry","category-agropecuaria","category-aquismon","category-caneros","category-cnc","category-cnpr","category-ciudad","category-estado","category-inicio","category-xilitla"],"_links":{"self":[{"href":"https:\/\/amanecerhuasteco.com\/portal\/wp-json\/wp\/v2\/posts\/95565","targetHints":{"allow":["GET"]}}],"collection":[{"href":"https:\/\/amanecerhuasteco.com\/portal\/wp-json\/wp\/v2\/posts"}],"about":[{"href":"https:\/\/amanecerhuasteco.com\/portal\/wp-json\/wp\/v2\/types\/post"}],"author":[{"embeddable":true,"href":"https:\/\/amanecerhuasteco.com\/portal\/wp-json\/wp\/v2\/users\/1"}],"replies":[{"embeddable":true,"href":"https:\/\/amanecerhuasteco.com\/portal\/wp-json\/wp\/v2\/comments?post=95565"}],"version-history":[{"count":1,"href":"https:\/\/amanecerhuasteco.com\/portal\/wp-json\/wp\/v2\/posts\/95565\/revisions"}],"predecessor-version":[{"id":95567,"href":"https:\/\/amanecerhuasteco.com\/portal\/wp-json\/wp\/v2\/posts\/95565\/revisions\/95567"}],"wp:featuredmedia":[{"embeddable":true,"href":"https:\/\/amanecerhuasteco.com\/portal\/wp-json\/wp\/v2\/media\/95566"}],"wp:attachment":[{"href":"https:\/\/amanecerhuasteco.com\/portal\/wp-json\/wp\/v2\/media?parent=95565"}],"wp:term":[{"taxonomy":"category","embeddable":true,"href":"https:\/\/amanecerhuasteco.com\/portal\/wp-json\/wp\/v2\/categories?post=95565"},{"taxonomy":"post_tag","embeddable":true,"href":"https:\/\/amanecerhuasteco.com\/portal\/wp-json\/wp\/v2\/tags?post=95565"}],"curies":[{"name":"wp","href":"https:\/\/api.w.org\/{rel}","templated":true}]}}