{"id":95614,"date":"2024-05-13T20:38:09","date_gmt":"2024-05-14T02:38:09","guid":{"rendered":"https:\/\/amanecerhuasteco.com\/portal\/?p=95614"},"modified":"2024-05-13T21:23:20","modified_gmt":"2024-05-14T03:23:20","slug":"gobierno-celebra-a-madre-de-tamasopo","status":"publish","type":"post","link":"https:\/\/amanecerhuasteco.com\/portal\/gobierno-celebra-a-madre-de-tamasopo\/","title":{"rendered":"Gobierno celebra a madres de Tamasopo"},"content":{"rendered":"\n<p><br>\u2022 Durante un convivio por la conmemoraci\u00f3n del D\u00eda de las Madres en este municipio, el Mandatario Ricardo Gallardo Cardona agradeci\u00f3 a las mujeres por la labor que realizan en sus hogares<\/p>\n\n\n\n<p>En un ambiente festivo, este lunes el Titular del Poder Ejecutivo del Estado de San Luis Potos\u00ed Ricardo Gallardo Cardona, convivi\u00f3 con madres de familia de Tamasopo, a quienes agradeci\u00f3 por la gran labor diaria a favor de sus hijas e hijos y por contribuir al desarrollo econ\u00f3mico y social del Estado.<br>En el marco de la conmemoraci\u00f3n del D\u00eda de las Madres, Gallardo Cardona agradeci\u00f3 a las potosinas por su empe\u00f1o en la educaci\u00f3n de ni\u00f1as y ni\u00f1os, para hacerlas personas productivas y responsables, por la atenci\u00f3n y al mismo tiempo dar atenci\u00f3n, amor y formaci\u00f3n en valores a las futuras generaciones.<br>Adem\u00e1s, les refrend\u00f3 su compromiso para que accedan a m\u00e1s apoyos sociales que la actual administraci\u00f3n estatal impulsa para que tengan una mejor calidad de vida para ellas y sus hijos, luego de que la herencia maldita las mantuvo en el abandono.<br>Esta informaci\u00f3n es p\u00fablica, ajena a cualquier inter\u00e9s particular o de alg\u00fan partido pol\u00edtico.<\/p>\n","protected":false},"excerpt":{"rendered":"<p>\u2022 Durante un convivio por la conmemoraci\u00f3n del D\u00eda de las Madres en este municipio, el Mandatario Ricardo Gallardo Cardona agradeci\u00f3 a las mujeres por la labor que realizan en sus hogares En un ambiente festivo, este lunes el Titular del Poder Ejecutivo del Estado &hellip; <\/p>\n","protected":false},"author":1,"featured_media":95615,"comment_status":"open","ping_status":"open","sticky":false,"template":"","format":"standard","meta":{"footnotes":""},"categories":[13,14,28,29,7,4,21],"tags":[],"class_list":["post-95614","post","type-post","status-publish","format-standard","has-post-thumbnail","hentry","category-agropecuaria","category-caneros","category-cnc","category-cnpr","category-ciudad","category-inicio","category-tamasopo"],"_links":{"self":[{"href":"https:\/\/amanecerhuasteco.com\/portal\/wp-json\/wp\/v2\/posts\/95614","targetHints":{"allow":["GET"]}}],"collection":[{"href":"https:\/\/amanecerhuasteco.com\/portal\/wp-json\/wp\/v2\/posts"}],"about":[{"href":"https:\/\/amanecerhuasteco.com\/portal\/wp-json\/wp\/v2\/types\/post"}],"author":[{"embeddable":true,"href":"https:\/\/amanecerhuasteco.com\/portal\/wp-json\/wp\/v2\/users\/1"}],"replies":[{"embeddable":true,"href":"https:\/\/amanecerhuasteco.com\/portal\/wp-json\/wp\/v2\/comments?post=95614"}],"version-history":[{"count":2,"href":"https:\/\/amanecerhuasteco.com\/portal\/wp-json\/wp\/v2\/posts\/95614\/revisions"}],"predecessor-version":[{"id":95629,"href":"https:\/\/amanecerhuasteco.com\/portal\/wp-json\/wp\/v2\/posts\/95614\/revisions\/95629"}],"wp:featuredmedia":[{"embeddable":true,"href":"https:\/\/amanecerhuasteco.com\/portal\/wp-json\/wp\/v2\/media\/95615"}],"wp:attachment":[{"href":"https:\/\/amanecerhuasteco.com\/portal\/wp-json\/wp\/v2\/media?parent=95614"}],"wp:term":[{"taxonomy":"category","embeddable":true,"href":"https:\/\/amanecerhuasteco.com\/portal\/wp-json\/wp\/v2\/categories?post=95614"},{"taxonomy":"post_tag","embeddable":true,"href":"https:\/\/amanecerhuasteco.com\/portal\/wp-json\/wp\/v2\/tags?post=95614"}],"curies":[{"name":"wp","href":"https:\/\/api.w.org\/{rel}","templated":true}]}}