{"id":95642,"date":"2024-05-14T07:46:14","date_gmt":"2024-05-14T13:46:14","guid":{"rendered":"https:\/\/amanecerhuasteco.com\/portal\/?p=95642"},"modified":"2024-05-14T07:48:34","modified_gmt":"2024-05-14T13:48:34","slug":"la-candidata-del-panal-a-la-presidencia-municipal-de-tamasopo-exhorta-a-la-poblacion-a-sumarse-a-la-campana-de-reforestacion","status":"publish","type":"post","link":"https:\/\/amanecerhuasteco.com\/portal\/la-candidata-del-panal-a-la-presidencia-municipal-de-tamasopo-exhorta-a-la-poblacion-a-sumarse-a-la-campana-de-reforestacion\/","title":{"rendered":"La candidata del PANAL a la Presidencia Municipal de Tamasopo, exhorta a la poblaci\u00f3n a sumarse a la campa\u00f1a de reforestaci\u00f3n"},"content":{"rendered":"\n<p>MIRIAM CORTES ALVAREZ, CANDIDATA DEL PANAL A LA PRESIDENCIA MUNICIPAL DE TAMASOPO, REALIZA CAMPA\u00d1A DE REFORESTACI\u00d3N.<\/p>\n\n\n\n<p>Comenzamos con la activaci\u00f3n de reforestaci\u00f3n en Tamasopo y sus comunidades, el d\u00eda de ayer entregamos <img decoding=\"async\" height=\"16\" width=\"16\" alt=\"\ud83c\udf33\" src=\"https:\/\/static.xx.fbcdn.net\/images\/emoji.php\/v9\/t6b\/1\/16\/1f333.png\"> \u00e1rbolitos los cuales ser\u00e1n plantados en la cancha de la comunidad de \u201cLa Tigra\u201d para que nos ofrezcan sombra y frescura al momento de disfrutar un buen d\u00eda familiar.<\/p>\n\n\n\n<p>Se entreg\u00f3 un \u00e1rbol de sombra que llega a medir hasta 10 mts de altura, y soporta altas <a><\/a>temperaturas adem\u00e1s de que no ocupa mucha agua.<\/p>\n\n\n\n<p>En uno de mis proyectos a realizar en cuanto a reforestaci\u00f3n es plantar \u00e1rboles los cuales formen arcos de vida en todas las localidades de Tamasopo tal como podemos encontrar en la entrada de Agua Buena pues adem\u00e1s ofrecen una bonita vista al turismo.<\/p>\n\n\n\n<p>Seguiremos informando m\u00e1s acerca de este proyecto y quien guste unirse a la reforestaci\u00f3n es bienvenido.<\/p>\n\n\n\n<p>Para la llegada del color del agua <img decoding=\"async\" height=\"16\" width=\"16\" alt=\"\ud83d\udca6\" src=\"https:\/\/static.xx.fbcdn.net\/images\/emoji.php\/v9\/tc1\/1\/16\/1f4a6.png\"> es Azul Turquesa.<\/p>\n\n\n\n<p>MIRIAM CORTES ALVAREZ<\/p>\n","protected":false},"excerpt":{"rendered":"<p>MIRIAM CORTES ALVAREZ, CANDIDATA DEL PANAL A LA PRESIDENCIA MUNICIPAL DE TAMASOPO, REALIZA CAMPA\u00d1A DE REFORESTACI\u00d3N. Comenzamos con la activaci\u00f3n de reforestaci\u00f3n en Tamasopo y sus comunidades, el d\u00eda de ayer entregamos \u00e1rbolitos los cuales ser\u00e1n plantados en la cancha de la comunidad de \u201cLa &hellip; <\/p>\n","protected":false},"author":1,"featured_media":95635,"comment_status":"open","ping_status":"open","sticky":false,"template":"","format":"standard","meta":{"footnotes":""},"categories":[13,14,28,29,4,21],"tags":[],"class_list":["post-95642","post","type-post","status-publish","format-standard","has-post-thumbnail","hentry","category-agropecuaria","category-caneros","category-cnc","category-cnpr","category-inicio","category-tamasopo"],"_links":{"self":[{"href":"https:\/\/amanecerhuasteco.com\/portal\/wp-json\/wp\/v2\/posts\/95642","targetHints":{"allow":["GET"]}}],"collection":[{"href":"https:\/\/amanecerhuasteco.com\/portal\/wp-json\/wp\/v2\/posts"}],"about":[{"href":"https:\/\/amanecerhuasteco.com\/portal\/wp-json\/wp\/v2\/types\/post"}],"author":[{"embeddable":true,"href":"https:\/\/amanecerhuasteco.com\/portal\/wp-json\/wp\/v2\/users\/1"}],"replies":[{"embeddable":true,"href":"https:\/\/amanecerhuasteco.com\/portal\/wp-json\/wp\/v2\/comments?post=95642"}],"version-history":[{"count":1,"href":"https:\/\/amanecerhuasteco.com\/portal\/wp-json\/wp\/v2\/posts\/95642\/revisions"}],"predecessor-version":[{"id":95644,"href":"https:\/\/amanecerhuasteco.com\/portal\/wp-json\/wp\/v2\/posts\/95642\/revisions\/95644"}],"wp:featuredmedia":[{"embeddable":true,"href":"https:\/\/amanecerhuasteco.com\/portal\/wp-json\/wp\/v2\/media\/95635"}],"wp:attachment":[{"href":"https:\/\/amanecerhuasteco.com\/portal\/wp-json\/wp\/v2\/media?parent=95642"}],"wp:term":[{"taxonomy":"category","embeddable":true,"href":"https:\/\/amanecerhuasteco.com\/portal\/wp-json\/wp\/v2\/categories?post=95642"},{"taxonomy":"post_tag","embeddable":true,"href":"https:\/\/amanecerhuasteco.com\/portal\/wp-json\/wp\/v2\/tags?post=95642"}],"curies":[{"name":"wp","href":"https:\/\/api.w.org\/{rel}","templated":true}]}}