{"id":95645,"date":"2024-05-14T08:14:41","date_gmt":"2024-05-14T14:14:41","guid":{"rendered":"https:\/\/amanecerhuasteco.com\/portal\/?p=95645"},"modified":"2024-05-14T08:14:42","modified_gmt":"2024-05-14T14:14:42","slug":"tenemos-un-gobernador-canero-falcon-saldierna-martinez","status":"publish","type":"post","link":"https:\/\/amanecerhuasteco.com\/portal\/tenemos-un-gobernador-canero-falcon-saldierna-martinez\/","title":{"rendered":"Tenemos un Gobernador Ca\u00f1ero: Falc\u00f3n Saldierna Mart\u00ednez"},"content":{"rendered":"\n<p><\/p>\n\n\n\n<p>-Se preocupa por atender los problemas que afectan al sector<\/p>\n\n\n\n<p>Tamasopo .- El Presidente de la Asociaci\u00f3n Local de Ca\u00f1eros CNPR de Alianza Popular, Falc\u00f3n Saldierna Mart\u00ednez, reconoci\u00f3 el respaldo del Gobierno del Estado para el sector ca\u00f1ero con el inicio de obra de infraestructura carretera para Tamasopo.<\/p>\n\n\n\n<p>Luego de acompa\u00f1ar al mandatario estatal al banderazo de arranque a las obras de reconstrucci\u00f3n de la carretera Tambaca-Los Cuates con una inversi\u00f3n importante, Saldierna Mart\u00ednez dijo textualmente tenemos \u201cUn Gobernador Ca\u00f1ero\u201d.<\/p>\n\n\n\n<p>Ya que anuncio importantes obras para Tamasopo, y se ha preocupado por reconstruir los tramos carreteros de la huasteca y del estado, que son de gran importancia para el desarrollo de los pueblos y en especial del sector ca\u00f1ero, que trasladan sus ca\u00f1as desde largas distancias.<\/p>\n\n\n\n<p>Destac\u00f3 que nunca se hab\u00eda tenido un gobierno, que se enfocara en atender con las necesidades de la gente, con fuertes inversiones para todas las regiones del estado en especial al sector ca\u00f1ero le reconoce su trabaja al frente del Gobierno del Estado, ya que han sido muchos a\u00f1os de olvido.<\/p>\n\n\n\n<p>&#8212;<\/p>\n","protected":false},"excerpt":{"rendered":"<p>-Se preocupa por atender los problemas que afectan al sector Tamasopo .- El Presidente de la Asociaci\u00f3n Local de Ca\u00f1eros CNPR de Alianza Popular, Falc\u00f3n Saldierna Mart\u00ednez, reconoci\u00f3 el respaldo del Gobierno del Estado para el sector ca\u00f1ero con el inicio de obra de infraestructura &hellip; <\/p>\n","protected":false},"author":1,"featured_media":95646,"comment_status":"open","ping_status":"open","sticky":false,"template":"","format":"standard","meta":{"footnotes":""},"categories":[13,25,14,28,29,7,22,56,11,16,4,24,21,20],"tags":[],"class_list":["post-95645","post","type-post","status-publish","format-standard","has-post-thumbnail","hentry","category-agropecuaria","category-aquismon","category-caneros","category-cnc","category-cnpr","category-ciudad","category-ebano","category-el-naranjo","category-estado","category-ingenios","category-inicio","category-san-vicente","category-tamasopo","category-tamuin"],"_links":{"self":[{"href":"https:\/\/amanecerhuasteco.com\/portal\/wp-json\/wp\/v2\/posts\/95645","targetHints":{"allow":["GET"]}}],"collection":[{"href":"https:\/\/amanecerhuasteco.com\/portal\/wp-json\/wp\/v2\/posts"}],"about":[{"href":"https:\/\/amanecerhuasteco.com\/portal\/wp-json\/wp\/v2\/types\/post"}],"author":[{"embeddable":true,"href":"https:\/\/amanecerhuasteco.com\/portal\/wp-json\/wp\/v2\/users\/1"}],"replies":[{"embeddable":true,"href":"https:\/\/amanecerhuasteco.com\/portal\/wp-json\/wp\/v2\/comments?post=95645"}],"version-history":[{"count":1,"href":"https:\/\/amanecerhuasteco.com\/portal\/wp-json\/wp\/v2\/posts\/95645\/revisions"}],"predecessor-version":[{"id":95647,"href":"https:\/\/amanecerhuasteco.com\/portal\/wp-json\/wp\/v2\/posts\/95645\/revisions\/95647"}],"wp:featuredmedia":[{"embeddable":true,"href":"https:\/\/amanecerhuasteco.com\/portal\/wp-json\/wp\/v2\/media\/95646"}],"wp:attachment":[{"href":"https:\/\/amanecerhuasteco.com\/portal\/wp-json\/wp\/v2\/media?parent=95645"}],"wp:term":[{"taxonomy":"category","embeddable":true,"href":"https:\/\/amanecerhuasteco.com\/portal\/wp-json\/wp\/v2\/categories?post=95645"},{"taxonomy":"post_tag","embeddable":true,"href":"https:\/\/amanecerhuasteco.com\/portal\/wp-json\/wp\/v2\/tags?post=95645"}],"curies":[{"name":"wp","href":"https:\/\/api.w.org\/{rel}","templated":true}]}}