{"id":95817,"date":"2024-05-20T15:13:58","date_gmt":"2024-05-20T21:13:58","guid":{"rendered":"https:\/\/amanecerhuasteco.com\/portal\/?p=95817"},"modified":"2024-05-20T15:13:59","modified_gmt":"2024-05-20T21:13:59","slug":"proponen-incorporar-el-apartado-de-situaciones-de-riesgo-o-vulnerabilidad-a-los-adultos-mayores","status":"publish","type":"post","link":"https:\/\/amanecerhuasteco.com\/portal\/proponen-incorporar-el-apartado-de-situaciones-de-riesgo-o-vulnerabilidad-a-los-adultos-mayores\/","title":{"rendered":"Proponen incorporar el apartado de situaciones de riesgo o vulnerabilidad a los adultos mayores"},"content":{"rendered":"\n<p><\/p>\n\n\n\n<p>EN COMISIONES SE ANALIZA UNA INICIATIVA DE REFORMA ALA LEY DE LAS PERSONAS ADULTAS MAYORES PARA EL ESTADO<\/p>\n\n\n\n<p>Las comisiones de Salud y Asistencia Social; y Derechos Humanos analizan la una iniciativa para modificar la Ley de las Personas Adultas Mayores para el Estado de San Luis Potos\u00ed, para incorporar el apartado de situaciones de riesgo o vulnerabilidad.<\/p>\n\n\n\n<p>La iniciativa busca incorporar estos conceptos, a fin de que se consideren como parte de las acciones para beneficio de las personas adultas mayores, para que cuando por problemas de salud, abandono, carencia de apoyos econ\u00f3micos, desastres naturales, requieran de asistencia y protecci\u00f3n del Gobierno del Estado, de los gobiernos municipales y de la sociedad civil organizada.<\/p>\n\n\n\n<p>En la exposici\u00f3n de motivos, se indica que el concepto de vulnerabilidad tiene un fuerte impacto en el pensamiento para hacer referencia a la fragilidad de nuestra condici\u00f3n humana.<\/p>\n\n\n\n<p>Los estudios sobre vulnerabilidad han mostrado la necesidad de atender las condiciones de riesgo a las que buena parte la poblaci\u00f3n se enfrenta, identificando \u00e1reas e instrumentos de atenci\u00f3n espec\u00edficos.<\/p>\n\n\n\n<p>Por ello, es importante incorporar este concepto en el cuerpo del texto legal, para que se incorpore la situaci\u00f3n de riesgo o vulnerabilidad del que es sujeto este grupo de adultos mayores, dada la importancia que representa.<\/p>\n","protected":false},"excerpt":{"rendered":"<p>EN COMISIONES SE ANALIZA UNA INICIATIVA DE REFORMA ALA LEY DE LAS PERSONAS ADULTAS MAYORES PARA EL ESTADO Las comisiones de Salud y Asistencia Social; y Derechos Humanos analizan la una iniciativa para modificar la Ley de las Personas Adultas Mayores para el Estado de &hellip; <\/p>\n","protected":false},"author":1,"featured_media":95818,"comment_status":"open","ping_status":"open","sticky":false,"template":"","format":"standard","meta":{"footnotes":""},"categories":[25,23,11,30,31,42,21,53,20],"tags":[],"class_list":["post-95817","post","type-post","status-publish","format-standard","has-post-thumbnail","hentry","category-aquismon","category-congreso","category-estado","category-rioverde","category-sanluispotosi","category-soledad","category-tamasopo","category-tamazunchale","category-tamuin"],"_links":{"self":[{"href":"https:\/\/amanecerhuasteco.com\/portal\/wp-json\/wp\/v2\/posts\/95817","targetHints":{"allow":["GET"]}}],"collection":[{"href":"https:\/\/amanecerhuasteco.com\/portal\/wp-json\/wp\/v2\/posts"}],"about":[{"href":"https:\/\/amanecerhuasteco.com\/portal\/wp-json\/wp\/v2\/types\/post"}],"author":[{"embeddable":true,"href":"https:\/\/amanecerhuasteco.com\/portal\/wp-json\/wp\/v2\/users\/1"}],"replies":[{"embeddable":true,"href":"https:\/\/amanecerhuasteco.com\/portal\/wp-json\/wp\/v2\/comments?post=95817"}],"version-history":[{"count":1,"href":"https:\/\/amanecerhuasteco.com\/portal\/wp-json\/wp\/v2\/posts\/95817\/revisions"}],"predecessor-version":[{"id":95819,"href":"https:\/\/amanecerhuasteco.com\/portal\/wp-json\/wp\/v2\/posts\/95817\/revisions\/95819"}],"wp:featuredmedia":[{"embeddable":true,"href":"https:\/\/amanecerhuasteco.com\/portal\/wp-json\/wp\/v2\/media\/95818"}],"wp:attachment":[{"href":"https:\/\/amanecerhuasteco.com\/portal\/wp-json\/wp\/v2\/media?parent=95817"}],"wp:term":[{"taxonomy":"category","embeddable":true,"href":"https:\/\/amanecerhuasteco.com\/portal\/wp-json\/wp\/v2\/categories?post=95817"},{"taxonomy":"post_tag","embeddable":true,"href":"https:\/\/amanecerhuasteco.com\/portal\/wp-json\/wp\/v2\/tags?post=95817"}],"curies":[{"name":"wp","href":"https:\/\/api.w.org\/{rel}","templated":true}]}}