{"id":96019,"date":"2024-05-27T07:35:11","date_gmt":"2024-05-27T13:35:11","guid":{"rendered":"https:\/\/amanecerhuasteco.com\/portal\/?p=96019"},"modified":"2024-05-27T07:35:13","modified_gmt":"2024-05-27T13:35:13","slug":"con-ataques-infundados-y-con-falta-de-etica-atacan-a-candidato-a-la-presidencia-municipal-de-tamuin-por-la-coalicion-pri-pan-prd-paco-limas","status":"publish","type":"post","link":"https:\/\/amanecerhuasteco.com\/portal\/con-ataques-infundados-y-con-falta-de-etica-atacan-a-candidato-a-la-presidencia-municipal-de-tamuin-por-la-coalicion-pri-pan-prd-paco-limas\/","title":{"rendered":"Con ataques infundados y con falta de \u00e9tica atacan a candidato a la Presidencia Municipal de Tamu\u00edn por la Coalici\u00f3n PRI-PAN-PRD Paco Limas."},"content":{"rendered":"\n<p><\/p>\n\n\n\n<p>Tamuin.- Integrantes del equipo de campa\u00f1a proselitista de Francisco Limas Rivera, que busca la reelecci\u00f3n a la Presidencia Municipal de Tamuin, reprobaron los ataques que realizan sus adversarios pol\u00edticos con se\u00f1alamientos infundados y sin \u00e9tica.<\/p>\n\n\n\n<p>Indicaron que utilizar las redes sociales a la ligera es una falta de responsabilidad porque se pone en riesgo la integridad de las personas con falsas acusaciones, informaciones tendenciosas, por lo que exhortan a sus adversarios se manejen con responsabilidad.<\/p>\n\n\n\n<p>Se\u00f1alaron que a trav\u00e9s de difamaciones, se\u00f1alamientos diversos, pretenden afectar la campa\u00f1a proselitista de \u201cPaco Limas\u201d, en lugar que en sus campa\u00f1as hagan propuestas de gobierno, porque no pueden basarlas en ataques.<\/p>\n\n\n\n<p>Por \u00faltimo, expresaron que su candidato, \u201cPaco Limas\u201d basa su campa\u00f1a en el trabajo realizado en su gobierno municipal, donde se atendieron las necesidades de la poblaci\u00f3n de agua, drenajes, caminos, pavimentos, salones de usos m\u00faltiples y muchas m\u00e1s que son reconocidos por la poblaci\u00f3n y est\u00e1n mostrando su apoyo.<\/p>\n","protected":false},"excerpt":{"rendered":"<p>Tamuin.- Integrantes del equipo de campa\u00f1a proselitista de Francisco Limas Rivera, que busca la reelecci\u00f3n a la Presidencia Municipal de Tamuin, reprobaron los ataques que realizan sus adversarios pol\u00edticos con se\u00f1alamientos infundados y sin \u00e9tica. Indicaron que utilizar las redes sociales a la ligera es &hellip; <\/p>\n","protected":false},"author":1,"featured_media":96020,"comment_status":"open","ping_status":"open","sticky":false,"template":"","format":"standard","meta":{"footnotes":""},"categories":[13,14,28,29,7,11,4,20],"tags":[],"class_list":["post-96019","post","type-post","status-publish","format-standard","has-post-thumbnail","hentry","category-agropecuaria","category-caneros","category-cnc","category-cnpr","category-ciudad","category-estado","category-inicio","category-tamuin"],"_links":{"self":[{"href":"https:\/\/amanecerhuasteco.com\/portal\/wp-json\/wp\/v2\/posts\/96019","targetHints":{"allow":["GET"]}}],"collection":[{"href":"https:\/\/amanecerhuasteco.com\/portal\/wp-json\/wp\/v2\/posts"}],"about":[{"href":"https:\/\/amanecerhuasteco.com\/portal\/wp-json\/wp\/v2\/types\/post"}],"author":[{"embeddable":true,"href":"https:\/\/amanecerhuasteco.com\/portal\/wp-json\/wp\/v2\/users\/1"}],"replies":[{"embeddable":true,"href":"https:\/\/amanecerhuasteco.com\/portal\/wp-json\/wp\/v2\/comments?post=96019"}],"version-history":[{"count":1,"href":"https:\/\/amanecerhuasteco.com\/portal\/wp-json\/wp\/v2\/posts\/96019\/revisions"}],"predecessor-version":[{"id":96021,"href":"https:\/\/amanecerhuasteco.com\/portal\/wp-json\/wp\/v2\/posts\/96019\/revisions\/96021"}],"wp:featuredmedia":[{"embeddable":true,"href":"https:\/\/amanecerhuasteco.com\/portal\/wp-json\/wp\/v2\/media\/96020"}],"wp:attachment":[{"href":"https:\/\/amanecerhuasteco.com\/portal\/wp-json\/wp\/v2\/media?parent=96019"}],"wp:term":[{"taxonomy":"category","embeddable":true,"href":"https:\/\/amanecerhuasteco.com\/portal\/wp-json\/wp\/v2\/categories?post=96019"},{"taxonomy":"post_tag","embeddable":true,"href":"https:\/\/amanecerhuasteco.com\/portal\/wp-json\/wp\/v2\/tags?post=96019"}],"curies":[{"name":"wp","href":"https:\/\/api.w.org\/{rel}","templated":true}]}}