{"id":96385,"date":"2024-06-11T07:49:50","date_gmt":"2024-06-11T13:49:50","guid":{"rendered":"https:\/\/amanecerhuasteco.com\/portal\/?p=96385"},"modified":"2024-06-11T07:49:52","modified_gmt":"2024-06-11T13:49:52","slug":"secretaria-de-ecologia-y-gestion-ambiental-realizara-inspeccion-del-agua-del-rio-gallinas","status":"publish","type":"post","link":"https:\/\/amanecerhuasteco.com\/portal\/secretaria-de-ecologia-y-gestion-ambiental-realizara-inspeccion-del-agua-del-rio-gallinas\/","title":{"rendered":"Secretar\u00eda de Ecolog\u00eda y Gesti\u00f3n Ambiental, realizar\u00e1 inspecci\u00f3n del agua del R\u00edo Gallinas"},"content":{"rendered":"\n<p><\/p>\n\n\n\n<p>En respuesta a una denuncia ciudadana, el secretario de Ecolog\u00eda y Gesti\u00f3n Ambiental, Jovanny de Jes\u00fas Ram\u00f3n Cruz, ha instruido a la Direcci\u00f3n de Auditor\u00eda y Supervisi\u00f3n a llevar a cabo una inspecci\u00f3n minuciosa del cauce en el R\u00edo Gallinas, ubicado en el municipio potosino de Aquism\u00f3n. La inspecci\u00f3n fue motivada por observaciones de que el agua presentaba un color distinto al habitual, generando preocupaci\u00f3n entre los habitantes locales.<\/p>\n\n\n\n<p>Es importante destacar que al tratarse de un bien nacional, su preservaci\u00f3n y cuidado es competencia de la Comisi\u00f3n Nacional del Agua (CONAGUA), por lo que la Secretar\u00eda de Ecolog\u00eda y Gesti\u00f3n Ambiental turnar\u00e1 los resultados de la inspecci\u00f3n a dicha instancia para trabajar de manera coordinada y eficiente en la soluci\u00f3n de este problema. Asimismo, en caso de considerarlo necesario, se har\u00e1 de conocimiento de PROFEPA si como resultado de la inspecci\u00f3n se advierte un probable da\u00f1o al medio ambiente.<\/p>\n\n\n\n<p>El Gobernador Ricardo Gallardo Cardona ha enfatizado la necesidad de cuidar todos los recursos naturales de la entidad y ha instruido a la secretar\u00eda a actuar de manera inmediata para abordar cualquier irregularidad y garantizar la protecci\u00f3n del medio ambiente.<\/p>\n","protected":false},"excerpt":{"rendered":"<p>En respuesta a una denuncia ciudadana, el secretario de Ecolog\u00eda y Gesti\u00f3n Ambiental, Jovanny de Jes\u00fas Ram\u00f3n Cruz, ha instruido a la Direcci\u00f3n de Auditor\u00eda y Supervisi\u00f3n a llevar a cabo una inspecci\u00f3n minuciosa del cauce en el R\u00edo Gallinas, ubicado en el municipio potosino &hellip; <\/p>\n","protected":false},"author":1,"featured_media":96386,"comment_status":"open","ping_status":"open","sticky":false,"template":"","format":"standard","meta":{"footnotes":""},"categories":[13,25,14,28,29,7,11,15,16,4,12,21,20],"tags":[],"class_list":["post-96385","post","type-post","status-publish","format-standard","has-post-thumbnail","hentry","category-agropecuaria","category-aquismon","category-caneros","category-cnc","category-cnpr","category-ciudad","category-estado","category-ganaderos","category-ingenios","category-inicio","category-nacional","category-tamasopo","category-tamuin"],"_links":{"self":[{"href":"https:\/\/amanecerhuasteco.com\/portal\/wp-json\/wp\/v2\/posts\/96385","targetHints":{"allow":["GET"]}}],"collection":[{"href":"https:\/\/amanecerhuasteco.com\/portal\/wp-json\/wp\/v2\/posts"}],"about":[{"href":"https:\/\/amanecerhuasteco.com\/portal\/wp-json\/wp\/v2\/types\/post"}],"author":[{"embeddable":true,"href":"https:\/\/amanecerhuasteco.com\/portal\/wp-json\/wp\/v2\/users\/1"}],"replies":[{"embeddable":true,"href":"https:\/\/amanecerhuasteco.com\/portal\/wp-json\/wp\/v2\/comments?post=96385"}],"version-history":[{"count":1,"href":"https:\/\/amanecerhuasteco.com\/portal\/wp-json\/wp\/v2\/posts\/96385\/revisions"}],"predecessor-version":[{"id":96387,"href":"https:\/\/amanecerhuasteco.com\/portal\/wp-json\/wp\/v2\/posts\/96385\/revisions\/96387"}],"wp:featuredmedia":[{"embeddable":true,"href":"https:\/\/amanecerhuasteco.com\/portal\/wp-json\/wp\/v2\/media\/96386"}],"wp:attachment":[{"href":"https:\/\/amanecerhuasteco.com\/portal\/wp-json\/wp\/v2\/media?parent=96385"}],"wp:term":[{"taxonomy":"category","embeddable":true,"href":"https:\/\/amanecerhuasteco.com\/portal\/wp-json\/wp\/v2\/categories?post=96385"},{"taxonomy":"post_tag","embeddable":true,"href":"https:\/\/amanecerhuasteco.com\/portal\/wp-json\/wp\/v2\/tags?post=96385"}],"curies":[{"name":"wp","href":"https:\/\/api.w.org\/{rel}","templated":true}]}}