{"id":96488,"date":"2024-06-14T09:34:32","date_gmt":"2024-06-14T15:34:32","guid":{"rendered":"https:\/\/amanecerhuasteco.com\/portal\/?p=96488"},"modified":"2024-06-14T09:34:33","modified_gmt":"2024-06-14T15:34:33","slug":"concluye-reparacion-en-sistema-hidraulico-tenek","status":"publish","type":"post","link":"https:\/\/amanecerhuasteco.com\/portal\/concluye-reparacion-en-sistema-hidraulico-tenek\/","title":{"rendered":"Concluye reparaci\u00f3n en sistema hidr\u00e1ulico T\u00e9nek"},"content":{"rendered":"\n<p>A partir de esta ma\u00f1ana se reestableci\u00f3 el suministro de agua a las comunidades que fueron afectada por una fuga en la l\u00ednea de conducci\u00f3n principal del sistema hidr\u00e1ulico t\u00e9nek, trabajos que se prolongaron por varias horas y dieron por t\u00e9rmino la madrugada de este viernes.<\/p>\n\n\n\n<p>Kevin Yair Cazares, Director de Obras P\u00fablicas, se\u00f1al\u00f3 que en cuanto se detect\u00f3 la fuga a inmediaciones del ejido El Aquichal, se realizaron las acciones para poder iniciar con la reparaci\u00f3n, consistente en el cierre de v\u00e1lvulas y la preparaci\u00f3n de los materiales, por lo que los trabajos se prolongaron por varias horas y fue necesario la implementaci\u00f3n de medidas emergentes para garantizar el abasto de agua a las comunidades afectadas.<\/p>\n\n\n\n<p>Explic\u00f3 que para ello, se recibi\u00f3 el apoyo de una empresa privada que presto un auto tanque, con lo que las maniobras para abastecer de agua a las comunidades fueron m\u00e1s r\u00e1pidas.<\/p>\n\n\n\n<p>Fue alrededor de las 2 de la madrugada que la fuga fue reparada por completo, y se inicio con los procedimientos para reabastecer las tuber\u00edas, por lo que el servicio se normalizar\u00e1 con el transcurso de las horas.<\/p>\n","protected":false},"excerpt":{"rendered":"<p>A partir de esta ma\u00f1ana se reestableci\u00f3 el suministro de agua a las comunidades que fueron afectada por una fuga en la l\u00ednea de conducci\u00f3n principal del sistema hidr\u00e1ulico t\u00e9nek, trabajos que se prolongaron por varias horas y dieron por t\u00e9rmino la madrugada de este &hellip; <\/p>\n","protected":false},"author":1,"featured_media":96489,"comment_status":"open","ping_status":"open","sticky":false,"template":"","format":"standard","meta":{"footnotes":""},"categories":[14,28,7,11,15,16,4],"tags":[],"class_list":["post-96488","post","type-post","status-publish","format-standard","has-post-thumbnail","hentry","category-caneros","category-cnc","category-ciudad","category-estado","category-ganaderos","category-ingenios","category-inicio"],"_links":{"self":[{"href":"https:\/\/amanecerhuasteco.com\/portal\/wp-json\/wp\/v2\/posts\/96488","targetHints":{"allow":["GET"]}}],"collection":[{"href":"https:\/\/amanecerhuasteco.com\/portal\/wp-json\/wp\/v2\/posts"}],"about":[{"href":"https:\/\/amanecerhuasteco.com\/portal\/wp-json\/wp\/v2\/types\/post"}],"author":[{"embeddable":true,"href":"https:\/\/amanecerhuasteco.com\/portal\/wp-json\/wp\/v2\/users\/1"}],"replies":[{"embeddable":true,"href":"https:\/\/amanecerhuasteco.com\/portal\/wp-json\/wp\/v2\/comments?post=96488"}],"version-history":[{"count":1,"href":"https:\/\/amanecerhuasteco.com\/portal\/wp-json\/wp\/v2\/posts\/96488\/revisions"}],"predecessor-version":[{"id":96490,"href":"https:\/\/amanecerhuasteco.com\/portal\/wp-json\/wp\/v2\/posts\/96488\/revisions\/96490"}],"wp:featuredmedia":[{"embeddable":true,"href":"https:\/\/amanecerhuasteco.com\/portal\/wp-json\/wp\/v2\/media\/96489"}],"wp:attachment":[{"href":"https:\/\/amanecerhuasteco.com\/portal\/wp-json\/wp\/v2\/media?parent=96488"}],"wp:term":[{"taxonomy":"category","embeddable":true,"href":"https:\/\/amanecerhuasteco.com\/portal\/wp-json\/wp\/v2\/categories?post=96488"},{"taxonomy":"post_tag","embeddable":true,"href":"https:\/\/amanecerhuasteco.com\/portal\/wp-json\/wp\/v2\/tags?post=96488"}],"curies":[{"name":"wp","href":"https:\/\/api.w.org\/{rel}","templated":true}]}}