{"id":96579,"date":"2024-06-18T09:37:42","date_gmt":"2024-06-18T15:37:42","guid":{"rendered":"https:\/\/amanecerhuasteco.com\/portal\/?p=96579"},"modified":"2024-06-18T09:37:44","modified_gmt":"2024-06-18T15:37:44","slug":"ayuntamiento-de-ebano-inicio-acciones-preventivas-por-tormenta-tropical","status":"publish","type":"post","link":"https:\/\/amanecerhuasteco.com\/portal\/ayuntamiento-de-ebano-inicio-acciones-preventivas-por-tormenta-tropical\/","title":{"rendered":"Ayuntamiento de \u00c9bano inicio acciones preventivas por tormenta tropical"},"content":{"rendered":"\n<p>\u00c9bano.-Ante la inminente llegada de la Tormenta Tropical y la temporada de huracanes, el Gobierno Municipal de \u00c9bano que encabeza la alcaldesa, la C. Mar\u00eda Soledad Carre\u00f1o Linares toma la iniciativa con acciones preventivas.<\/p>\n\n\n\n<p>Se est\u00e1n llevando a cabo intensivos trabajos de limpieza en puentes y desazolve de drenes pluviales.<\/p>\n\n\n\n<p>Hacemos un llamado a los ciudadanos a mantener estas \u00e1reas libres de basura, contribuyendo as\u00ed a la prevenci\u00f3n de inundaciones.<\/p>\n\n\n\n<p>La colaboraci\u00f3n es clave: trabajadores de Obras P\u00fablicas, DAPAS, Codesol, Protecci\u00f3n Civil y el H. Cuerpo de Bomberos unen fuerzas para coordinar estos esfuerzos vitales. Juntos, trabajamos por la seguridad de nuestra comunidad.<\/p>\n\n\n\n<h1 class=\"wp-block-heading\">UnGobiernoSolidario #SoledadCarre\u00f1o #\u00c9banoSeguro #ContigoCambiamosLaHistoria #TormentaTropical #\u00c9bano<\/h1>\n","protected":false},"excerpt":{"rendered":"<p>\u00c9bano.-Ante la inminente llegada de la Tormenta Tropical y la temporada de huracanes, el Gobierno Municipal de \u00c9bano que encabeza la alcaldesa, la C. Mar\u00eda Soledad Carre\u00f1o Linares toma la iniciativa con acciones preventivas. Se est\u00e1n llevando a cabo intensivos trabajos de limpieza en puentes &hellip; <\/p>\n","protected":false},"author":1,"featured_media":96580,"comment_status":"open","ping_status":"open","sticky":false,"template":"","format":"standard","meta":{"footnotes":""},"categories":[13,14,28,7,22,11,15,4,12],"tags":[],"class_list":["post-96579","post","type-post","status-publish","format-standard","has-post-thumbnail","hentry","category-agropecuaria","category-caneros","category-cnc","category-ciudad","category-ebano","category-estado","category-ganaderos","category-inicio","category-nacional"],"_links":{"self":[{"href":"https:\/\/amanecerhuasteco.com\/portal\/wp-json\/wp\/v2\/posts\/96579","targetHints":{"allow":["GET"]}}],"collection":[{"href":"https:\/\/amanecerhuasteco.com\/portal\/wp-json\/wp\/v2\/posts"}],"about":[{"href":"https:\/\/amanecerhuasteco.com\/portal\/wp-json\/wp\/v2\/types\/post"}],"author":[{"embeddable":true,"href":"https:\/\/amanecerhuasteco.com\/portal\/wp-json\/wp\/v2\/users\/1"}],"replies":[{"embeddable":true,"href":"https:\/\/amanecerhuasteco.com\/portal\/wp-json\/wp\/v2\/comments?post=96579"}],"version-history":[{"count":1,"href":"https:\/\/amanecerhuasteco.com\/portal\/wp-json\/wp\/v2\/posts\/96579\/revisions"}],"predecessor-version":[{"id":96581,"href":"https:\/\/amanecerhuasteco.com\/portal\/wp-json\/wp\/v2\/posts\/96579\/revisions\/96581"}],"wp:featuredmedia":[{"embeddable":true,"href":"https:\/\/amanecerhuasteco.com\/portal\/wp-json\/wp\/v2\/media\/96580"}],"wp:attachment":[{"href":"https:\/\/amanecerhuasteco.com\/portal\/wp-json\/wp\/v2\/media?parent=96579"}],"wp:term":[{"taxonomy":"category","embeddable":true,"href":"https:\/\/amanecerhuasteco.com\/portal\/wp-json\/wp\/v2\/categories?post=96579"},{"taxonomy":"post_tag","embeddable":true,"href":"https:\/\/amanecerhuasteco.com\/portal\/wp-json\/wp\/v2\/tags?post=96579"}],"curies":[{"name":"wp","href":"https:\/\/api.w.org\/{rel}","templated":true}]}}