{"id":96663,"date":"2024-06-21T10:31:21","date_gmt":"2024-06-21T16:31:21","guid":{"rendered":"https:\/\/amanecerhuasteco.com\/portal\/?p=96663"},"modified":"2024-06-21T10:31:23","modified_gmt":"2024-06-21T16:31:23","slug":"por-inaugurarse-la-exposicion-uaslp-entre-politica-mas-autonomia-del-caricaturista-potosino-pingo","status":"publish","type":"post","link":"https:\/\/amanecerhuasteco.com\/portal\/por-inaugurarse-la-exposicion-uaslp-entre-politica-mas-autonomia-del-caricaturista-potosino-pingo\/","title":{"rendered":"Por inaugurarse, la exposici\u00f3n \u201cUASLP entre pol\u00edtica m\u00e1s autonom\u00eda\u201d del caricaturista potosino \u201cPingo\u201d"},"content":{"rendered":"\n<p><\/p>\n\n\n\n<p>La Universidad Aut\u00f3noma de San Luis Potos\u00ed (UASLP) a trav\u00e9s de la Secretar\u00eda de Difusi\u00f3n Cultural, invita a la apertura de la exposici\u00f3n \u201cUASLP entre pol\u00edtica m\u00e1s autonom\u00eda\u201d que, por primera vez, exhibir\u00e1 m\u00e1s de un centenar de vi\u00f1etas del caricaturista Alfredo Narv\u00e1ez Ochoa \u201cPingo\u201d, cuya trayectoria abarca casi cuatro d\u00e9cadas de labor period\u00edstica.<\/p>\n\n\n\n<p>La muestra tendr\u00e1 lugar en el patio del Edificio Central de la UASLP, donde ser\u00e1 inaugurada a las 12:00 horas del martes 25 de junio de 2024 y estar\u00e1 vigente hasta el jueves 18 de julio, con entrada libre para todo p\u00fablico. Las im\u00e1genes impresas en gran formato se complementar\u00e1n con dibujos originales, fotograf\u00edas, as\u00ed como videos del proceso de creaci\u00f3n de las caricaturas.&nbsp;<\/p>\n\n\n\n<p>En entrevista, \u201cPingo\u201d explic\u00f3 que la exposici\u00f3n tiene como base las caricaturas que elabor\u00f3 durante los \u00faltimos 35 a\u00f1os en alusi\u00f3n a 5 rectores. \u201cEl tema central es la universidad, van a ver a la FUP, injerencias de gobiernos tanto municipal como estatal, los ingresos a la universidad y la falta de espacios, etc\u00e9tera. Otra parte es la pol\u00edtica actual junto con su adhesi\u00f3n a la pol\u00edtica nacional, resumida en algunos personajes que la representan\u201d, dijo.<\/p>\n\n\n\n<p>El autor coment\u00f3 que su proceso creativo conlleva realizar diariamente un an\u00e1lisis y la selecci\u00f3n de la informaci\u00f3n. Luego de que decide sobre qu\u00e9 tema va a trabajar, elabora el boceto a l\u00e1piz y posteriormente el entintado con tinta china. Todo esto implica que dedique de cuatro a cinco horas a la elaboraci\u00f3n de un solo cart\u00f3n. En estos 39 a\u00f1os de trabajo calcula que ha realizado alrededor de 30 mil caricaturas, cuyos originales a\u00fan los conserva.<\/p>\n\n\n\n<p>Alfredo Narv\u00e1ez inici\u00f3 su etapa de dibujante cuando a\u00fan se encontraba en la preparatoria al ilustrar los textos para un pasqu\u00edn. La primera incursi\u00f3n en el medio fue como caricaturista deportivo del diario impreso \u201cMomento\u201d, etapa que corri\u00f3 del a\u00f1o de 1985 a 1991. Despu\u00e9s tuvo la oportunidad de ser cartonista editorial en la secci\u00f3n de locales del peri\u00f3dico Pulso de Editora Mival.<\/p>\n\n\n\n<p>Su caricatura se caracteriza por ser contundente y decisiva, reflejo de la forma de pensar de su autor, quien es profundamente analista, cr\u00edtico y duro. Los dibujos, siempre cargados de un humor \u00e1cido, permiten al lector distintos tipos de apreciaci\u00f3n de un mismo acontecimiento. \u201cPingo\u201d dibuja aquello que es de inter\u00e9s p\u00fablico.<\/p>\n\n\n\n<p>Sobre las reacciones a su trabajo coment\u00f3 que \u201cuna vez un secretario de Econom\u00eda, ahora diputado federal me dijo que no estaba tan feo\u2026 pero la caricatura se trata de llamar la atenci\u00f3n con el personaje, uno distorsiona o resalta sus facciones. Otro diputado federal me dijo que lo hab\u00eda hecho muy feo o muy pel\u00f3n\u201d, concluy\u00f3.<\/p>\n","protected":false},"excerpt":{"rendered":"<p>La Universidad Aut\u00f3noma de San Luis Potos\u00ed (UASLP) a trav\u00e9s de la Secretar\u00eda de Difusi\u00f3n Cultural, invita a la apertura de la exposici\u00f3n \u201cUASLP entre pol\u00edtica m\u00e1s autonom\u00eda\u201d que, por primera vez, exhibir\u00e1 m\u00e1s de un centenar de vi\u00f1etas del caricaturista Alfredo Narv\u00e1ez Ochoa \u201cPingo\u201d, &hellip; <\/p>\n","protected":false},"author":1,"featured_media":96664,"comment_status":"open","ping_status":"open","sticky":false,"template":"","format":"standard","meta":{"footnotes":""},"categories":[25,22,11,15,16,4,44,30,31,9,42,21,53,20,57,43,32],"tags":[],"class_list":["post-96663","post","type-post","status-publish","format-standard","has-post-thumbnail","hentry","category-aquismon","category-ebano","category-estado","category-ganaderos","category-ingenios","category-inicio","category-matehuala","category-rioverde","category-sanluispotosi","category-sociales","category-soledad","category-tamasopo","category-tamazunchale","category-tamuin","category-tanlajas","category-villa-de-reyes","category-xilitla"],"_links":{"self":[{"href":"https:\/\/amanecerhuasteco.com\/portal\/wp-json\/wp\/v2\/posts\/96663","targetHints":{"allow":["GET"]}}],"collection":[{"href":"https:\/\/amanecerhuasteco.com\/portal\/wp-json\/wp\/v2\/posts"}],"about":[{"href":"https:\/\/amanecerhuasteco.com\/portal\/wp-json\/wp\/v2\/types\/post"}],"author":[{"embeddable":true,"href":"https:\/\/amanecerhuasteco.com\/portal\/wp-json\/wp\/v2\/users\/1"}],"replies":[{"embeddable":true,"href":"https:\/\/amanecerhuasteco.com\/portal\/wp-json\/wp\/v2\/comments?post=96663"}],"version-history":[{"count":1,"href":"https:\/\/amanecerhuasteco.com\/portal\/wp-json\/wp\/v2\/posts\/96663\/revisions"}],"predecessor-version":[{"id":96665,"href":"https:\/\/amanecerhuasteco.com\/portal\/wp-json\/wp\/v2\/posts\/96663\/revisions\/96665"}],"wp:featuredmedia":[{"embeddable":true,"href":"https:\/\/amanecerhuasteco.com\/portal\/wp-json\/wp\/v2\/media\/96664"}],"wp:attachment":[{"href":"https:\/\/amanecerhuasteco.com\/portal\/wp-json\/wp\/v2\/media?parent=96663"}],"wp:term":[{"taxonomy":"category","embeddable":true,"href":"https:\/\/amanecerhuasteco.com\/portal\/wp-json\/wp\/v2\/categories?post=96663"},{"taxonomy":"post_tag","embeddable":true,"href":"https:\/\/amanecerhuasteco.com\/portal\/wp-json\/wp\/v2\/tags?post=96663"}],"curies":[{"name":"wp","href":"https:\/\/api.w.org\/{rel}","templated":true}]}}