{"id":96752,"date":"2024-06-24T19:37:07","date_gmt":"2024-06-25T01:37:07","guid":{"rendered":"https:\/\/amanecerhuasteco.com\/portal\/?p=96752"},"modified":"2024-06-24T19:37:09","modified_gmt":"2024-06-25T01:37:09","slug":"entre-columnas-615","status":"publish","type":"post","link":"https:\/\/amanecerhuasteco.com\/portal\/entre-columnas-615\/","title":{"rendered":"ENTRE COLUMNAS"},"content":{"rendered":"\n<h1 class=\"wp-block-heading\">&nbsp;<\/h1>\n\n\n\n<p>CASI DIPUTADO LOCAL PLURINOMINAL POR EL PAN&nbsp; ELIMINADO DEL PROXIMO CONGRESO LOCAL.<\/p>\n\n\n\n<p>&#8211;&nbsp; El suplente, Enrique Gerardo Ortiz Hern\u00e1ndez ser\u00eda quien asuma funciones. Suertudo.<\/p>\n\n\n\n<p>Marcelino Rivera Hern\u00e1ndez &nbsp;FUE&nbsp; ELIMINADO&nbsp;&nbsp; de la pr\u00f3xima legislatura &nbsp;est\u00e1 impedido de asumir funciones como diputado local plurinominal del Partido Acci\u00f3n Nacional seg\u00fan se dio a conocer, el pasado mes de mayo fue inhabilitado por el Instituto de Fiscalizaci\u00f3n Superior del Estado (IFSE) al detectarse &nbsp;una serie de irregularidades en el gobierno que encabez\u00f3 de 2012 a 2015, como presidente municipal de San Mart\u00edn Chalchicuautla.<\/p>\n\n\n\n<p>&nbsp;Seg\u00fan se dio a conocer, Rivera Hern\u00e1ndez sobre la inhabilitaci\u00f3n por 20 a\u00f1os en su contra, as\u00ed como una multa por m\u00e1s de 779 mil pesos por las inconsistencias que se detectaron en el manejo de los recursos p\u00fablicos del Ayuntamiento, observaciones que no solvent\u00f3 conforme al dictamen.&nbsp;<\/p>\n\n\n\n<p>El panista recientemente hab\u00eda&nbsp; recibido la constancia de diputado PLURI&nbsp; &nbsp;para formar parte de la LXIV Legislatura del Congreso del Estado, aparec\u00eda en la segunda posici\u00f3n del listado de candidatos a diputados plurinominales del Partido Acci\u00f3n Nacional, sin embargo, de resultar procedente la inhabilitaci\u00f3n, podr\u00eda ser su suplente, Enrique Gerardo Ortiz Hern\u00e1ndez quien asuma funciones<\/p>\n\n\n\n<p>++++++++++++++++<\/p>\n\n\n\n<p>VUELVE DAVID MEDINA A LA ALCALDIA&nbsp; VALLENSE.<\/p>\n\n\n\n<p>&#8211; Seguramente&nbsp; ahora&nbsp; aplicara los&nbsp; 1500 MDP&nbsp; que anuncio para pavimentar calles.<\/p>\n\n\n\n<p>Con la reelecci\u00f3n en la bolsa, el presidente municipal constitucional de Valles&nbsp;&nbsp; retom\u00f3 el cargo al que hab\u00eda solicitado licencia obligada en declaraciones&nbsp; una vez investido por el cabildo como alcalde, David&nbsp; Medina dijo que viene renovado y ganas de trabajar\u201d despu\u00e9s de tres meses y medio de licencia para buscar la reelecci\u00f3n.<\/p>\n\n\n\n<p>Ante el Cabildo, Medina Salazar hizo el compromiso que ahora ser\u00e1 m\u00e1s rigorista con sus funcionarios,<\/p>\n\n\n\n<p>Adujo que al estar en campa\u00f1a, constat\u00f3 que los funcionarios olvidaron su conducta hacia el pueblo de humildad y agrego que&nbsp; varios de ellos ser\u00e1n renunciados antes de&nbsp; iniciar el segundo trienio como mun\u00edcipe autocalific\u00e1ndose&nbsp; que \u201cllegara un nuevo Medina a partir del 1 de octubre.<\/p>\n\n\n\n<p>AHORA SI ATENDERA AL PUEBLO .<\/p>\n\n\n\n<p>Durante el trienio que&nbsp; concluye en septiembre, Medina Salazar se&nbsp; distingui\u00f3 por sus ausencias&nbsp; por semanas completas comentaron los funcionarios&nbsp; que&nbsp; aprovechando esa condici\u00f3n tambi\u00e9n se \u201chac\u00edan la pinta\u201d y los regidores&nbsp; no&nbsp; han cumplido con sus funciones.&nbsp; Medina&nbsp; ahora si atender\u00e1&nbsp; al pueblo&nbsp; dijo al reasumir el cargo.<\/p>\n\n\n\n<p>+++++++++++<\/p>\n\n\n\n<p>PR\u00c9STAMOS\u2026.<\/p>\n\n\n\n<p>de&nbsp; dinero inmediatos a pensionados<\/p>\n\n\n\n<h2 class=\"wp-block-heading\">CFE, ISSSTE.FFCC, SCT, PEMEX,<\/h2>\n\n\n\n<h2 class=\"wp-block-heading\">ACTIVOS Y JUBILADOS&nbsp; IMSS<\/h2>\n\n\n\n<p>SIN AFECTAR TARJETON.<\/p>\n\n\n\n<h2 class=\"wp-block-heading\">Ll\u00e1menos las 24 hrs del d\u00eda<\/h2>\n\n\n\n<p>LLAMENOS 4811039565<\/p>\n\n\n\n<p>CREDITO INMEDIATO<\/p>\n\n\n\n<p>+++++++++++++<\/p>\n\n\n\n<p>INICIATIVA DE LEY PARA EVITAR ABUSOS CONTRA ADULTOS MAYORES.<\/p>\n\n\n\n<p>La Comisi\u00f3n de Justicia del Congreso del Estado analiza una iniciativa para que se declare incapaces de adquirir cualquier bien por testamento o intestado, a las personas que hayan cometido conductas de discriminaci\u00f3n, lesiones, violencia f\u00edsica o moral, violencia sexual, abandono, descuido o negligencia, explotaci\u00f3n y, en general, cualquier acto que perjudique a las personas adultas mayores.<\/p>\n\n\n\n<p>Se indica que las personas adultas mayores tienen derecho a vivir con seguridad, ser libres de cualquier forma de explotaci\u00f3n, maltrato f\u00edsico o mental y recibir un trato digno, por ello, la actuaci\u00f3n judicial deber\u00e1 ser particularmente expedita en casos en que se encuentre en riesgo la salud o la vida de la persona mayor.<\/p>\n\n\n\n<p>Toda acci\u00f3n a favor de las personas adultas mayores representa un cambio estructural en el dise\u00f1o de la pol\u00edtica p\u00fablica de vejez, con una visi\u00f3n integral de las condiciones que propicien su desarrollo humano.<\/p>\n\n\n\n<p>&nbsp; Esta iniciativa responde a la necesidad de establecer mecanismos de protecci\u00f3n hacia las personas adultas mayores, que con mayor frecuencia e intensidad son v\u00edctimas de maltrato f\u00edsico y verbal, despojos y abusos por parte de su propia familia o de personas ajenas, situaciones que acent\u00faan su vulnerabilidad.<\/p>\n\n\n\n<p>Se indica que en nuestro Estado existe la Ley de las Personas Adultas Mayores, la cual establece un marco jur\u00eddico que contempla programas y acciones encaminadas a valorar sus condiciones de vida, as\u00ed como la protecci\u00f3n de sus derechos, sin embargo, esto no es suficiente, ya que se presentan casos en que las familias solo tienen inter\u00e9s en los adultos mayores con motivo de alg\u00fan bien ya sea dinero, inmuebles o pensiones las cuales pretenden quedarse con ellas como sucesi\u00f3n. propone establecer como causal como incapacidad de heredar por testamento o por intestado, quienes hayan cometido conductas de discriminaci\u00f3n, lesiones, violencia f\u00edsica o moral, violencia sexual, abandono, descuido o negligencia, marginaci\u00f3n explotaci\u00f3n y, en general, cualquier acto que le perjudique a la persona adulta mayor autor de la herencia.<\/p>\n\n\n\n<p>+++++++++++<\/p>\n\n\n\n<p>QFB&nbsp; FABIOLA GARCIA ALVAREZ<\/p>\n\n\n\n<h2 class=\"wp-block-heading\">Perito dictaminador en an\u00e1lisis bacteriol\u00f3gico de agua<\/h2>\n\n\n\n<p>Y alimentos con n\u00famero GES-PD 0705<\/p>\n\n\n\n<p>Perito dictaminador en&nbsp; estupefacientes GES-PD0523<\/p>\n\n\n\n<p>Maestr\u00eda&nbsp; en an\u00e1lisis cl\u00ednicos 1301 \u2013 368068<\/p>\n\n\n\n<p>Ced&nbsp; prof&nbsp; 8664204&nbsp;&nbsp; Tel. 38 1 66 64<\/p>\n\n\n\n<p>Asesor\u00eda,&nbsp; auditor\u00eda&nbsp; y gesti\u00f3n ambiental.<\/p>\n\n\n\n<p>G. Victoria No. 8&nbsp; zona centro Cd Valles SLP.<\/p>\n\n\n\n<p>.++++++++++++++<\/p>\n\n\n\n<p>TRASVASE&nbsp; DE&nbsp; AGUA DEL PANUCO A TAMAULIPAS NO AFECTARA A&nbsp; MEDIO AMBIENTE POTOSINO.<\/p>\n\n\n\n<p>+.-&nbsp; Trascendi\u00f3&nbsp; que no&nbsp; se&nbsp; bombear\u00e1&nbsp; agua del R\u00edo Tampaon&nbsp; al sur de Tamaulipas. Tl\u00e1loc&nbsp; ya los&nbsp; inund\u00f3.<\/p>\n\n\n\n<p>Es posible que&nbsp; el plan del gobierno de&nbsp; Tamaulipas avalado por la CONAGUA y el visto&nbsp; bueno del potosino,&nbsp; de&nbsp; trasvasar&nbsp; agua del r\u00edo P\u00e1nuco a&nbsp; represas&nbsp; de&nbsp; aquel estado podr\u00eda&nbsp; cancelarse&nbsp; o aplazarse&nbsp; una vez que&nbsp; la tormenta tropical ALBERTO \u201cdej\u00f3&nbsp; abundante&nbsp; agua\u201d&nbsp; que resuelve ese problema&nbsp; generado por la prolongada sequ\u00eda.<\/p>\n\n\n\n<p>El pasado 14&nbsp; de junio&nbsp; del presente a\u00f1o se&nbsp; emiti\u00f3 el siguiente&nbsp; bolet\u00edn;<br>&nbsp;Se priorizar\u00e1 el Derecho Humano al Agua como lo marca la Ley de Aguas Nacionales en los r\u00edos de la naci\u00f3n,&nbsp; El Gobierno del Estado de San Luis Potos\u00ed informa que tras el acuerdo con la Comisi\u00f3n Nacional del Agua (Conagua) y el Gobierno de Tamaulipas se acord\u00f3 un programa para extraer agua por 30 d\u00edas, del R\u00edo Tampa\u00f3n para ser enviada al sistema lagunajo que abastece a las ciudades de Tampico y Altamira, tras asegurarse que no habr\u00e1 afectaciones para los centros poblacionales ni actividades agr\u00edcolas de la Entidad potosina.<br><br><\/p>\n\n\n\n<p>La Conagua puntualiz\u00f3 que no se provocar\u00e1n da\u00f1os ambientales o contaminaci\u00f3n, ya que no se requieren obras de ning\u00fan tipo y solamente se abren las compuertas a drenes ya existentes y se aceptaron las condiciones bajo protesta este acuerdo, priorizando el Derecho Humano al Agua como marca la Ley de Aguas Nacionales.<br>La dependencia federal detall\u00f3 que se realizar\u00e1 un trasvase de dos metros c\u00fabicos por segundo para el sistema lagunajo de Tamaulipas que a su vez abastece de agua potable a dichas ciudades, los gastos que se generen, principalmente en energ\u00eda el\u00e9ctrica, ser\u00e1n cubiertos por Tamaulipas.<br>Cabe mencionar que, para hacer frente a la sequ\u00eda y desabasto de agua en territorio potosino, se rehabilitaron las presas El Peaje y El Realito, se sustituyeron 2 mil metros del acueducto de El Realito, se han rehabilitado y se proyectan nuevos pozos, se han repartido cisternas a viviendas que carecen de almacenamiento, capacitado a trabajadores de organismos operadores y se mantiene vigente el operativo de duraci\u00f3n de agua potable gratuita a los hogares con pipas.<\/p>\n\n\n\n<p>++++++++++++<\/p>\n\n\n\n<h1 class=\"wp-block-heading\">CARROCERIAS&nbsp; BUSTOS<\/h1>\n\n\n\n<h2 class=\"wp-block-heading\">Reforma y Lerdo de tejada Col. Altavista.<\/h2>\n\n\n\n<p>Cd Valles SLP&nbsp; Tel. 3824777.<\/p>\n\n\n\n<p>En carrocer\u00edas para camiones y camionetas nadie nos compite.<\/p>\n\n\n\n<p>++++++++++++++<\/p>\n\n\n\n<p>Nuestra metr\u00f3poli sigue siendo un \u201cranchote\u201d<\/p>\n\n\n\n<p>GANADO VACUNO, CABALLOS Y ASNOS, PASTAN&nbsp; EN PLENO CENTRO DE LA CIUDAD.<\/p>\n\n\n\n<p>Las&nbsp; estad\u00edsticas&nbsp; sobre accidentes&nbsp; viales&nbsp; en las&nbsp; carreteras&nbsp; federales libres en los&nbsp; que&nbsp; el ganado suelto&nbsp; sobre la&nbsp; carretera&nbsp; son superadas&nbsp; por los&nbsp; registrados&nbsp; en la llamada autopista&nbsp; tramo de La&nbsp; Pitahaya&nbsp; hasta&nbsp; el entronque&nbsp; con la&nbsp; libre&nbsp; carretera&nbsp; Tamuin- Tampico, el saldo ha sido de&nbsp; cuantiosas&nbsp; p\u00e9rdidas&nbsp; materiales&nbsp; afortunadamente, pero&nbsp; en&nbsp; esta ciudad&nbsp;&nbsp; en plena&nbsp; zona urbana, un motociclista&nbsp; choc\u00f3 contra un caballo&nbsp; que&nbsp; se&nbsp; atraves\u00f3 a su paso y falleci\u00f3&nbsp; el joven repartidor&nbsp; tres d\u00edas&nbsp; mas tarde.<\/p>\n\n\n\n<p>Sobre&nbsp; el fatal suceso, el analista pol\u00edtico Jes\u00fas Sierra&nbsp; publica&nbsp; en su plataforma el tema del ganado suelto en la v\u00eda p\u00fablica: el Bando de Polic\u00eda y Gobierno de ciudad Valles, S.L.P&nbsp; establece<\/p>\n\n\n\n<p>Art\u00edculo 100. Son faltas al medio ambiente sano:<\/p>\n\n\n\n<p>II. Permitir, los due\u00f1os de los animales, que \u00e9stos beban de las fuentes p\u00fablicas, as\u00ed como, que pasten, defequen o hagan da\u00f1os en los jardines y \u00e1reas verdes o cualquier otro lugar p\u00fablico;<\/p>\n\n\n\n<p>III. A los due\u00f1os de animales que defequen en la v\u00eda p\u00fablica deber\u00e1n limpiar, los desechos que dejen los mismos y depositar dichos desechos en la basura;<\/p>\n\n\n\n<p>IV. Introducir animales en los sitios p\u00fablicos que as\u00ed lo proh\u00edban;<\/p>\n\n\n\n<p>V. Dejar sueltos a los animales en lugares p\u00fablicos o habitados obstruyendo las v\u00edas de comunicaci\u00f3n que impliquen peligro a las personas o sus bienes.<\/p>\n\n\n\n<p>En&nbsp; el caso&nbsp; del motociclista&nbsp;&nbsp; que choc\u00f3 contra&nbsp; el animal suelto&nbsp; que&nbsp; cruz\u00f3 la calle a tropel cuando se aproximaba el ahora occiso, no se tipifica&nbsp; en el reglamento&nbsp; pero&nbsp; bien puede&nbsp; equipararse&nbsp; para&nbsp; el propietario del semoviente&nbsp; culpa penal, por irresponsable en el cuidado de&nbsp; sus bestias, adem\u00e1s de&nbsp; hacerlo&nbsp; pagar hospitalizaci\u00f3n, medicinas y funerales y lo que reclame la familia.<\/p>\n\n\n\n<p>En el mismo reglamento se&nbsp; autoriza&nbsp; a la polic\u00eda municipal a capturar los semovientes y conducirlos&nbsp; a&nbsp; un corral(inclusive la Asociaci\u00f3n Ganadera&nbsp; ofreci\u00f3 este servicio, nunca&nbsp; fue&nbsp; aprovechada por las autoridades municipales)&nbsp;<\/p>\n\n\n\n<p>La polic\u00eda en lugar de andar tras los&nbsp; automovilistas para&nbsp; infraccionarlos&nbsp; o extorsionarlos, deb\u00edan cumplir con esta encomienda de la Ley.<\/p>\n\n\n\n<p>+++++++++<\/p>\n\n\n\n<p>\u201cFINCA&nbsp; SAN ISIDRO\u201d<\/p>\n\n\n\n<h2 class=\"wp-block-heading\">Sal\u00f3n para fiestas de todo tipo.<\/h2>\n\n\n\n<p>Carretera Valles \u2013 R\u00edo Verde Km. 8<\/p>\n\n\n\n<p>Contrataciones al Tel. 01 481<\/p>\n\n\n\n<p>++++++++++++<\/p>\n\n\n\n<p>TRAMO DE CARRETERA&nbsp; TANCNHUITZ- TAMPAMOLON&nbsp; REPARADO POR EL ESTADO.<\/p>\n\n\n\n<p>Transportistas que&nbsp; cubren la ruta del eje&nbsp; carretero Xolol-Tamuin&nbsp; y puntos intermedios, lamentan que&nbsp; apenas&nbsp; hace dos meses el Gobierno dl estado &nbsp;inici\u00f3 la&nbsp; reparaci\u00f3n de la&nbsp; carpeta asf\u00e1ltica&nbsp; tramo de&nbsp;&nbsp; Tancaanhuitz a Tampamol\u00f3n, pero seg\u00fan dicen, la&nbsp; calidad de&nbsp; materiales y obras no soportan los&nbsp; efectos&nbsp; de las&nbsp; torrenciales&nbsp; lluvias&nbsp; que en los \u00faltimos d\u00edas&nbsp; se registran en la&nbsp; zona huasteca afectaran los trabajos que fueron iniciados el mes pasado.<\/p>\n\n\n\n<p>Aqu\u00ed informamos&nbsp; recientemente que m\u00e1s de 11 mil 500 personas usuarias y &nbsp;habitantes de la Huasteca potosina, tendr\u00e1n mejor movilidad, seguridad vial, reducci\u00f3n de tiempos de traslado e impulso al desarrollo econ\u00f3mico de la regi\u00f3n, con la reconstrucci\u00f3n del eje carretero Xolol, en su primera etapa de Tancanhuitz a Tampamol\u00f3n,,,, dio el banderazo de inicio el Titular del Poder Ejecutivo del Estado, Ricardo Gallardo Cardona, con una longitud de 18 kil\u00f3metros.<\/p>\n\n\n\n<p>La mencionada&nbsp; carretera&nbsp; estuvo sin atenci\u00f3n durante l sexenio Carrerista, las&nbsp; condiciones por el mal estado debido al abandono por &nbsp;d\u00e9cadas de la herencia maldita, el Mandatario dijo para la actual administraci\u00f3n estatal son importantes estas obras, ya que cambian la vida a las personas por que se atienden las necesidades, como el traslado de estudiantes, trabajadores, enfermos, turistas y mercanc\u00edas..<br>El rescate del eje carretero Xolol beneficiar\u00e1 directamente a Tancanhuitz y Tampamol\u00f3n, as\u00ed como a Tanqui\u00e1n de Escobedo, San Vicente Tancuayalab y Tamu\u00edn.<br>+++++++++++<\/p>\n\n\n\n<p>NINGUN ASPIRANTE A LA ALCALDIA DE VALLES, ABORDO EL TEMA DEL PARQUE INDUSTRIAL.<\/p>\n\n\n\n<p>Termin\u00f3 el relajo electoral en el caso de Valles reelegir&nbsp; al presidente municipal David&nbsp; Medina, quien&nbsp; retom\u00f3 el cargo y se declara fortalecido y con experiencias&nbsp; que dice se&nbsp; traducir\u00e1n en beneficio del pueblo, pero ni \u00e9ste&nbsp; ni los dem\u00e1s candidatos&nbsp; durante su campa\u00f1a no abordaron o cuando menos&nbsp; recordaron el compromiso de&nbsp; una&nbsp; zona industrial para atraer&nbsp; fuentes de empelo que&nbsp; requiere la juventud&nbsp; que&nbsp; egresa de escuelas profesionales y tienen que&nbsp; migrar a otras&nbsp; regiones&nbsp; del pa\u00eds porque en Ciudad Valles y su zona de influencia no existen ninguna posibilidad de&nbsp; emplearse.<\/p>\n\n\n\n<p>LA&nbsp; CIUDADANIA&nbsp; comenta con raz\u00f3n que&nbsp; no solamente tenga preferencia la capital la instalaci\u00f3n de empresas y &nbsp;&nbsp;&nbsp;&nbsp;&nbsp;&nbsp;&nbsp;&nbsp; que el anuncio del gobernador del estado que&nbsp; ya se&nbsp; dispon\u00edan el terreno para el parque industrial de Valles&nbsp; fue&nbsp; antes de las elecciones y no se ha vuelto a tratar el tema&nbsp; ni por los candidatos a la alcald\u00eda, o los candidatos a diputados federales y locales.<\/p>\n\n\n\n<p>Hace mas de&nbsp; 20 a\u00f1os los&nbsp; gobiernos&nbsp; del estado anteriores&nbsp; al actual, presumieron que&nbsp; Ciudad Valles&nbsp; contaba&nbsp; con su zona industrial&nbsp; que contribu\u00eda&nbsp; al desarrollo econ\u00f3mico de esta zona y fuente de empleos, cuando&nbsp; en realidad&nbsp; es&nbsp; un muladar&nbsp; donde&nbsp; opera una pensi\u00f3n de autobuses&nbsp; y una fundici\u00f3n peque\u00f1a y otro tipo de&nbsp; establecimientos, adem\u00e1s sus escasas&nbsp; calles pavimentadas convertidas&nbsp; en pistas de carreras de&nbsp; automovilistas aficionados, por eso&nbsp; despert\u00f3&nbsp; inter\u00e9s el anuncio del Mandatario Potosino que ser\u00e1n creadas&nbsp; zonas industriales para la huasteca y regi\u00f3n media.<\/p>\n\n\n\n<p>Seg\u00fan inform\u00f3 el Gobernador se trabaja en gestionar terrenos y buscar los mayores incentivos para la instalaci\u00f3n de empresas nacionales y extranjeras<\/p>\n\n\n\n<p>Anunci\u00f3 que desde el 2022, se llevan a cabo pl\u00e1ticas con c\u00e1maras empresariales, as\u00ed como con alcaldes de las regiones Media y Huasteca, para la ubicaci\u00f3n de terrenos ideales para la instalaci\u00f3n de nuevas zonas industriales en esos lugares, que ofrezcan las mejores condiciones para la inversi\u00f3n, con la finalidad de detonar la econom\u00eda, incrementar la creaci\u00f3n de empleos, y que no solo tenga crecimiento la capital, sino todas las zonas del Estado.&nbsp; Se busca que los terrenos&nbsp; sean donados y sin costo a las empresas que inviertan, as\u00ed como brindarles las mayores facilidades en los tr\u00e1mites estatales y municipales, dijo que con lo anterior se busca que lleguen empresas que, adem\u00e1s de la inversi\u00f3n para sus factor\u00edas, vengan acompa\u00f1adas por sus corporativos, como el caso de las inversiones de capital japon\u00e9s que llegaron a San Luis Potos\u00ed.&nbsp; Se trabajar\u00e1 para que tengan mayor inter\u00e9s en instalarse en los municipios de las regiones Media y Huasteca e incluso en el Altiplano\u201d. (esta noticia&nbsp; aqu\u00ed la publicamos el 20 de febrero del a\u00f1o 2023)<\/p>\n\n\n\n<p>\u00b4\u00b4++++++++++++++++++++<\/p>\n\n\n\n<p>\u00bfC\u00f3mo da\u00f1an las redes sociales al cerebro?<\/p>\n\n\n\n<p>*Se han identificado cambios anat\u00f3micos en el cerebro relacionados con la adicci\u00f3n a las redes sociales.<\/p>\n\n\n\n<p>(publicado en redes sociales)<\/p>\n\n\n\n<p>Las redes sociales han dejado de ser una mera moda pasajera y ahora se examina m\u00e1s de cerca su impacto en la salud, especialmente en el cerebro. Investigaciones recientes han arrojado luz sobre los efectos que su uso excesivo puede tener en nuestra mente.<\/p>\n\n\n\n<p>En un estudio a largo plazo sobre el desarrollo neuronal de los adolescentes y su relaci\u00f3n con la tecnolog\u00eda, investigadores de la Universidad de Carolina del Norte (EE.UU.) han encontrado que el uso frecuente de las redes sociales est\u00e1 vinculado a cambios en el cerebro de los j\u00f3venes y en su forma de percibir el mundo que los rodea.<\/p>\n\n\n\n<p>Publicado en enero de 2023 en la revista cient\u00edfica especializada JAMA Pediatrics, el estudio sugiere que los j\u00f3venes que pasan gran parte del d\u00eda en las redes sociales est\u00e1n desarrollando cerebros hipersensibles a las interacciones sociales. El constante flujo de me gusta, comentarios y mensajes de estas plataformas influye en c\u00f3mo los adolescentes reaccionan ante situaciones sociales en la vida real.<\/p>\n\n\n\n<p>Los resultados de la investigaci\u00f3n, que sigui\u00f3 a 169 j\u00f3venes de 13 a 17 a\u00f1os durante tres a\u00f1os, indicaron que aquellos que utilizaban las redes sociales con frecuencia (m\u00e1s de 15 veces al d\u00eda) mostraban una mayor sensibilidad neurol\u00f3gica a las recompensas y castigos sociales.<\/p>\n\n\n\n<p>Otro estudio realizado por investigadores de la Universidad del Sur de California ha identificado cambios anat\u00f3micos en el cerebro relacionados con la adicci\u00f3n a las redes sociales. Al examinar a 20 usuarios con diferentes niveles de adicci\u00f3n, se encontraron alteraciones en los vol\u00famenes de materia gris en regiones cerebrales asociadas con la adicci\u00f3n.<\/p>\n\n\n\n<p>Estos hallazgos sugieren que el abuso de las redes sociales puede provocar cambios en la anatom\u00eda cerebral similares a los observados en otras adicciones, como las sustancias y el juego. Estos descubrimientos resaltan la importancia de un uso consciente y moderado de las redes sociales para preservar la salud mental y el bienestar.<\/p>\n\n\n\n<p>++++++++<\/p>\n\n\n\n<p>&nbsp;\u201cCAF\u00c9 Y RESTAURANT&nbsp;<\/p>\n\n\n\n<p>EL FAROLITO<\/p>\n\n\n\n<p>Lo mejor de la cocina Huasteca; el tradicional zacahuil y cazueladas .Atendemos toda clase de&nbsp; festejos. Pedidos al Tel&nbsp; 3821017 Ciudad Valles SLP<\/p>\n\n\n\n<p>+++++++++++++<\/p>\n\n\n\n<p>&#8212;<\/p>\n","protected":false},"excerpt":{"rendered":"<p>&nbsp; CASI DIPUTADO LOCAL PLURINOMINAL POR EL PAN&nbsp; ELIMINADO DEL PROXIMO CONGRESO LOCAL. &#8211;&nbsp; El suplente, Enrique Gerardo Ortiz Hern\u00e1ndez ser\u00eda quien asuma funciones. Suertudo. Marcelino Rivera Hern\u00e1ndez &nbsp;FUE&nbsp; ELIMINADO&nbsp;&nbsp; de la pr\u00f3xima legislatura &nbsp;est\u00e1 impedido de asumir funciones como diputado local plurinominal del Partido &hellip; <\/p>\n","protected":false},"author":1,"featured_media":93548,"comment_status":"open","ping_status":"open","sticky":false,"template":"","format":"standard","meta":{"footnotes":""},"categories":[17],"tags":[],"class_list":["post-96752","post","type-post","status-publish","format-standard","has-post-thumbnail","hentry","category-colaboraciones"],"_links":{"self":[{"href":"https:\/\/amanecerhuasteco.com\/portal\/wp-json\/wp\/v2\/posts\/96752","targetHints":{"allow":["GET"]}}],"collection":[{"href":"https:\/\/amanecerhuasteco.com\/portal\/wp-json\/wp\/v2\/posts"}],"about":[{"href":"https:\/\/amanecerhuasteco.com\/portal\/wp-json\/wp\/v2\/types\/post"}],"author":[{"embeddable":true,"href":"https:\/\/amanecerhuasteco.com\/portal\/wp-json\/wp\/v2\/users\/1"}],"replies":[{"embeddable":true,"href":"https:\/\/amanecerhuasteco.com\/portal\/wp-json\/wp\/v2\/comments?post=96752"}],"version-history":[{"count":1,"href":"https:\/\/amanecerhuasteco.com\/portal\/wp-json\/wp\/v2\/posts\/96752\/revisions"}],"predecessor-version":[{"id":96753,"href":"https:\/\/amanecerhuasteco.com\/portal\/wp-json\/wp\/v2\/posts\/96752\/revisions\/96753"}],"wp:featuredmedia":[{"embeddable":true,"href":"https:\/\/amanecerhuasteco.com\/portal\/wp-json\/wp\/v2\/media\/93548"}],"wp:attachment":[{"href":"https:\/\/amanecerhuasteco.com\/portal\/wp-json\/wp\/v2\/media?parent=96752"}],"wp:term":[{"taxonomy":"category","embeddable":true,"href":"https:\/\/amanecerhuasteco.com\/portal\/wp-json\/wp\/v2\/categories?post=96752"},{"taxonomy":"post_tag","embeddable":true,"href":"https:\/\/amanecerhuasteco.com\/portal\/wp-json\/wp\/v2\/tags?post=96752"}],"curies":[{"name":"wp","href":"https:\/\/api.w.org\/{rel}","templated":true}]}}