{"id":96845,"date":"2024-06-28T09:30:56","date_gmt":"2024-06-28T15:30:56","guid":{"rendered":"https:\/\/amanecerhuasteco.com\/portal\/?p=96845"},"modified":"2024-06-28T09:30:57","modified_gmt":"2024-06-28T15:30:57","slug":"alcaldesa-maria-soledad-carreno-linares-funge-como-invitada-especial-en-ceremonia-de-clausura-del-ciclo-escolar-2018-2024-de-la-escuela-primaria-articulo-123-general-ignacio-zaragoza","status":"publish","type":"post","link":"https:\/\/amanecerhuasteco.com\/portal\/alcaldesa-maria-soledad-carreno-linares-funge-como-invitada-especial-en-ceremonia-de-clausura-del-ciclo-escolar-2018-2024-de-la-escuela-primaria-articulo-123-general-ignacio-zaragoza\/","title":{"rendered":"Alcaldesa Mar\u00eda Soledad Carre\u00f1o Linares, funge como invitada especial en ceremonia de clausura del ciclo escolar 2018-2024 de la Escuela Primaria Art\u00edculo 123 General Ignacio Zaragoza."},"content":{"rendered":"\n<p><\/p>\n\n\n\n<p>Esta ma\u00f1ana 79 alumnos de la Primaria Art\u00edculo 123 General Ignacio Zaragoza, culminaron sus estudios de nivel b\u00e1sico primario, en un significativo evento, que marc\u00f3 el cierre de una etapa crucial en la educaci\u00f3n de nuestros j\u00f3venes, contando con la presencia y el respaldo de la alcaldesa Soledad Carre\u00f1o.<\/p>\n\n\n\n<p>En un gesto de reconocimiento a la excelencia acad\u00e9mica, se entregaron reconocimientos a los alumnos con mayor aprovechamiento escolar, destacando su compromiso y desempe\u00f1o a lo largo de estos a\u00f1os. La alcaldesa Soledad Carre\u00f1o, felicit\u00f3 a los estudiantes graduados, alent\u00e1ndolos a continuar con su educaci\u00f3n y a perseguir sus sue\u00f1os con la misma dedicaci\u00f3n demostrada hasta ahora. Asimismo, extendi\u00f3 su reconocimiento y agradecimiento a los docentes, en particular a la directora del plantel, la profesora Diana Luz Hern\u00e1ndez Cruz, por su ardua labor y compromiso con la educaci\u00f3n de los j\u00f3venes de \u00c9bano.<\/p>\n\n\n\n<p>Por su parte, en su mensaje, la directora del plantel, profesora Diana Luz Hern\u00e1ndez Cruz, agradeci\u00f3 el apoyo incondicional que la alcaldesa ha brindado a la instituci\u00f3n educativa. Este respaldo ha sido fundamental para el desarrollo y mejoramiento de la calidad educativa ofrecida a los estudiantes.<\/p>\n","protected":false},"excerpt":{"rendered":"<p>Esta ma\u00f1ana 79 alumnos de la Primaria Art\u00edculo 123 General Ignacio Zaragoza, culminaron sus estudios de nivel b\u00e1sico primario, en un significativo evento, que marc\u00f3 el cierre de una etapa crucial en la educaci\u00f3n de nuestros j\u00f3venes, contando con la presencia y el respaldo de &hellip; <\/p>\n","protected":false},"author":1,"featured_media":96846,"comment_status":"open","ping_status":"open","sticky":false,"template":"","format":"standard","meta":{"footnotes":""},"categories":[13,22,4],"tags":[],"class_list":["post-96845","post","type-post","status-publish","format-standard","has-post-thumbnail","hentry","category-agropecuaria","category-ebano","category-inicio"],"_links":{"self":[{"href":"https:\/\/amanecerhuasteco.com\/portal\/wp-json\/wp\/v2\/posts\/96845","targetHints":{"allow":["GET"]}}],"collection":[{"href":"https:\/\/amanecerhuasteco.com\/portal\/wp-json\/wp\/v2\/posts"}],"about":[{"href":"https:\/\/amanecerhuasteco.com\/portal\/wp-json\/wp\/v2\/types\/post"}],"author":[{"embeddable":true,"href":"https:\/\/amanecerhuasteco.com\/portal\/wp-json\/wp\/v2\/users\/1"}],"replies":[{"embeddable":true,"href":"https:\/\/amanecerhuasteco.com\/portal\/wp-json\/wp\/v2\/comments?post=96845"}],"version-history":[{"count":1,"href":"https:\/\/amanecerhuasteco.com\/portal\/wp-json\/wp\/v2\/posts\/96845\/revisions"}],"predecessor-version":[{"id":96847,"href":"https:\/\/amanecerhuasteco.com\/portal\/wp-json\/wp\/v2\/posts\/96845\/revisions\/96847"}],"wp:featuredmedia":[{"embeddable":true,"href":"https:\/\/amanecerhuasteco.com\/portal\/wp-json\/wp\/v2\/media\/96846"}],"wp:attachment":[{"href":"https:\/\/amanecerhuasteco.com\/portal\/wp-json\/wp\/v2\/media?parent=96845"}],"wp:term":[{"taxonomy":"category","embeddable":true,"href":"https:\/\/amanecerhuasteco.com\/portal\/wp-json\/wp\/v2\/categories?post=96845"},{"taxonomy":"post_tag","embeddable":true,"href":"https:\/\/amanecerhuasteco.com\/portal\/wp-json\/wp\/v2\/tags?post=96845"}],"curies":[{"name":"wp","href":"https:\/\/api.w.org\/{rel}","templated":true}]}}