{"id":96929,"date":"2024-06-30T21:57:15","date_gmt":"2024-07-01T03:57:15","guid":{"rendered":"https:\/\/amanecerhuasteco.com\/portal\/?p=96929"},"modified":"2024-06-30T21:57:17","modified_gmt":"2024-07-01T03:57:17","slug":"entre-columnas-616","status":"publish","type":"post","link":"https:\/\/amanecerhuasteco.com\/portal\/entre-columnas-616\/","title":{"rendered":"ENTRE COLUMNAS"},"content":{"rendered":"\n<p><strong>CAMBIOS Y DESPEDIDOS EN LA ADMINISTRACION MUNICIPAL VALLENSE.<\/strong><\/p>\n\n\n\n<p><strong>Y&nbsp; vaya que&nbsp; si retorn\u00f3 renovado y con \u201cpilas recargadas\u201d al retomar&nbsp; el cargo el mun\u00edcipe Vallense&nbsp;&nbsp; David Medina, y llega&nbsp; tumbando ca\u00f1a y&nbsp; envi\u00f3 al rancho de AMLO a &nbsp;cuatro funcionarios municipales,&nbsp; fueron dados de baja de la administraci\u00f3n &nbsp;Ayuntamiento, s\u00f3lo uno transferido a otra dependencia.<\/strong><\/p>\n\n\n\n<p><strong>Algunos causan baja con el mes de junio, otros dejan herencia como es el caso de Guadalupe Arias Palomares, directora de Mercados, caus\u00f3 baja del cargo &nbsp;pero de entrega-recepci\u00f3n, aunque no habl\u00f3 de ser reintegrada a sus funciones. En su lugar qued\u00f3 su hermana, Roc\u00edo Arias. Nora Hilda Castillo de Atenci\u00f3n al Campo, tambi\u00e9n caus\u00f3 baja posiblemente en el curso del mes se nombre al&nbsp; &nbsp;sustituto.<\/strong><\/p>\n\n\n\n<p><strong>Luis \u00c1ngel Galv\u00e1n Morales, director de Ecolog\u00eda fue&nbsp; renunciado de su cargo en su lugar ingresa&nbsp;&nbsp; al presupuesto municipal &nbsp;F\u00e9lix Tamez Rosales, quien estaba en Proyectos Productivos.<\/strong><\/p>\n\n\n\n<p><strong>Candy Edith Rodr\u00edguez Leal se va de la direcci\u00f3n de &nbsp;Instancia Municipal de la Mujer, pero es mejorada al designarla en la Secretar\u00eda del Ayuntamiento, en el Palacio Municipal en su lugar ingresa &nbsp;Ana Sof\u00eda Reverte, quien aparece&nbsp; en la&nbsp; n\u00f3mina&nbsp; de la subdirecci\u00f3n de Comunicaci\u00f3n Social recomendada por el regidor Santiago Nales.<\/strong><\/p>\n\n\n\n<p><strong>Y luego niegan que no existe nepotismo en el ayuntamiento y Dapas.<\/strong><\/p>\n\n\n\n<p><strong>Trascendi\u00f3 que&nbsp; habr\u00e1 m\u00e1s&nbsp; despidos&nbsp; de personal de contrato.<a href=\"https:\/\/www.facebook.com\/photo\/?fbid=867617022056452&amp;set=pcb.867617115389776&amp;__cft__%5b0%5d=AZWgHLTCLp4zeOEoQVWOFR6RCBtBfi8N2QBT0hWkKgdGpxosYwGj-TDB_XDNyRl61KhoTmhXB8jg0mX1JWUtpCpfCxQFo0iZqjy-H_atjJDkN6gnIQnvwv8rQmBGePFpVwU9bkYIEa0vTwuJC3AO9BZEMi-gPsaLjEDY-PmW0Hr3jzcnp_0fOmmbe5BoKNcEdf7ptt87YppF8tUe0-f9tlra&amp;__tn__=*bH-R\"><\/a><\/strong><\/p>\n\n\n\n<p><strong><a href=\"https:\/\/www.facebook.com\/photo\/?fbid=867617022056452&amp;set=pcb.867617115389776&amp;__cft__%5b0%5d=AZWgHLTCLp4zeOEoQVWOFR6RCBtBfi8N2QBT0hWkKgdGpxosYwGj-TDB_XDNyRl61KhoTmhXB8jg0mX1JWUtpCpfCxQFo0iZqjy-H_atjJDkN6gnIQnvwv8rQmBGePFpVwU9bkYIEa0vTwuJC3AO9BZEMi-gPsaLjEDY-PmW0Hr3jzcnp_0fOmmbe5BoKNcEdf7ptt87YppF8tUe0-f9tlra&amp;__tn__=*bH-R\">&nbsp;<\/a><\/strong><\/p>\n\n\n\n<p><strong>+++++++++++<\/strong><strong><\/strong><\/p>\n\n\n\n<p><strong>PR\u00c9STAMOS\u2026.<\/strong><strong><\/strong><\/p>\n\n\n\n<p><strong>de&nbsp; dinero inmediatos a pensionados<\/strong><\/p>\n\n\n\n<h2 class=\"wp-block-heading\">CFE, ISSSTE.FFCC, SCT, PEMEX,<\/h2>\n\n\n\n<h2 class=\"wp-block-heading\">ACTIVOS Y JUBILADOS&nbsp; IMSS<\/h2>\n\n\n\n<p><strong>SIN AFECTAR TARJETON.<\/strong><strong><\/strong><\/p>\n\n\n\n<h2 class=\"wp-block-heading\">Ll\u00e1menos las 24 hrs del d\u00eda<\/h2>\n\n\n\n<p><strong>LLAMENOS 4811039565<\/strong><\/p>\n\n\n\n<p><strong>CREDITO INMEDIATO<\/strong><\/p>\n\n\n\n<p><strong>++++++++<\/strong><strong><\/strong><\/p>\n\n\n\n<p><strong>LLUVIAS SALVARON AL RIO PANUCO.<\/strong><\/p>\n\n\n\n<p><strong>+.- Gobierno de Tamaulipas suspende&nbsp; trasvase de agua, anuncia CEA<\/strong><strong><\/strong><\/p>\n\n\n\n<p><strong>Con la llegada de tormentas y ciclones&nbsp; al golfo de Mxico, el problema d falta de agua en r\u00edo, lagunas y represas&nbsp;&nbsp; en territorio del sur de Tamaulipas, ya no fue necesario trasvasar agua del r\u00edo P\u00e1nuco por lo que fue&nbsp; suspendida la operaci\u00f3n&nbsp; arrancada hace dos semanas en plena crisis de sequ\u00eda. El fen\u00f3meno meteorol\u00f3gico Alberto\u201d&nbsp; fue&nbsp; provechoso y a\u00fan hay m\u00e1s.<\/strong><\/p>\n\n\n\n<p><strong>Derivado de las lluvias provocadas por &nbsp;\u201cAlberto\u201d y a la recuperaci\u00f3n de los niveles de las presas y r\u00edos, principalmente en el noreste de M\u00e9xico, la Comisi\u00f3n Nacional del Agua (Conagua) suspendi\u00f3 en su totalidad la extracci\u00f3n de agua del R\u00edo Tampa\u00f3n, que beneficiaba a ciudades de Tamaulipas.<br>El titular de la Comisi\u00f3n Estatal del Agua (CEA), Gabino Manzo Castrej\u00f3n, explic\u00f3 que, en una muestra de solidaridad, el Gobierno del Estado y la Conagua iniciaron, a principios de junio, la extracci\u00f3n de dos mil metros c\u00fabicos por segundo para abastecer a las ciudades de Tampico, Ciudad Madero y Altamira, \u201csin embargo esta acci\u00f3n ya fue suspendida en su totalidad\u201d.<br>El funcionario estatal resalt\u00f3 que la instrucci\u00f3n del Gobernador de San Luis Potos\u00ed, Ricardo Gallardo Cardona, es garantizar el acceso al agua potable para las y los potosinos, por lo que se vigil\u00f3 que la extracci\u00f3n en el R\u00edo Tampa\u00f3n no afectara a asentamientos humanos, ganaderos ni agricultores de \u00c9bano y Tamu\u00edn.<br>Finalmente, Gabino Manzo hizo un llamado a las y los presidentes municipales, directores de los organismos operadores y a la sociedad a cuidar el agua que, gracias a los fen\u00f3menos tropicales, se ha acumulado en r\u00edos, lagunas, presas y cuerpos de agua, con lo que se disminuyen los efectos de la sequ\u00eda que afect\u00f3 a todo el territorio potosino.<\/strong><\/p>\n\n\n\n<p><strong>+++++++++++<\/strong><strong><\/strong><\/p>\n\n\n\n<p><strong>QFB&nbsp; FABIOLA GARCIA ALVAREZ<\/strong><strong><\/strong><\/p>\n\n\n\n<h2 class=\"wp-block-heading\">Perito dictaminador en an\u00e1lisis bacteriol\u00f3gico de agua<\/h2>\n\n\n\n<p><strong>Y alimentos con n\u00famero GES-PD 0705<\/strong><\/p>\n\n\n\n<p><strong>Perito dictaminador en&nbsp; estupefacientes GES-PD0523<\/strong><\/p>\n\n\n\n<p><strong>Maestr\u00eda&nbsp; en an\u00e1lisis cl\u00ednicos 1301 \u2013 368068<\/strong><\/p>\n\n\n\n<p><strong>Ced&nbsp; prof&nbsp; 8664204&nbsp;&nbsp; Tel. 38 1 66 64<\/strong><\/p>\n\n\n\n<p><strong>Asesor\u00eda,&nbsp; auditor\u00eda&nbsp; y gesti\u00f3n ambiental.<\/strong><\/p>\n\n\n\n<p><strong>G. Victoria No. 8&nbsp; zona centro Cd Valles SLP.<\/strong><\/p>\n\n\n\n<p><strong>.<\/strong><strong>++++++++++++++<\/strong><strong><\/strong><\/p>\n\n\n\n<p><strong>\u00ab\u00bfQu\u00e9 Poder Judicial tenemos? \u00bfQu\u00e9 Poder Judicial queremos?\u00bb.<\/strong><strong><\/strong><\/p>\n\n\n\n<p><strong>Durante el inicio de los foros sobre la reforma judicial en la C\u00e1mara de Diputados, con &nbsp;tema en la mesa de an\u00e1lisis&nbsp;\u00ab\u00bfQu\u00e9 Poder Judicial tenemos? \u00bfQu\u00e9 Poder Judicial queremos?\u00bb.<\/strong><strong><\/strong><\/p>\n\n\n\n<p><strong>Este proceso ser\u00e1&nbsp; presentado a todos los estratos sociales de la naci\u00f3n&nbsp; con el fin de&nbsp; promover su voto ciudadano&nbsp; con el prop\u00f3sito de llevar l iniciativa a la C\u00e1mara de Diputados y luego al Senado., hay confianza&nbsp; que&nbsp; ser\u00e1&nbsp; aprobada&nbsp; y su ejecuci\u00f3n para el siguiente a\u00f1o en el nuevo sexenio del gobierno federal.<\/strong><\/p>\n\n\n\n<p><strong>Desde&nbsp; el punto de vista pol\u00edtico, la llamada oposici\u00f3n&nbsp; conformada&nbsp; por el grupo tradicional de oposici\u00f3n, hacen todos los esfuerzos por frenar las&nbsp; reformas de autor\u00eda&nbsp; de la&nbsp; administraci\u00f3n de AMLO y&nbsp; considerada por la ciudadan\u00eda como necesaria para&nbsp; que el llamado poder&nbsp; judicial sea&nbsp; de servicio al pueblo que&nbsp; est\u00e1 marginado pese&nbsp; al alto costo&nbsp; que&nbsp; representan.<\/strong><\/p>\n\n\n\n<p><strong>+++++++++++++<\/strong><\/p>\n\n\n\n<p><strong>COMPROMISO DE METRORED&nbsp;&nbsp; VALLES OLVIDADO.<\/strong><\/p>\n\n\n\n<p><strong>Potosinos de primera los huastecos&nbsp; solo en temporada de elecciones&nbsp; y de&nbsp; segunda&nbsp; en obras y servicios, definitivamente no se compara el ritmo de atenci\u00f3n, preferencias, derrama de presupuesto federal y otros&nbsp; conceptos, por eso la Metr\u00f3poli Huasteca (calificada la segunda ciudad en importancia del estado potosino) &nbsp;sigue en espera&nbsp; de promesas&nbsp; y compromisos de campa\u00f1a, las&nbsp; obras&nbsp; realizadas&nbsp; no cubren las necesidades&nbsp; que&nbsp; envidiamos a los capitalinos. Para citar un ejemplo la semana anterior se&nbsp; publica Avanza instalaci\u00f3n de infraestructura para nuevas rutas de METRORED.<\/strong><\/p>\n\n\n\n<p><strong>Al respecto, hace mas de un a\u00f1o (en 2023) el Mandatario Potosino dijo alos Vallenses&nbsp; que&nbsp; en agosto del mismo a\u00f1o se&nbsp; iniciaban los estudios para instalar enesta ciudad el servicio de Metrored. En cuatro semanas mas se inicia agosto del 2024&nbsp; y nada, pero en cambio en la capital Tunera se&nbsp; publica:&nbsp; <\/strong><strong>Seduvop instala estructuras en Circuito Potos\u00ed y Bulevar Valle de los Fantasmas en beneficio de miles de habitantes), report\u00f3 un importante avance en la instalaci\u00f3n de la infraestructura urbana y la construcci\u00f3n de paradores para implementar las dos nuevas rutas de Metrored, por todo Circuito Potos\u00ed y Bulevar Valle de los Fantasmas, con lo que se brindar\u00e1 m\u00e1s apoyo en movilidad a miles de familias, trabajadores y estudiantes en la zona metropolitana.<br>La titular de la Seduvop, Isabel Leticia Vargas Tinajero, dijo que La puesta en marcha de estas dos nuevas rutas fortalece la movilidad en la zona metropolitana, en apoyo a los habitantes de al menos tres municipios, San Luis Potos\u00ed, Soledad de Graciano S\u00e1nchez y Mexquitic de Carmona, representando una estrategia destacada para el traslado colectivo de miles de personas usuarias.<\/strong><\/p>\n\n\n\n<p><strong>\u2026.<\/strong><strong><\/strong><\/p>\n\n\n\n<p><strong>++++++++++++<\/strong><\/p>\n\n\n\n<h1 class=\"wp-block-heading\">CARROCERIAS&nbsp; BUSTOS<\/h1>\n\n\n\n<h2 class=\"wp-block-heading\">Reforma y Lerdo de tejada Col. Altavista.<\/h2>\n\n\n\n<p><strong>Cd Valles SLP&nbsp; Tel. 3824777.<\/strong><\/p>\n\n\n\n<p><strong>En carrocer\u00edas para camiones y camionetas nadie nos compite.<\/strong><\/p>\n\n\n\n<p><strong>++++++++++++++<\/strong><\/p>\n\n\n\n<p><strong>PRODUCTOS&nbsp; DROGA COLA SUBEN DE PRECIO.<\/strong><\/p>\n\n\n\n<p><strong>+.- Hasta 2 pesos por botella aumentaron.<\/strong><\/p>\n\n\n\n<p><strong>FEMSA publico en algunos&nbsp; medios que&nbsp; debido a que las materias primas se hicieron m\u00e1s caras, el monto total de los productos tambi\u00e9n se elev\u00f3<\/strong><\/p>\n\n\n\n<p><strong><em>Coca-Cola<\/em><\/strong><strong>, , ha anunciado un aumento en sus precios en M\u00e9xico. Esta medida se da en un contexto donde el pa\u00eds lidera el consumo global de este producto, con un promedio de 163 litros por persona al a\u00f1o, seg\u00fan datos de la Universidad de Yale. La Coca-Cola representa m\u00e1s del 70% del consumo nacional de bebidas azucaradas embotelladas, de acuerdo a la organizaci\u00f3n Poder del Consumidor.<\/strong><\/p>\n\n\n\n<p><strong>El Consejo Nacional de Ciencia y Tecnolog\u00eda de M\u00e9xico (Conacyt) ha destacado que Chiapas es la regi\u00f3n donde m\u00e1s se consume Coca-Cola en el pa\u00eds. Este refresco, inventado por el farmac\u00e9utico John Stith Pemberton en Atlanta, Georgia, Estados Unidos, se ha convertido en una parte integral de la cultura de consumo en M\u00e9xico. . El aumento se atribuye al \u201caumento en el costo de materias primas\u201d, seg\u00fan inform\u00f3.<\/strong><\/p>\n\n\n\n<p><strong>Nuevos Precios<\/strong><strong><\/strong><\/p>\n\n\n\n<p><strong>A continuaci\u00f3n, se detallan los nuevos precios de algunos productos de Coca-Cola en M\u00e9xico:<\/strong><\/p>\n\n\n\n<p><strong>\u2022Coca-Cola 235 ml: de 8 pesos a 9 pesos.<\/strong><\/p>\n\n\n\n<p><strong>\u2022Coca-Cola 600 ml: de 18 pesos a 19 pesos.<\/strong><\/p>\n\n\n\n<p><strong>\u2022Coca-Cola 1.35 litros: de 26 pesos a 27 pesos.<\/strong><\/p>\n\n\n\n<p><strong>\u2022Coca-Cola sin az\u00facar 3 litros: de 38 pesos a 40 pesos.<\/strong><\/p>\n\n\n\n<p><strong>\u2022Coca-Cola retornable 2.5 litros sin az\u00facar y sabores: de 23 pesos a 25 pesos.<\/strong><\/p>\n\n\n\n<p><strong>\u2022Agua Ciel 2 litros: de 16 pesos a 18 pesos.<\/strong><\/p>\n\n\n\n<p><strong>\u2022Ciel de 10 litros: de 38 pesos a 40 pesos.<\/strong><\/p>\n\n\n\n<p><strong>\u2022Powerade 500 ml: de 18 pesos a 19 pesos.<\/strong><\/p>\n\n\n\n<p><strong>\u2022Powerade 1 litro: de 29 pesos a 31 pesos.<\/strong><\/p>\n\n\n\n<p><strong>\u2022N\u00e9ctar de 1 litro: de 27 pesos a 29 pesos.<\/strong><\/p>\n\n\n\n<p><strong>\u2022Fuze tea 600 ml: de 17 pesos a 18 pesos.<\/strong><\/p>\n\n\n\n<p><strong>\u2022Predator 473 ml: de 18 pesos a 19 pesos.<\/strong><\/p>\n\n\n\n<p><strong>+++++++++<\/strong><strong><\/strong><\/p>\n\n\n\n<p><strong>\u201cFINCA&nbsp; SAN ISIDRO\u201d <\/strong><strong><\/strong><\/p>\n\n\n\n<h2 class=\"wp-block-heading\">Sal\u00f3n para fiestas de todo tipo.<\/h2>\n\n\n\n<p><strong>Carretera Valles \u2013 R\u00edo Verde Km. 8<\/strong><\/p>\n\n\n\n<p><strong>Contrataciones al Tel. 01 481<\/strong><\/p>\n\n\n\n<p><strong>++++++++++++<\/strong><\/p>\n\n\n\n<p><strong>HA LLOVIDO MUCHO<\/strong><\/p>\n\n\n\n<p><strong>PERO AUN NO PROPICIA INUNDACIONES.<\/strong><\/p>\n\n\n\n<p><strong>Desde aquel 12 e julio del a\u00f1o 1976&nbsp; que llovi\u00f3 en abundancia sin ser cicl\u00f3n&nbsp; mucho menos hurac\u00e1n, no se han vuelto a tener registraos hist\u00f3ricos&nbsp; de&nbsp; precipitaci\u00f3n pluvial&nbsp; semejantes, en aquella&nbsp; fecha desapareci\u00f3 bajo el desbordamiento del r\u00edo Valles&nbsp; la Colonia Ju\u00e1rez, la Colonia Cuauht\u00e9moc, pas\u00f3 sobre&nbsp; el piso del ingenio Plan de Ayala&nbsp; y las colonias circundantes&nbsp; inundadas por&nbsp; varios d\u00edas el arroyo de los puercos&nbsp; hasta la colonia Magisterial &#8211; por poner un ejemplo &#8211;<\/strong><\/p>\n\n\n\n<p><strong>La&nbsp; semana pasada llovi\u00f3&nbsp; pero mas&nbsp; r\u00edo arriba, se registraron casi 300 mm en Valles durante dos d\u00edas cayeron 293 mil\u00edmetros de lluvia en el \u00e1rea de Valles, de acuerdo a pluvi\u00f3metros del Ingenio Plan de Ayala marcaron casi los 300 es la cantidad m\u00e1s grande registrada en la \u00faltima &nbsp;d\u00e9cada, en un par de d\u00edas la informaci\u00f3n no esta&nbsp; avalada por la CONAGUA.<\/strong><\/p>\n\n\n\n<p><strong>El desierto ya casi est\u00e1 en la huasteca.<\/strong><\/p>\n\n\n\n<p><strong>Como lo sentenciara&nbsp; siendo l\u00edder cenecista&nbsp; Demetrio Villalon Mart\u00ednez&nbsp; all\u00e1 por el a\u00f1o 1968 durante una prolongada sequ\u00eda en esta regi\u00f3n \u201csi seguimos&nbsp; talando nuestros bosques pronto&nbsp;&nbsp; tendremos&nbsp; el desierto en la&nbsp; Huasteca \u2013y solicit\u00f3&nbsp; las a autoridades&nbsp; &#8211; es&nbsp; necesario que los tres niveles de gobierno proyecten represas&nbsp; a lo largo del r\u00edo Valles&nbsp; para&nbsp; que&nbsp; el agua no se vaya al mar&nbsp; y no se aproveche en la AGRICULTURA\u201d&nbsp;&nbsp;&nbsp; y&nbsp; que han hecho,&nbsp; naaddaaaa<\/strong><\/p>\n\n\n\n<p><strong>++++++++++++++++<\/strong><strong>Principio del formulario<\/strong><strong><\/strong><\/p>\n\n\n\n<p><strong>CUAL PRIORIDAD PARA&nbsp; PERFORAR POZOZ PROFUNDOS&nbsp; VALLES.<\/strong><\/p>\n\n\n\n<p><strong>+.- El municipio carec\u00eda de recursos$$$ para estudios&nbsp; del problema del agua pero S\u00cd &nbsp;los millones de pesos para la feria.<\/strong><\/p>\n\n\n\n<p><strong>En plena&nbsp; crisis del agua&nbsp; en esta ciudad al grado que la poblaci\u00f3n pas\u00f3 d\u00edas sin el vital l\u00edquido para&nbsp; consumo dom\u00e9stico, el mun\u00edcipe&nbsp; estaba&nbsp; mas interesado&nbsp; en su campa\u00f1a pol\u00edtica &nbsp;sin solicitar licencia&nbsp; en sus funciones como alcalde, el problema&nbsp;&nbsp; de la&nbsp; falta de agua lleg\u00f3 a su m\u00e1xima&nbsp; expresi\u00f3n&nbsp; sin antecedentes en esta&nbsp; urbe huasteca, en esa&nbsp; ocasi\u00f3n el jefe&nbsp; de la comuna declar\u00f3&nbsp; <\/strong><strong>&nbsp;que la prioridad es hacer los pozos para abastecer a Valles de agua&#8230;pero por&nbsp; ning\u00fan concepto se cancelar\u00edan los MILLONES DE PESOS&nbsp; para&nbsp; derrocharlos en la organizaci\u00f3n &nbsp;&nbsp;la Feria no se cancelar\u00eda textualmente&nbsp; el mun\u00edcipe expres\u00f3&nbsp; \u201cque si hay que hacer a un lado cualquier proyecto para poder hacer los pozos de abastecimiento de agua, as\u00ed lo har\u00e1&#8230;menos la Feria\u201d&nbsp; y&nbsp; se&nbsp;&nbsp; hizo la&nbsp; pachanga anual&nbsp; con el derroche de millones de pesos&nbsp;&nbsp; mientras&nbsp; que&nbsp; del asunto de los pozos&nbsp;&nbsp; ya&nbsp; se&nbsp; est\u00e1n olvidando.<\/strong><strong><\/strong><\/p>\n\n\n\n<p><strong>En aquella ocasi\u00f3n hubo una&nbsp; reuni\u00f3n con funcionarios&nbsp;&nbsp; de Conagua y de sectores productivos de esta&nbsp; metr\u00f3poli, dio como respuesta la&nbsp; aprobaci\u00f3n de un proyecto para el proyecto de perforar12 pozos en la zona urbana de Valles costar\u00e1 450 mil pesos y que cada uno tendr\u00eda un costo de m\u00e1s de dos mil pesos por metro lineal y un equipamiento de tres millones de pesos.&nbsp; Y fue&nbsp; mas a fondo se&nbsp; comprometi\u00f3&nbsp; que si hay que disponer &nbsp;la mitad del presupuesto para tener agua, entonces lo har\u00e1. En los hechos&nbsp; solo existe el compromiso del estado para&nbsp; aplicar 45 millones&nbsp; de pesos para&nbsp; ese proyecto.<\/strong><\/p>\n\n\n\n<p><strong>++++++++<\/strong><strong><\/strong><\/p>\n\n\n\n<p><strong>&nbsp;\u201cCAF\u00c9 Y RESTAURANT&nbsp;<\/strong><\/p>\n\n\n\n<p><strong>EL FAROLITO<\/strong><strong><\/strong><\/p>\n\n\n\n<p><strong>Lo mejor de la cocina Huasteca; el tradicional zacahuil y cazueladas .Atendemos toda clase de&nbsp; festejos. Pedidos al Tel&nbsp; 3821017 Ciudad Valles SLP<\/strong><\/p>\n\n\n\n<p><strong>+++++++++++++<\/strong><\/p>\n\n\n\n<p><strong>&#8212;<\/strong><\/p>\n","protected":false},"excerpt":{"rendered":"<p>CAMBIOS Y DESPEDIDOS EN LA ADMINISTRACION MUNICIPAL VALLENSE. Y&nbsp; vaya que&nbsp; si retorn\u00f3 renovado y con \u201cpilas recargadas\u201d al retomar&nbsp; el cargo el mun\u00edcipe Vallense&nbsp;&nbsp; David Medina, y llega&nbsp; tumbando ca\u00f1a y&nbsp; envi\u00f3 al rancho de AMLO a &nbsp;cuatro funcionarios municipales,&nbsp; fueron dados de baja &hellip; <\/p>\n","protected":false},"author":1,"featured_media":96930,"comment_status":"open","ping_status":"open","sticky":false,"template":"","format":"standard","meta":{"footnotes":""},"categories":[17],"tags":[],"class_list":["post-96929","post","type-post","status-publish","format-standard","has-post-thumbnail","hentry","category-colaboraciones"],"_links":{"self":[{"href":"https:\/\/amanecerhuasteco.com\/portal\/wp-json\/wp\/v2\/posts\/96929","targetHints":{"allow":["GET"]}}],"collection":[{"href":"https:\/\/amanecerhuasteco.com\/portal\/wp-json\/wp\/v2\/posts"}],"about":[{"href":"https:\/\/amanecerhuasteco.com\/portal\/wp-json\/wp\/v2\/types\/post"}],"author":[{"embeddable":true,"href":"https:\/\/amanecerhuasteco.com\/portal\/wp-json\/wp\/v2\/users\/1"}],"replies":[{"embeddable":true,"href":"https:\/\/amanecerhuasteco.com\/portal\/wp-json\/wp\/v2\/comments?post=96929"}],"version-history":[{"count":1,"href":"https:\/\/amanecerhuasteco.com\/portal\/wp-json\/wp\/v2\/posts\/96929\/revisions"}],"predecessor-version":[{"id":96931,"href":"https:\/\/amanecerhuasteco.com\/portal\/wp-json\/wp\/v2\/posts\/96929\/revisions\/96931"}],"wp:featuredmedia":[{"embeddable":true,"href":"https:\/\/amanecerhuasteco.com\/portal\/wp-json\/wp\/v2\/media\/96930"}],"wp:attachment":[{"href":"https:\/\/amanecerhuasteco.com\/portal\/wp-json\/wp\/v2\/media?parent=96929"}],"wp:term":[{"taxonomy":"category","embeddable":true,"href":"https:\/\/amanecerhuasteco.com\/portal\/wp-json\/wp\/v2\/categories?post=96929"},{"taxonomy":"post_tag","embeddable":true,"href":"https:\/\/amanecerhuasteco.com\/portal\/wp-json\/wp\/v2\/tags?post=96929"}],"curies":[{"name":"wp","href":"https:\/\/api.w.org\/{rel}","templated":true}]}}