{"id":97025,"date":"2024-07-04T07:52:32","date_gmt":"2024-07-04T13:52:32","guid":{"rendered":"https:\/\/amanecerhuasteco.com\/portal\/?p=97025"},"modified":"2024-07-04T07:52:34","modified_gmt":"2024-07-04T13:52:34","slug":"no-se-dejara-problemas-de-la-basura-a-la-siguiente-administracion-patricio-aparicio","status":"publish","type":"post","link":"https:\/\/amanecerhuasteco.com\/portal\/no-se-dejara-problemas-de-la-basura-a-la-siguiente-administracion-patricio-aparicio\/","title":{"rendered":"No se dejar\u00e1 problemas de la basura a la siguiente administraci\u00f3n: Patricio Aparicio"},"content":{"rendered":"\n<p><\/p>\n\n\n\n<p>-Por inundaci\u00f3n de caminos, Obras P\u00fablicas se volver\u00e1 a almacenar en el taller municipal la basura que se genera en Tamasopo<\/p>\n\n\n\n<p>Tamasopo.- Patricio Aparicio , Director de Obras P\u00fablicas de Tamasopo, dijo que en estos momentos se esta enfrentando un grave problema como es la \u201cbasura\u201d, debido a que no se puede llegar al lugar donde se ubica el \u201cRelleno Sanitario\u201d.<\/p>\n\n\n\n<p>En entrevista el funcionario dejo en claro que este gobierno no dejara un problema del Relleno Sanitario saturado a la siguiente administraci\u00f3n como se lo dejaron a ellos el gobierno anterior, se dejara un departamento de la basura funcional.<\/p>\n\n\n\n<p>Explic\u00f3 que hace 15 d\u00edas se descompuso la maquinaria que se tiene en el relleno sanitario por lo que se vieron obligados a almacenar la basura en el taller municipal, alrededor de 30 camiones de basura, que ya fueron retirados, sin embargo ahora se enfrenta el problema de la inundaci\u00f3n de la Ci\u00e9nega de Tambaca por dando pasa el camino que comunica al Relleno Sanitario, por lo tanto se volver\u00e1 a almacenar basura en las instalaciones del taller municipal.<\/p>\n\n\n\n<p>El funcionario, por otra parte dijo que se tiene problemas con el alumbrado p\u00fablico, y dijo se debe a los continuos apagones causados por tormentas el\u00e9ctricas, ya que cuando regresa la corriente viene con mucha carga y da\u00f1a los equipos.<\/p>\n\n\n\n<p>Puntualizo, que como funcionario seguir\u00e1 trabajando hasta el \u00faltimo d\u00eda dando la atenci\u00f3n a la poblaci\u00f3n.<\/p>\n\n\n\n<p>&#8212;<\/p>\n","protected":false},"excerpt":{"rendered":"<p>-Por inundaci\u00f3n de caminos, Obras P\u00fablicas se volver\u00e1 a almacenar en el taller municipal la basura que se genera en Tamasopo Tamasopo.- Patricio Aparicio , Director de Obras P\u00fablicas de Tamasopo, dijo que en estos momentos se esta enfrentando un grave problema como es la &hellip; <\/p>\n","protected":false},"author":1,"featured_media":97026,"comment_status":"open","ping_status":"open","sticky":false,"template":"","format":"standard","meta":{"footnotes":""},"categories":[13,14,28,29,7,4,21],"tags":[],"class_list":["post-97025","post","type-post","status-publish","format-standard","has-post-thumbnail","hentry","category-agropecuaria","category-caneros","category-cnc","category-cnpr","category-ciudad","category-inicio","category-tamasopo"],"_links":{"self":[{"href":"https:\/\/amanecerhuasteco.com\/portal\/wp-json\/wp\/v2\/posts\/97025","targetHints":{"allow":["GET"]}}],"collection":[{"href":"https:\/\/amanecerhuasteco.com\/portal\/wp-json\/wp\/v2\/posts"}],"about":[{"href":"https:\/\/amanecerhuasteco.com\/portal\/wp-json\/wp\/v2\/types\/post"}],"author":[{"embeddable":true,"href":"https:\/\/amanecerhuasteco.com\/portal\/wp-json\/wp\/v2\/users\/1"}],"replies":[{"embeddable":true,"href":"https:\/\/amanecerhuasteco.com\/portal\/wp-json\/wp\/v2\/comments?post=97025"}],"version-history":[{"count":1,"href":"https:\/\/amanecerhuasteco.com\/portal\/wp-json\/wp\/v2\/posts\/97025\/revisions"}],"predecessor-version":[{"id":97027,"href":"https:\/\/amanecerhuasteco.com\/portal\/wp-json\/wp\/v2\/posts\/97025\/revisions\/97027"}],"wp:featuredmedia":[{"embeddable":true,"href":"https:\/\/amanecerhuasteco.com\/portal\/wp-json\/wp\/v2\/media\/97026"}],"wp:attachment":[{"href":"https:\/\/amanecerhuasteco.com\/portal\/wp-json\/wp\/v2\/media?parent=97025"}],"wp:term":[{"taxonomy":"category","embeddable":true,"href":"https:\/\/amanecerhuasteco.com\/portal\/wp-json\/wp\/v2\/categories?post=97025"},{"taxonomy":"post_tag","embeddable":true,"href":"https:\/\/amanecerhuasteco.com\/portal\/wp-json\/wp\/v2\/tags?post=97025"}],"curies":[{"name":"wp","href":"https:\/\/api.w.org\/{rel}","templated":true}]}}