{"id":97091,"date":"2024-07-06T06:59:31","date_gmt":"2024-07-06T12:59:31","guid":{"rendered":"https:\/\/amanecerhuasteco.com\/portal\/?p=97091"},"modified":"2024-07-06T06:59:32","modified_gmt":"2024-07-06T12:59:32","slug":"sedena-y-pc-ebano-realizan-recorrido-aereo-de-inspeccion-del-rio-tampaon","status":"publish","type":"post","link":"https:\/\/amanecerhuasteco.com\/portal\/sedena-y-pc-ebano-realizan-recorrido-aereo-de-inspeccion-del-rio-tampaon\/","title":{"rendered":"SEDENA y PC \u00c9bano, realizan recorrido a\u00e9reo de inspecci\u00f3n del r\u00edo Tampa\u00f3n"},"content":{"rendered":"\n<p><\/p>\n\n\n\n<p>\u00c9bano.- El Gobierno Municipal de \u00c9bano que presiden la alcaldesa Mar\u00eda Soledad Carre\u00f1o Linares, a trav\u00e9s de la Coordinaci\u00f3n de Protecci\u00f3n Civil \u00c9bano y en colaboraci\u00f3n con la Secretar\u00eda de la Defensa Nacional (SEDENA), ha realizado el d\u00eda de hoy un operativo de inspecci\u00f3n en el r\u00edo Tampa\u00f3n, espec\u00edficamente en la curva del Porvenir, adyacente al sif\u00f3n. <\/p>\n\n\n\n<p><\/p>\n\n\n\n<p>Durante esta inspecci\u00f3n, se constat\u00f3 que el r\u00edo ha desbordado en dicho punto; sin embargo, el camino que conduce a las comunidades de Tronconal y Antigua Reforma a\u00fan no se ve afectado y no existe riesgo inmediato de inundaci\u00f3n en estas \u00e1reas.<\/p>\n\n\n\n<p>Asimismo, se efectu\u00f3 una verificaci\u00f3n presencial de la escala de las adjuntas de los rios Moctezuma y Tampa\u00f3n en la comunidad de Tronconal, registrando una medida de 15.96 metros a las 14:00 horas. Seg\u00fan el aforador, el nivel del r\u00edo est\u00e1 en descenso, habiendo disminuido aproximadamente 10 cent\u00edmetros en un periodo de seis horas.<\/p>\n\n\n\n<p>En este contexto, se ha reiterado la comunicaci\u00f3n con los jueces de las comunidades de Tronconal y Antigua Reforma para informarles sobre la posible creciente del r\u00edo debido a las lluvias pronosticadas para el fin de semana, derivadas del hurac\u00e1n Beryl. <\/p>\n\n\n\n<p>Ante esta eventualidad, se ha subrayado la necesidad de prepararse para una evacuaci\u00f3n oportuna de la poblaci\u00f3n hacia zonas altas o al albergue temporal habilitado en el municipio de \u00c9bano.<\/p>\n\n\n\n<p>El Gobierno Municipal de \u00c9bano reafirma su compromiso con la seguridad y el bienestar de todos los habitantes y continuar\u00e1 informando de manera oportuna sobre cualquier cambio en la situaci\u00f3n del r\u00edo Tampa\u00f3n, as\u00ed como de las medidas preventivas necesarias.<\/p>\n","protected":false},"excerpt":{"rendered":"<p>\u00c9bano.- El Gobierno Municipal de \u00c9bano que presiden la alcaldesa Mar\u00eda Soledad Carre\u00f1o Linares, a trav\u00e9s de la Coordinaci\u00f3n de Protecci\u00f3n Civil \u00c9bano y en colaboraci\u00f3n con la Secretar\u00eda de la Defensa Nacional (SEDENA), ha realizado el d\u00eda de hoy un operativo de inspecci\u00f3n en &hellip; <\/p>\n","protected":false},"author":1,"featured_media":97092,"comment_status":"open","ping_status":"open","sticky":false,"template":"","format":"standard","meta":{"footnotes":""},"categories":[13,22,11,4],"tags":[],"class_list":["post-97091","post","type-post","status-publish","format-standard","has-post-thumbnail","hentry","category-agropecuaria","category-ebano","category-estado","category-inicio"],"_links":{"self":[{"href":"https:\/\/amanecerhuasteco.com\/portal\/wp-json\/wp\/v2\/posts\/97091","targetHints":{"allow":["GET"]}}],"collection":[{"href":"https:\/\/amanecerhuasteco.com\/portal\/wp-json\/wp\/v2\/posts"}],"about":[{"href":"https:\/\/amanecerhuasteco.com\/portal\/wp-json\/wp\/v2\/types\/post"}],"author":[{"embeddable":true,"href":"https:\/\/amanecerhuasteco.com\/portal\/wp-json\/wp\/v2\/users\/1"}],"replies":[{"embeddable":true,"href":"https:\/\/amanecerhuasteco.com\/portal\/wp-json\/wp\/v2\/comments?post=97091"}],"version-history":[{"count":1,"href":"https:\/\/amanecerhuasteco.com\/portal\/wp-json\/wp\/v2\/posts\/97091\/revisions"}],"predecessor-version":[{"id":97093,"href":"https:\/\/amanecerhuasteco.com\/portal\/wp-json\/wp\/v2\/posts\/97091\/revisions\/97093"}],"wp:featuredmedia":[{"embeddable":true,"href":"https:\/\/amanecerhuasteco.com\/portal\/wp-json\/wp\/v2\/media\/97092"}],"wp:attachment":[{"href":"https:\/\/amanecerhuasteco.com\/portal\/wp-json\/wp\/v2\/media?parent=97091"}],"wp:term":[{"taxonomy":"category","embeddable":true,"href":"https:\/\/amanecerhuasteco.com\/portal\/wp-json\/wp\/v2\/categories?post=97091"},{"taxonomy":"post_tag","embeddable":true,"href":"https:\/\/amanecerhuasteco.com\/portal\/wp-json\/wp\/v2\/tags?post=97091"}],"curies":[{"name":"wp","href":"https:\/\/api.w.org\/{rel}","templated":true}]}}