{"id":97097,"date":"2024-07-06T07:08:19","date_gmt":"2024-07-06T13:08:19","guid":{"rendered":"https:\/\/amanecerhuasteco.com\/portal\/?p=97097"},"modified":"2024-07-06T07:08:21","modified_gmt":"2024-07-06T13:08:21","slug":"logra-fgeslp-12-vinculaciones-en-la-primera-semana-de-julio","status":"publish","type":"post","link":"https:\/\/amanecerhuasteco.com\/portal\/logra-fgeslp-12-vinculaciones-en-la-primera-semana-de-julio\/","title":{"rendered":"Logra FGESLP 12 vinculaciones en la primera semana de julio"},"content":{"rendered":"\n<p><\/p>\n\n\n\n<p>Uno de estos casos destaca por los resultados en estrategias de inteligencia e investigaci\u00f3n que permitieron el rescate de siete menores de edad<\/p>\n\n\n\n<p>En la primera semana de julio de 2024, la Fiscal\u00eda General del Estado de San Luis Potos\u00ed logr\u00f3 la vinculaci\u00f3n a proceso de 12 personas que enfrentar\u00e1n un proceso penal por su probable participaci\u00f3n en delitos como lesiones, abuso sexual, desaparici\u00f3n cometida por particulares, trata de personas, tentativa de homicidio y robo, cometidos en los municipios de Huehuetl\u00e1n, Charcas, Rioverde y la capital potosina .<\/p>\n\n\n\n<p>Entre los casos relevantes que la Fiscal\u00eda litig\u00f3, se resalta la imputaci\u00f3n contra Carlos \u201cN\u201d por desaparici\u00f3n cometida por particulares agravada, ocurrida en mayo de 2024 en la capital potosina.<\/p>\n\n\n\n<p>Asimismo, se destaca el logro obtenido contra Roberto \u201cN\u201d, \u00c1ngel \u201cN\u201d y Arely \u201cN\u201d, quienes fueron vinculados con prisi\u00f3n preventiva justificada por trata de personas agravada, posesi\u00f3n simple de drogas y portaci\u00f3n de arma de fuego de uso exclusivo del ej\u00e9rcito, armada y fuerza a\u00e9rea.<\/p>\n\n\n\n<p>Estos tres individuos est\u00e1n relacionados con una investigaci\u00f3n iniciada en la colonia Las Flores, de la cual tambi\u00e9n se vincul\u00f3 a otras cinco personas. Como resultado de ambos eventos, se rescataron a siete menores y un joven.<\/p>\n\n\n\n<p>Tambi\u00e9n se logr\u00f3 que Francisco \u00abN\u00bb quedara en prisi\u00f3n preventiva por la desaparici\u00f3n de un hombre de nacionalidad hondure\u00f1a en Charcas en abril de 2024, as\u00ed como para Jos\u00e9 Luis \u201cN\u201d y Mayra Janet \u201cN\u201d quienes enfrentar\u00e1n un proceso penal por el delito de homicidio calificado en grado de tentativa.<\/p>\n\n\n\n<p>En todas estas carpetas de investigaci\u00f3n, un agente fiscal del ente aut\u00f3nomo present\u00f3 la acusaci\u00f3n ante un Juez, proporcionando los elementos de prueba necesarios para buscar probar la responsabilidad de los acusados.<\/p>\n","protected":false},"excerpt":{"rendered":"<p>Uno de estos casos destaca por los resultados en estrategias de inteligencia e investigaci\u00f3n que permitieron el rescate de siete menores de edad En la primera semana de julio de 2024, la Fiscal\u00eda General del Estado de San Luis Potos\u00ed logr\u00f3 la vinculaci\u00f3n a proceso &hellip; <\/p>\n","protected":false},"author":1,"featured_media":97098,"comment_status":"open","ping_status":"open","sticky":false,"template":"","format":"standard","meta":{"footnotes":""},"categories":[25,7,22,11,4,10,12,21,20],"tags":[],"class_list":["post-97097","post","type-post","status-publish","format-standard","has-post-thumbnail","hentry","category-aquismon","category-ciudad","category-ebano","category-estado","category-inicio","category-municipios","category-nacional","category-tamasopo","category-tamuin"],"_links":{"self":[{"href":"https:\/\/amanecerhuasteco.com\/portal\/wp-json\/wp\/v2\/posts\/97097","targetHints":{"allow":["GET"]}}],"collection":[{"href":"https:\/\/amanecerhuasteco.com\/portal\/wp-json\/wp\/v2\/posts"}],"about":[{"href":"https:\/\/amanecerhuasteco.com\/portal\/wp-json\/wp\/v2\/types\/post"}],"author":[{"embeddable":true,"href":"https:\/\/amanecerhuasteco.com\/portal\/wp-json\/wp\/v2\/users\/1"}],"replies":[{"embeddable":true,"href":"https:\/\/amanecerhuasteco.com\/portal\/wp-json\/wp\/v2\/comments?post=97097"}],"version-history":[{"count":1,"href":"https:\/\/amanecerhuasteco.com\/portal\/wp-json\/wp\/v2\/posts\/97097\/revisions"}],"predecessor-version":[{"id":97099,"href":"https:\/\/amanecerhuasteco.com\/portal\/wp-json\/wp\/v2\/posts\/97097\/revisions\/97099"}],"wp:featuredmedia":[{"embeddable":true,"href":"https:\/\/amanecerhuasteco.com\/portal\/wp-json\/wp\/v2\/media\/97098"}],"wp:attachment":[{"href":"https:\/\/amanecerhuasteco.com\/portal\/wp-json\/wp\/v2\/media?parent=97097"}],"wp:term":[{"taxonomy":"category","embeddable":true,"href":"https:\/\/amanecerhuasteco.com\/portal\/wp-json\/wp\/v2\/categories?post=97097"},{"taxonomy":"post_tag","embeddable":true,"href":"https:\/\/amanecerhuasteco.com\/portal\/wp-json\/wp\/v2\/tags?post=97097"}],"curies":[{"name":"wp","href":"https:\/\/api.w.org\/{rel}","templated":true}]}}