{"id":97129,"date":"2024-07-08T07:11:56","date_gmt":"2024-07-08T13:11:56","guid":{"rendered":"https:\/\/amanecerhuasteco.com\/portal\/?p=97129"},"modified":"2024-07-08T07:11:58","modified_gmt":"2024-07-08T13:11:58","slug":"en-el-marco-del-491-aniversario-de-ciudad-valles-su-historia-registra-que","status":"publish","type":"post","link":"https:\/\/amanecerhuasteco.com\/portal\/en-el-marco-del-491-aniversario-de-ciudad-valles-su-historia-registra-que\/","title":{"rendered":"En el marco del 491 aniversario de Ciudad Valles, su historia registra que:"},"content":{"rendered":"\n<p>Informaci\u00f3n: Cronista Municipal<\/p>\n\n\n\n<p>LA IGLESIA PRESBITERIANA CUMPLE 125 A\u00d1OS DE PRESENCIA EN VALLES<\/p>\n\n\n\n<p>A finales del siglo pasado, cuando los primeros misioneros de la Iglesia Presbiteriana Asociada Reformada llegaron a Ciudad Valles, la ciudad era muy distinta a la actual. En 1899, el revolucionario Crescenciano Cruz fue el primer heraldo, enfrent\u00e1ndose a la indiferencia, pero logrando despertar el inter\u00e9s de un peque\u00f1o grupo que acept\u00f3 el mensaje de salvaci\u00f3n.<br>La epidemia de fiebre amarilla en 1903 provoc\u00f3 el cierre de las escuelas, pero en 1908 la escuela evangelizadora reabri\u00f3 bajo la direcci\u00f3n de Matilde Castillo, una egresada del Colegio Robert de Saltillo.<br>En 1912, Enrique Pressly y su esposa Mar\u00eda B. de Pressly llegaron a la ciudad. Con esfuerzo, rentaron y luego compraron una casita que sirvi\u00f3 como templo durante quince a\u00f1os, en calle Morelos e Hidalgo. Mar\u00eda B. de Pressly fund\u00f3 la Sociedad Femenil, conocida posteriormente como \u00abEben-Ezer\u00bb.<br>A pesar de la orden del gobierno de cerrar este templo, la comunidad luch\u00f3 por mantenerlo abierto. La Revoluci\u00f3n Mexicana forz\u00f3 a Pressly a abandonar el pa\u00eds temporalmente, pero la obra continu\u00f3 con el apoyo de unos pocos fieles y estudiantes de teolog\u00eda.<br>Se fundaron varias sociedades y escuelas, y en 1927 la misionera Miss Janie Love abri\u00f3 el Instituto Medell\u00edn.<br>Durante la d\u00e9cada de 1930, se promueve la construcci\u00f3n de un nuevo templo. En 1938 se coloc\u00f3 la primera piedra, y la construcci\u00f3n avanz\u00f3 con el apoyo de la congregaci\u00f3n, que organiz\u00f3 diversos eventos para recaudar fondos.<br>En la d\u00e9cada de 1940, la comunidad enfrent\u00f3 intentos del gobierno de destruir el templo, pero con firmeza y legalidad lograron preservarlo. Tambi\u00e9n se cre\u00f3 el club de madres, al no haber hospital ni seguro social.<br>En 1943 se termin\u00f3 la construcci\u00f3n del templo \u00abEl Divino Redentor\u00bb. Se form\u00f3 una casa hogar con ocho ni\u00f1os hu\u00e9rfanos.<br>Entre 1950 y 1953, se realizaron importantes actividades como la celebraci\u00f3n del D\u00eda del Pastor y la organizaci\u00f3n de escuelas b\u00edblicas de vacaciones. Entre 1957 y 1958, se efectuaron actividades misioneras en la colonia Ju\u00e1rez y visitas a la c\u00e1rcel.<br>Entre 1959 y 1968, se continuaron con actividades de alfabetizaci\u00f3n en la c\u00e1rcel y la organizaci\u00f3n de eventos comunitarios. En 1969, el templo sufri\u00f3 un incendio devastador. La comunidad, sin embargo, persever\u00f3 y continu\u00f3 sus actividades en diversos lugares hasta la construcci\u00f3n de un nuevo edificio en 1971. Al colocarse la primera piedra se guard\u00f3 una c\u00e1psula de tiempo, que conten\u00eda, una biblia semi quemada, una lista de familias activad de la iglesia, una foto de la iglesia incendiada, una copia de la historia del templo, una copia de la orden del culto, y la edici\u00f3n del d\u00eda del peri\u00f3dico local \u201cEl Ma\u00f1ana\u201d.<br>De 1969 hasta 1979, fue un per\u00edodo de reconstrucci\u00f3n y renovaci\u00f3n. A partir de 1990, bajo el liderazgo de Rodolfo del \u00c1ngel, se implement\u00f3 el proyecto Valles 2000, enfocado en la evangelizaci\u00f3n y el discipulado.<br>El 3 de julio de 1999, la iglesia celebr\u00f3 su cien aniversario, y continu\u00f3 siendo un pilar en la comunidad, adapt\u00e1ndose a las necesidades contempor\u00e1neas, como servir como edificio centinela durante la pandemia de COVID-19 en 2020 y organizar jornadas de oraci\u00f3n en 2022.<br>La historia de la Iglesia Presbiteriana en Ciudad Valles es una cr\u00f3nica de fe, perseverancia y servicio comunitario.<\/p>\n\n\n\n<p>&#8212;<\/p>\n","protected":false},"excerpt":{"rendered":"<p>Informaci\u00f3n: Cronista Municipal LA IGLESIA PRESBITERIANA CUMPLE 125 A\u00d1OS DE PRESENCIA EN VALLES A finales del siglo pasado, cuando los primeros misioneros de la Iglesia Presbiteriana Asociada Reformada llegaron a Ciudad Valles, la ciudad era muy distinta a la actual. En 1899, el revolucionario Crescenciano &hellip; <\/p>\n","protected":false},"author":1,"featured_media":97130,"comment_status":"open","ping_status":"open","sticky":false,"template":"","format":"standard","meta":{"footnotes":""},"categories":[14,28,7,11,15,16,4],"tags":[],"class_list":["post-97129","post","type-post","status-publish","format-standard","has-post-thumbnail","hentry","category-caneros","category-cnc","category-ciudad","category-estado","category-ganaderos","category-ingenios","category-inicio"],"_links":{"self":[{"href":"https:\/\/amanecerhuasteco.com\/portal\/wp-json\/wp\/v2\/posts\/97129","targetHints":{"allow":["GET"]}}],"collection":[{"href":"https:\/\/amanecerhuasteco.com\/portal\/wp-json\/wp\/v2\/posts"}],"about":[{"href":"https:\/\/amanecerhuasteco.com\/portal\/wp-json\/wp\/v2\/types\/post"}],"author":[{"embeddable":true,"href":"https:\/\/amanecerhuasteco.com\/portal\/wp-json\/wp\/v2\/users\/1"}],"replies":[{"embeddable":true,"href":"https:\/\/amanecerhuasteco.com\/portal\/wp-json\/wp\/v2\/comments?post=97129"}],"version-history":[{"count":1,"href":"https:\/\/amanecerhuasteco.com\/portal\/wp-json\/wp\/v2\/posts\/97129\/revisions"}],"predecessor-version":[{"id":97131,"href":"https:\/\/amanecerhuasteco.com\/portal\/wp-json\/wp\/v2\/posts\/97129\/revisions\/97131"}],"wp:featuredmedia":[{"embeddable":true,"href":"https:\/\/amanecerhuasteco.com\/portal\/wp-json\/wp\/v2\/media\/97130"}],"wp:attachment":[{"href":"https:\/\/amanecerhuasteco.com\/portal\/wp-json\/wp\/v2\/media?parent=97129"}],"wp:term":[{"taxonomy":"category","embeddable":true,"href":"https:\/\/amanecerhuasteco.com\/portal\/wp-json\/wp\/v2\/categories?post=97129"},{"taxonomy":"post_tag","embeddable":true,"href":"https:\/\/amanecerhuasteco.com\/portal\/wp-json\/wp\/v2\/tags?post=97129"}],"curies":[{"name":"wp","href":"https:\/\/api.w.org\/{rel}","templated":true}]}}