{"id":97199,"date":"2024-07-09T09:16:26","date_gmt":"2024-07-09T15:16:26","guid":{"rendered":"https:\/\/amanecerhuasteco.com\/portal\/?p=97199"},"modified":"2024-07-09T09:16:27","modified_gmt":"2024-07-09T15:16:27","slug":"entre-columnas-617","status":"publish","type":"post","link":"https:\/\/amanecerhuasteco.com\/portal\/entre-columnas-617\/","title":{"rendered":"ENTRE COLUMNAS"},"content":{"rendered":"\n<h1 class=\"wp-block-heading\"><\/h1>\n\n\n\n<p><strong>DIPUTADO LOCAL&nbsp; ELECTO SOLICITARA LICENCIA AL CONGRESO.<\/strong><\/p>\n\n\n\n<p><strong>&#8211; Juan Carlos B\u00e1rcenas da preferencia a liderazgo de la Secci\u00f3n 26<\/strong><\/p>\n\n\n\n<p><strong>&#8211; El suplente <\/strong><strong>Cris\u00f3gono P\u00e9rez L\u00f3pez, dirigente del partido Nueva Alianza, en su lugar.<\/strong><\/p>\n\n\n\n<p><strong>. Premiado con una diputaci\u00f3n &nbsp;plurinominal por el partido Nueva Alianza, Juan Carlos B\u00e1rcenas da preferencia a la dirigencia de la secci\u00f3n 26 del Sindicato Nacional de Trabajadores de la Educaci\u00f3n (SNTE) inform\u00f3&nbsp; lo medios que solicitar\u00e1 licencia de su puesto para continuar al frente del magisterio potosino, en su curul llegar\u00e1 Cris\u00f3gono P\u00e9rez L\u00f3pez, dirigente del partido turquesa.<\/strong><\/p>\n\n\n\n<p><strong>&nbsp;B\u00e1rcenas Ram\u00edrez, afirm\u00f3 que tiene un compromiso con los trabajadores de la educaci\u00f3n, por lo que asume la plurinominal&nbsp; el suplente, Cris\u00f3gono P\u00e9rez L\u00f3pez.<\/strong><\/p>\n\n\n\n<p><strong>&nbsp;+++++++++++++++<\/strong><\/p>\n\n\n\n<p><strong>SIGUEN \u201cCAYENDO\u201d&nbsp; CABEZAS&nbsp; DEL&nbsp; ADMINISTRACION ESTATAL POTOSINA.<\/strong><\/p>\n\n\n\n<p><strong>&nbsp;Jorge Silva S\u00e1nchez quien&nbsp; hasta&nbsp; la semana anterior&nbsp; se&nbsp; desempe\u00f1aba como titular &nbsp;de la Oficina Recaudadora de la Secretar\u00eda de Finanzas habr\u00eda&nbsp; sido separado del cargo junto con otros tres funcionarios de confianza.<\/strong><\/p>\n\n\n\n<p><strong>De&nbsp; manera provisional&nbsp; en tanto&nbsp; define quien ser\u00e1&nbsp; el titular&nbsp; qued\u00f3 como encargado de oficina Hernando Cortez Ostos.<\/strong><strong> <\/strong><strong><\/strong><\/p>\n\n\n\n<p><strong>+++++++++++<\/strong><strong><\/strong><\/p>\n\n\n\n<p><strong>PR\u00c9STAMOS\u2026.<\/strong><strong><\/strong><\/p>\n\n\n\n<p><strong>de&nbsp; dinero inmediatos a pensionados<\/strong><\/p>\n\n\n\n<h2 class=\"wp-block-heading\">CFE, ISSSTE.FFCC, SCT, PEMEX,<\/h2>\n\n\n\n<h2 class=\"wp-block-heading\">ACTIVOS Y JUBILADOS&nbsp; IMSS<\/h2>\n\n\n\n<p><strong>SIN AFECTAR TARJETON.<\/strong><strong><\/strong><\/p>\n\n\n\n<h2 class=\"wp-block-heading\">Ll\u00e1menos las 24 hrs del d\u00eda<\/h2>\n\n\n\n<p><strong>LLAMENOS 4811039565<\/strong><\/p>\n\n\n\n<p><strong>CREDITO INMEDIATO<\/strong><\/p>\n\n\n\n<p><strong>+++++++++++++<\/strong><\/p>\n\n\n\n<p><strong>HUASTEQUITA&nbsp; SERA&nbsp; SECRETARIA&nbsp; DE GOBERNACION EN GABINETE DE&nbsp; SHENBAUM<\/strong><\/p>\n\n\n\n<p><strong>La futura&nbsp; Presidenta&nbsp; de los E.U.M.&nbsp; <\/strong><strong>nombr\u00f3 a la Huasteca potosina Rosa Icela Rodr\u00edguez secretaria de Gobernaci\u00f3n<\/strong><strong>&nbsp; <\/strong><strong>Anterior titular de la Secretar\u00eda de Seguridad y Protecci\u00f3n Ciudadana, Rosa Icela durante el gobierno de Andr\u00e9s Manuel L\u00f3pez Obrador. Oriunda de la Huasteca potosina&nbsp; (nacida en&nbsp; Xilitla y sus primeros estudios&nbsp; y Ciudad Valles&nbsp; donde&nbsp; radica parte de su familia Tras el nombramiento, Rosa Icela agradeci\u00f3 la confianza que la presidenta le dio para estar al frente de la Secretar\u00eda de Gobernaci\u00f3n, reconoci\u00f3 el compromiso &nbsp;ante la alta responsabilidad que exige su nuevo puesto y asegur\u00f3 que trabajar\u00e1 con eficacia y sensibilidad a las demandas ciudadanas, adem\u00e1s de respeto y civilidad para lograr establecer acuerdos para las demandas de la sociedad.<\/strong><strong><\/strong><\/p>\n\n\n\n<p><strong>En rese\u00f1as&nbsp; de&nbsp; medios&nbsp; nacionales&nbsp; y&nbsp; redes sociales&nbsp; la destacada&nbsp; Huasteca&nbsp; declar\u00f3 que la presidenta electa dar\u00e1 valor a su \u201cpalabra de mujer\u201d &nbsp;se conducir\u00e1 bajo los valores que el fundador de Movimiento Regeneraci\u00f3n Nacional, AMLO, promueve dentro de su gobierno, \u201cno mentir, no robar y no traicionar al pueblo\u201d.<\/strong><\/p>\n\n\n\n<p><strong>Aca en huastecolandia&nbsp; ESTAMOS DE PLACEMES POR&nbsp; TAN&nbsp; ALTA DISTINCIONA NUESTRA PAISANA.<\/strong><strong><\/strong><\/p>\n\n\n\n<p><strong>+++++++++++<\/strong><strong><\/strong><\/p>\n\n\n\n<p><strong>QFB&nbsp; FABIOLA GARCIA ALVAREZ<\/strong><strong><\/strong><\/p>\n\n\n\n<h2 class=\"wp-block-heading\">Perito dictaminador en an\u00e1lisis bacteriol\u00f3gico de agua<\/h2>\n\n\n\n<p><strong>Y alimentos con n\u00famero GES-PD 0705<\/strong><\/p>\n\n\n\n<p><strong>Perito dictaminador en&nbsp; estupefacientes GES-PD0523<\/strong><\/p>\n\n\n\n<p><strong>Maestr\u00eda&nbsp; en an\u00e1lisis cl\u00ednicos 1301 \u2013 368068<\/strong><\/p>\n\n\n\n<p><strong>Ced&nbsp; prof&nbsp; 8664204&nbsp;&nbsp; Tel. 38 1 66 64<\/strong><\/p>\n\n\n\n<p><strong>Asesor\u00eda,&nbsp; auditor\u00eda&nbsp; y gesti\u00f3n ambiental.<\/strong><\/p>\n\n\n\n<p><strong>G. Victoria No. 8&nbsp; zona centro Cd Valles SLP.<\/strong><\/p>\n\n\n\n<p><strong>.<\/strong><strong>++++++++++++++<\/strong><strong><\/strong><\/p>\n\n\n\n<p><strong>Hermano de AMLO Secretario de Gobierno de Tabasco<\/strong><\/p>\n\n\n\n<p><strong>Javier May,&nbsp;Gobernador electo del estado de Tabasco nombr\u00f3 como Secretario de Gobierno del estado a Jos\u00e9 Ramiro L\u00f3pez Obrador, hermano del Presidente de la Rep\u00fablica, Andr\u00e9s Manuel L\u00f3pez Obrador. Teniendo&nbsp; una&nbsp; respuesta positiva de la ciudadan\u00eda&nbsp; pero la llamada&nbsp;&nbsp; oposici\u00f3n trinan contra la&nbsp; decisi\u00f3n del futuro mandatario&nbsp; Tabasque\u00f1o.<\/strong><strong><\/strong><\/p>\n\n\n\n<p><strong>&nbsp;El futuro segundo hombre&nbsp; del poder pol\u00edtico en Tabasco es miembro de Morena&nbsp; con&nbsp;una trayectoria marcada por el compromiso. el servicio p\u00fablico y la lucha por la justicia y los derechos sociales, es una gente honesta\u00bb , dijo May en una conferencia de prensa para presentar a una parte de los integrantes del Gabinete en su gesti\u00f3n de 2024 a 2030.<\/strong><strong><\/strong><\/p>\n\n\n\n<p><strong>&nbsp;Pocos&nbsp; saben que el hermano de&nbsp; AMLO fue subsecretario de&nbsp;Asuntos Fronterizos en la Secretaria de Gobierno,&nbsp;declar\u00f3 May, y recientemente coordinador de la campa\u00f1a para la Gubernatura.<\/strong><strong><\/strong><\/p>\n\n\n\n<p><strong>++++++++++++<\/strong><strong><\/strong><\/p>\n\n\n\n<h1 class=\"wp-block-heading\">CARROCERIAS&nbsp; BUSTOS<\/h1>\n\n\n\n<h2 class=\"wp-block-heading\">Reforma y Lerdo de tejada Col. Altavista.<\/h2>\n\n\n\n<p><strong>Cd Valles SLP&nbsp; Tel. 3824777.<\/strong><\/p>\n\n\n\n<p><strong>En carrocer\u00edas para camiones y camionetas nadie nos compite.<\/strong><\/p>\n\n\n\n<p><strong>++++++++++++++<\/strong><\/p>\n\n\n\n<p><strong>JJOA&nbsp; DIJO QUE SI&nbsp; LLEGABA A LA ALCALDIA,&nbsp; LA PRESIDENCIA O LA DAPAS NO HABRIA RECOMENDADOS.<\/strong><\/p>\n\n\n\n<p><strong>Ni la Presidencia, ni la DAPAS ser\u00e1n agencia de colocaci\u00f3n en mi gobierno: JJOA<\/strong><\/p>\n\n\n\n<p><a href=\"https:\/\/amanecerhuasteco.com\/portal\/ni-la-presidencia-ni-la-dapas-seran-agencia-de-colocacion-en-mi-gobierno-jjoa\/\"><strong>May 14, 2024<\/strong><\/a><strong>&nbsp;&#8211;&nbsp;por&nbsp;<\/strong><a href=\"https:\/\/amanecerhuasteco.com\/portal\/author\/amanecer-huasteco\/\"><strong>Amanecer Huasteco<\/strong><\/a><strong>&nbsp;&#8211;&nbsp;<\/strong><a href=\"https:\/\/amanecerhuasteco.com\/portal\/ni-la-presidencia-ni-la-dapas-seran-agencia-de-colocacion-en-mi-gobierno-jjoa\/#respond\"><strong>Comentar<\/strong><\/a><strong><\/strong><\/p>\n\n\n\n<p><strong>No es&nbsp; un secreto&nbsp; que&nbsp; cada&nbsp; administraci\u00f3n municipal&nbsp; y la Dapa \u201cllegan con su gente\u201d desplazan al personal de confianza bajo el r\u00e9gimen de contrato laboral, en esta modalidad&nbsp; entran a la n\u00f3mina municipal y del organismo operador: recomendados, familiares, novias, amiguitas y hasta \u201camiguitos\u201d que son conocidos como Aviadores. Por ejemplo en la administraci\u00f3n municipal actual un regidor azul tiene&nbsp; como&nbsp; funcionaria&nbsp; a una amiga que se salv\u00f3 del moche&nbsp; que lleg\u00f3 haciendo a su retorno el alcalde&nbsp; reelecto Ah y este mismo regidor&nbsp; se&nbsp; reeligi\u00f3.<\/strong><\/p>\n\n\n\n<p><strong>Hicimos&nbsp; esta&nbsp; narrativa&nbsp; recordando aquella&nbsp; entrevista que nos&nbsp; diera&nbsp; JUANJO quien afirm\u00f3 que si el voto lo favorec\u00eda \u201cllegaremos a trabajar, a ordenar la Alcald\u00eda, a servir y no a servirnos\u201d dijo Juan Jos\u00e9 Ortiz Azuara.<br>entonces candidato a la Presidencia Municipal de Ciudad Valles por el Partido Encuentro Solidario \u201creiter\u00f3 que una vez tomando su encargo como Alcalde, una de las primeras acciones que har\u00e1 es reducir sueldos, incluido el de \u00e9l, y ocupar solo los empleados necesarios, sin \u201caviadores\u201d.<\/strong><\/p>\n\n\n\n<p><strong>Dijo que son pocos los que entrar\u00edan con \u00e9l a la administraci\u00f3n, y que los que est\u00e1n deben comprobar que trabajan y dan resultados.&nbsp; Son 72 direcciones y analizar\u00eda &nbsp;su funcionalidad, y en cuanto a la posibilidad de recibir demandas laborales, tiene al mejor equipo para esos casos, que defender\u00e1n los recursos del Municipio y no de intereses personales.<\/strong><\/p>\n\n\n\n<p><strong>\u201c\u00bfSi hubo para los festejos de Valles c\u00f3mo no va haber para liquidar y pagar? La Presidencia es una empresa dedicada para servir a los vallenses no para servir al alcalde o regidores\u201d.<\/strong><\/p>\n\n\n\n<p><strong>+++++++++<\/strong><\/p>\n\n\n\n<p><strong>\u201cFINCA&nbsp; SAN ISIDRO\u201d <\/strong><strong><\/strong><\/p>\n\n\n\n<h2 class=\"wp-block-heading\">Sal\u00f3n para fiestas de todo tipo.<\/h2>\n\n\n\n<p><strong>Carretera Valles \u2013 R\u00edo Verde Km. 8<\/strong><\/p>\n\n\n\n<p><strong>Contrataciones al Tel. 01 481<\/strong><\/p>\n\n\n\n<p><strong>++++++++++++<\/strong><\/p>\n\n\n\n<p><strong>EL&nbsp; PERDERE PRETENDE SEGUIR DE&nbsp; LA UBRE&nbsp; DE LOS POTOSINOS.<\/strong><\/p>\n\n\n\n<p><strong>&nbsp;A nivel nacional el PRD&nbsp; perdi\u00f3 el registro como partido lo hizo p\u00fablico el INE, pero a nivel&nbsp; estatal los eternos l\u00edderes reconocen que&nbsp; es un error&nbsp; garrafal vivir&nbsp; al margen de la ubre pol\u00edtica y como tambi\u00e9n perdieron la patente solicitar\u00e1n registro estatal; inclusive hasta podr\u00eda cambiar de nombre y emblema, el \u201cchiste es no vivir en el error\u201d as\u00ed lo dijo a los medios tuneros <\/strong><strong>Jos\u00e9 de Jes\u00fas Becerra, representante del extinto Partido de la Revoluci\u00f3n Democr\u00e1tica (PRD) en el Consejo Estatal Electoral y de Participaci\u00f3n Ciudadana (Ceepac).<\/strong><\/p>\n\n\n\n<p><strong>&nbsp;Quien&nbsp; expres\u00f3 que tienen el prop\u00f3sito a seguir siendo un partido pol\u00edtico, una oferta pol\u00edtica para&nbsp; continuar pero antes&nbsp; habl\u00f3 como perredista al manifestar &nbsp;\u201cel PRD realiza un an\u00e1lisis para definir si se va modificar el nombre, emblema y colores. Incluso, la dirigencia estatal del partido ha convocado a todos los perredistas para platicar sobre este tema.&nbsp; Los dirigentes del \u201cperder\u00e9\u201d tienen como sustento &nbsp;que la Ley General de Partidos Pol\u00edticos indica que aunque un partido pol\u00edtico nacional pierda su registro, como el caso del PRD,&nbsp;a nivel estado si cumple con los requisitos legales correspondientes, tiene el derecho a constituirse en &nbsp;un partido pol\u00edtico estatal.<\/strong><\/p>\n\n\n\n<p><strong>&nbsp;Sobre el mismo tema los dirigentes conf\u00edan&nbsp; que aun no se emite<\/strong><strong> la extinci\u00f3n del PRD a nivel nacional;<\/strong><strong>&nbsp;aun tienen recursos de impugnaci\u00f3n que se metieron por las irregularidades en la elecci\u00f3n federal y hasta que eso no se resuelva, \u201cel partido al d\u00eda de hoy contin\u00faa con el registro\u00bb&nbsp; (nota.- Las oficinas ya fueron intervenidas por el INE all\u00e1&nbsp; en la capirucha)<\/strong><\/p>\n\n\n\n<p><strong>++++++++<\/strong><strong><\/strong><\/p>\n\n\n\n<p><strong>&nbsp;\u201cCAF\u00c9 Y RESTAURANT&nbsp;<\/strong><\/p>\n\n\n\n<p><strong>EL FAROLITO<\/strong><strong><\/strong><\/p>\n\n\n\n<p><strong>Lo mejor de la cocina Huasteca; el tradicional zacahuil y cazueladas .Atendemos toda clase de&nbsp; festejos. Pedidos al Tel&nbsp; 3821017 Ciudad Valles SLP<\/strong><\/p>\n\n\n\n<p><strong>+++++++++++++<\/strong><\/p>\n\n\n\n<p><strong>D E&nbsp; V O L A D A .-<\/strong><\/p>\n\n\n\n<p><strong>Ya vieron la transformaci\u00f3n del PARAISO DE LAS NIEVES&nbsp; DE&nbsp;&nbsp; frutas naturales de la regi\u00f3n&nbsp; en el lugar&nbsp; mas precioso del municipio de Huehuetl\u00e1n?<\/strong><\/p>\n\n\n\n<p><strong>Se trata&nbsp; del pasaje de la supercarretera&nbsp; 85&nbsp; &nbsp;M\u00e9xico Laredo&nbsp; entre La Pimienta y La Escalera, disfrutara su paladar&nbsp; de&nbsp; antes de&nbsp; Huichihuay\u00e1n, sabrosas nieves&nbsp; y si tiene la suerte de llegar al establecimiento&nbsp; de&nbsp; Sana\u00ed S\u00e1nchez y su esposa&nbsp; \u201cDo\u00f1a Guerra\u201d<\/strong><\/p>\n\n\n\n<p><strong>Faltan comedores.<\/strong><\/p>\n\n\n\n<p><strong>Seguiremos informando.<\/strong><\/p>\n\n\n\n<p><strong>&#8212;<\/strong><\/p>\n","protected":false},"excerpt":{"rendered":"<p>DIPUTADO LOCAL&nbsp; ELECTO SOLICITARA LICENCIA AL CONGRESO. &#8211; Juan Carlos B\u00e1rcenas da preferencia a liderazgo de la Secci\u00f3n 26 &#8211; El suplente Cris\u00f3gono P\u00e9rez L\u00f3pez, dirigente del partido Nueva Alianza, en su lugar. . Premiado con una diputaci\u00f3n &nbsp;plurinominal por el partido Nueva Alianza, Juan &hellip; <\/p>\n","protected":false},"author":1,"featured_media":96930,"comment_status":"open","ping_status":"open","sticky":false,"template":"","format":"standard","meta":{"footnotes":""},"categories":[17],"tags":[],"class_list":["post-97199","post","type-post","status-publish","format-standard","has-post-thumbnail","hentry","category-colaboraciones"],"_links":{"self":[{"href":"https:\/\/amanecerhuasteco.com\/portal\/wp-json\/wp\/v2\/posts\/97199","targetHints":{"allow":["GET"]}}],"collection":[{"href":"https:\/\/amanecerhuasteco.com\/portal\/wp-json\/wp\/v2\/posts"}],"about":[{"href":"https:\/\/amanecerhuasteco.com\/portal\/wp-json\/wp\/v2\/types\/post"}],"author":[{"embeddable":true,"href":"https:\/\/amanecerhuasteco.com\/portal\/wp-json\/wp\/v2\/users\/1"}],"replies":[{"embeddable":true,"href":"https:\/\/amanecerhuasteco.com\/portal\/wp-json\/wp\/v2\/comments?post=97199"}],"version-history":[{"count":1,"href":"https:\/\/amanecerhuasteco.com\/portal\/wp-json\/wp\/v2\/posts\/97199\/revisions"}],"predecessor-version":[{"id":97200,"href":"https:\/\/amanecerhuasteco.com\/portal\/wp-json\/wp\/v2\/posts\/97199\/revisions\/97200"}],"wp:featuredmedia":[{"embeddable":true,"href":"https:\/\/amanecerhuasteco.com\/portal\/wp-json\/wp\/v2\/media\/96930"}],"wp:attachment":[{"href":"https:\/\/amanecerhuasteco.com\/portal\/wp-json\/wp\/v2\/media?parent=97199"}],"wp:term":[{"taxonomy":"category","embeddable":true,"href":"https:\/\/amanecerhuasteco.com\/portal\/wp-json\/wp\/v2\/categories?post=97199"},{"taxonomy":"post_tag","embeddable":true,"href":"https:\/\/amanecerhuasteco.com\/portal\/wp-json\/wp\/v2\/tags?post=97199"}],"curies":[{"name":"wp","href":"https:\/\/api.w.org\/{rel}","templated":true}]}}