{"id":97342,"date":"2024-07-15T07:10:34","date_gmt":"2024-07-15T13:10:34","guid":{"rendered":"https:\/\/amanecerhuasteco.com\/portal\/?p=97342"},"modified":"2024-07-15T07:10:36","modified_gmt":"2024-07-15T13:10:36","slug":"entre-columnas-618","status":"publish","type":"post","link":"https:\/\/amanecerhuasteco.com\/portal\/entre-columnas-618\/","title":{"rendered":"ENTRE COLUMNAS"},"content":{"rendered":"\n<h1 class=\"wp-block-heading\">&nbsp;<\/h1>\n\n\n\n<p>PIERDE EL PRIANRD LA ALCALDIA DE TANCANHUITZ.<\/p>\n\n\n\n<p>A punto de ser&nbsp; despojado de su triunfo como alcalde&nbsp; sucesor&nbsp;&nbsp; en Tancanhuitz&nbsp; -en el coraz\u00f3n de la Huasteca potosina- el candidato&nbsp; abanderado del partido Morena&nbsp; logro retenerlo el nuevo escrutinio y c\u00f3mputo de la elecci\u00f3n municipal de Tancanhuitz fue verificado por funcionarios del Ceepac, as\u00ed los recursos&nbsp; legaloides del difunto PRD no prosperaron.<\/p>\n\n\n\n<p>&nbsp;Dio cumplimiento el &nbsp;CEEPAC sentencia de Tribunal Electoral<br>\u2022 Se recontaron 17 de las 29 casillas.<br>Como informamos&nbsp; oportunamente&nbsp; el Tribunal Electoral dispuso invalidar la constancia&nbsp; de alcalde electo a Jes\u00fas Eduardo Franco L\u00e1rraga&nbsp; seg\u00fan la resoluci\u00f3n del Juicio de Nulidad Electoral promovido por el Partido de la Revoluci\u00f3n Democr\u00e1tica en contra del \u201cescrutinio y c\u00f3mputo del proceso electoral local 2024 del municipio de Tancanhuitz\u201d, con n\u00famero TESLP\/JNE\/05\/2024 emitida por el Tribunal Electoral del Estado, realiz\u00f3 un recuento total.<br>El procedimiento de c\u00f3mputo para la elecci\u00f3n de ayuntamiento, el pasado 5 de junio, realiz\u00f3 el recuento de 12 casillas obteniendo el Partido Morena una votaci\u00f3n de 3,469 y la coalici\u00f3n Fuerza y Coraz\u00f3n integrada por los partidos de la Revoluci\u00f3n Institucional (PRI), Partido Acci\u00f3n Nacional (PAN) y Partido de la Revoluci\u00f3n Democr\u00e1tica (PRD), obteniendo una votaci\u00f3n de 3,141 haciendo una diferencia del 2.8% entre el primer y segundo lugar.<br>En base al &nbsp;art\u00edculo 401 de la Ley Electoral del Estado establece que, ante esta situaci\u00f3n entre la diferencia en el resultado de los paquetes electorales podr\u00e1n abrirse para efectos de un nuevo escrutinio y c\u00f3mputo.<br>Tambi\u00e9n en el art\u00edculo 61 de los Lineamentos para la preparaci\u00f3n y el desarrollo de los c\u00f3mputos de las elecciones locales del proceso electoral 2024, se\u00f1ala que, la solicitud para realizar un recuento total debe ser expuesta por la representaci\u00f3n de alguno de los partidos inconformes.<br>Ante la impugnaci\u00f3n presentada, el Tribunal Electoral del Estado resolvi\u00f3 que se realizara un nuevo recuento, escrutinio y c\u00f3mputo en la totalidad de los paquetes a raz\u00f3n de que el resultado podr\u00eda verse modificado. Motivo por el cual fue revocada la constancia de mayor\u00eda otorgada al C. Jes\u00fas Eduardo Franco L\u00e1rraga candidato del Partido Morena.<br>Pero en el recuento los resultados finales fueron los siguientes: Coalici\u00f3n fuerza y coraz\u00f3n por San Luis, 3,146 votos; Partido MORENA, 3,477 votos con una diferencia de 331 votos fue&nbsp; devuelta la &nbsp;constancia de mayor\u00eda y validez al candidato Jes\u00fas Eduardo Franco L\u00e1rraga, reafirmando su elecci\u00f3n como Presidente Municipal para el periodo 2024-2027.<\/p>\n\n\n\n<p>+++++++<\/p>\n\n\n\n<p>LIDERESA PRIISTA POTOSINA&nbsp; PRETENDE IMPONER&nbsp; FUNCIONARIOS EN ALCALDIA CAPITALINA.<\/p>\n\n\n\n<p>+.- Denuncia de ex dirigente tricolor \u00c1ngel Castillo.<\/p>\n\n\n\n<p>Mientras&nbsp; a&nbsp; nivel nacional los dirigentes&nbsp; del PRI enfrentan una situaci\u00f3n irregular de su asamblea&nbsp; reci\u00e9n celebrada sin el visto bueno de las autoridades&nbsp; electorales (INE) en la capirucha potosina&nbsp; denuncian a la dirigente en funciones&nbsp; de tratar de convertir&nbsp; al parido en agencia de colocaciones al pretender imponer su voluntad en la designaci\u00f3n del equipo de trabajo para el&nbsp; siguiente trienio&nbsp; de la administraci\u00f3n municipal del reelecto alcalde Enrique Galindo.<\/p>\n\n\n\n<p>&nbsp;\u00c1ngel Castillo Torres, ex presidente del RIP en San Luis Potos\u00ed, advirti\u00f3 que Enrique Galindo, actual Alcalde de San Luis Potos\u00ed&nbsp; (reelecto) deber\u00eda considerar renunciar al tricolor si&nbsp; tiene aspiraciones a la&nbsp; sucesi\u00f3n gubernamental en &nbsp;las elecciones de 2027.<\/p>\n\n\n\n<p>El ex dirigente dice que Galindo enfrenta bloqueos dentro del PRI debido a la actual dirigencia y consider\u00f3 que podr\u00eda encontrar un mejor futuro pol\u00edtico fuera de su partido. (enti\u00e9ndase&nbsp; PRIANMC&nbsp; si contin\u00faan en alianza)<\/p>\n\n\n\n<p>Ante los medios, el&nbsp; ex l\u00edder &nbsp;del PRI Estatal, \u00c1ngel Castillo, reiter\u00f3 que el liderazgo pol\u00edtico &nbsp;de Galindo es mucho m\u00e1s significativo que el partido al que pertenece, &nbsp;no deber\u00eda ceder ante las presiones de la dirigencia del RIP para conformar su gabinete municipal para la administraci\u00f3n 2024-2027.<\/p>\n\n\n\n<p>Insiste el&nbsp; ex&nbsp; dirigente tricolor que \u00abpor s\u00ed mismo, el PRI no hubiera tenido los 195 mil votos que sac\u00f3 Galindo&nbsp; en las&nbsp; urnas&nbsp; el pasado 2&nbsp; de junio e investido como alcalde&nbsp;&nbsp; del nuevo trienio la&nbsp; ley lo faculta&nbsp; a nombrar &nbsp;su gabinete y \u201cno estar sujeto a las presiones de esta agencia de colocaci\u00f3n en que quiere convertir al partido Sara Rocha\u201d a&nbsp; quien describe como una l\u00edder autoritaria y antidemocr\u00e1tica. \u201cLo \u00fanico que hizo es ser congruente con lo que ella es, un perfil autoritario\u201d concluy\u00f3 tajante el ex l\u00edder&nbsp; tricolor potosino..<\/p>\n\n\n\n<p>Principio del formulario<\/p>\n\n\n\n<p>+++++++++++<\/p>\n\n\n\n<p>PR\u00c9STAMOS\u2026.<\/p>\n\n\n\n<p>de&nbsp; dinero inmediatos a pensionados<\/p>\n\n\n\n<h2 class=\"wp-block-heading\">CFE, ISSSTE.FFCC, SCT, PEMEX,<\/h2>\n\n\n\n<h2 class=\"wp-block-heading\">ACTIVOS Y JUBILADOS&nbsp; IMSS<\/h2>\n\n\n\n<p>SIN AFECTAR TARJETON.<\/p>\n\n\n\n<h2 class=\"wp-block-heading\">Ll\u00e1menos las 24 hrs del d\u00eda<\/h2>\n\n\n\n<p>LLAMENOS 4811039565<\/p>\n\n\n\n<p>CREDITO INMEDIATO<\/p>\n\n\n\n<p>+++++++++++++<\/p>\n\n\n\n<p>XOCHITL CONVOCA A POTOSINOS A&nbsp; NUEVA AVENTURA POLITICA.<\/p>\n\n\n\n<p>+.-&nbsp; Dizque para ser fuerza de oposici\u00f3n a la 4T<\/p>\n\n\n\n<p>* La excandidata a la presidencia de la Rep\u00fablica Mexicana visit\u00f3 SLP para agradecer el apoyo de los potosinos<\/p>\n\n\n\n<p>Recientemente&nbsp; lleg\u00f3 sorpresivamente a la capital tunera&nbsp; la ex candidata del&nbsp; prianmc&nbsp; X\u00f3chitl G\u00e1lvez Ruiz, &nbsp;para agradecer el apoyo de los potosinos e invitarlos a ser la oposici\u00f3n y contrapeso de Morena en el gobierno que continuar\u00e1 Claudia Sheinbaum para el per\u00edodo del 2024 al 2030.<\/p>\n\n\n\n<p>De acuerdo con&nbsp; sus declaraciones a medios informativos capitalinos&nbsp; expres\u00f3 que \u201cNecesitamos mucha presencia de la sociedad civil.<\/p>\n\n\n\n<p>&nbsp;Hay temas que se est\u00e1n discutiendo &nbsp;como la sobre representaci\u00f3n, Morena y sus aliados ganaron el 54% de los votos quieren el 74% de diputados y senadores, est\u00e1 el tema de la reforma al Poder Judicial. La ex candidata invit\u00f3 a la poblaci\u00f3n a seguir de forma participando como sociedad&nbsp; para seguir defendiendo libertades, vida, verdad, que son los valores que nos planteamos y por eso estoy aqu\u00ed. La sociedad tiene que estar puesta\u201d.<\/p>\n\n\n\n<p>&nbsp;Y para&nbsp; rematar dijo que su visita \u201cNo es una gira del adi\u00f3s, es del comienzo\u201d&nbsp; (no dijo de qu\u00e9\u2026).<\/p>\n\n\n\n<p>+++++++++++<\/p>\n\n\n\n<p>QFB&nbsp; FABIOLA GARCIA ALVAREZ<\/p>\n\n\n\n<h2 class=\"wp-block-heading\">Perito dictaminador en an\u00e1lisis bacteriol\u00f3gico de agua<\/h2>\n\n\n\n<p>Y alimentos con n\u00famero GES-PD 0705<\/p>\n\n\n\n<p>Perito dictaminador en&nbsp; estupefacientes GES-PD0523<\/p>\n\n\n\n<p>Maestr\u00eda&nbsp; en an\u00e1lisis cl\u00ednicos 1301 \u2013 368068<\/p>\n\n\n\n<p>Ced&nbsp; prof&nbsp; 8664204&nbsp;&nbsp; Tel. 38 1 66 64<\/p>\n\n\n\n<p>Asesor\u00eda,&nbsp; auditor\u00eda&nbsp; y gesti\u00f3n ambiental.<\/p>\n\n\n\n<p>G. Victoria No. 8&nbsp; zona centro Cd Valles SLP.<\/p>\n\n\n\n<p>.++++++++++++++<\/p>\n\n\n\n<p>CARROCERIAS&nbsp; BUSTOS<\/p>\n\n\n\n<h2 class=\"wp-block-heading\">Reforma y Lerdo de tejada Col. Altavista.<\/h2>\n\n\n\n<p>Cd Valles SLP&nbsp; Tel. 3824777.<\/p>\n\n\n\n<p>En carrocer\u00edas para camiones y camionetas nadie nos compite.<\/p>\n\n\n\n<p>++++++++++++++<\/p>\n\n\n\n<p>VOLVERAN TRENES DE PASAJEROS.<\/p>\n\n\n\n<p>* La presidenta electa, Claudia Sheinbaum, anunci\u00f3 la creaci\u00f3n de la ruta M\u00e9xico-San Luis Potos\u00ed-Monterrey-Nuevo Laredo<\/p>\n\n\n\n<p>Ni&nbsp; siquiera como proyecto estar\u00eda&nbsp; considerado el tren&nbsp; mixto&nbsp; en la ruta San Luis Potos\u00ed-Valles-Tampico, que&nbsp; adem\u00e1s ser\u00eda&nbsp; un importante medio de transporte para&nbsp; fomentar el transporte de visitantes a la RIVIERA HUASTECA, el anuncio en el sentido que \u201cvolver\u00e1n los trenes a SLP\u201d efectivamente&nbsp; pasaran en su ruta a&nbsp; Nuevo Laredo.<\/p>\n\n\n\n<p>Sobre el tren de pasajeros pasar\u00e1 por la capital del estado con destino al norte del pa\u00eds, as\u00ed lo confirm\u00f3 la presidenta electa de M\u00e9xico, Claudia Sheinbaum Pardo, formar\u00e1 parte de la ruta ferroviaria que partir\u00e1 de la Ciudad de M\u00e9xico y finalizar\u00e1 en Nuevo Laredo Tamaulipas.<\/p>\n\n\n\n<p>Seg\u00fan el anuncio oficial&nbsp; el proyecto prev\u00e9 el uso de la l\u00ednea B del Sistema Ferroviario Nacional Concesionado a Kansas City Southern de M\u00e9xico. El tren atravesar\u00e1 los municipios de Villa de Reyes, San Luis Potos\u00ed capital, Moctezuma, Venado, Charcas, Catorce y Vanegas.<\/p>\n\n\n\n<p>&nbsp;La operatividad de&nbsp; estos&nbsp; trenes ser\u00e1 similar al del Tren Maya, con la participaci\u00f3n de ingenieros militares y empresas privadas.<\/p>\n\n\n\n<p>\u201cNuestro objetivo es tener el an\u00e1lisis de derecho de v\u00eda listo antes de asumir el gobierno, para poder avanzar con las licitaciones y la construcci\u00f3n\u201d, asegur\u00f3 Sheinbaum.<\/p>\n\n\n\n<p>+++++++++<\/p>\n\n\n\n<p>\u201cFINCA&nbsp; SAN ISIDRO\u201d<\/p>\n\n\n\n<h2 class=\"wp-block-heading\">Sal\u00f3n para fiestas de todo tipo.<\/h2>\n\n\n\n<p>Carretera Valles \u2013 R\u00edo Verde Km. 8<\/p>\n\n\n\n<p>Contrataciones al Tel. 01 481<\/p>\n\n\n\n<p>++++++++++++<\/p>\n\n\n\n<p>KAMALA HARRIS&nbsp; SE PERFILA SUSTITUTA DE JOE BIDEN&nbsp; EN LA CANDIDATURA DEL TIO SAM.<\/p>\n\n\n\n<p>+.- Al cierre se informa&nbsp; en medios Yankees&nbsp; que Donald Trump fue herido de bala.<\/p>\n\n\n\n<p>LA pasada semana la vicepresidenta estadounidense Kamala Harris subi\u00f3 al escenario de un festival cultural en Nueva Orleans y habl\u00f3 sobre su vida y como&nbsp; lleg\u00f3 a la la Casa Blanca, propag\u00e1ndose el rumor que podr\u00eda sustituir por los dem\u00f3cratas al candidato por su reelecci\u00f3n presidencial &nbsp;Joe Biden y hacer frente a Donald Trump en las elecciones presidenciales.<\/p>\n\n\n\n<p>Esta versi\u00f3n&nbsp; tiene fundamento tras&nbsp; que los dem\u00f3cratas,&nbsp; han externado reemplazar a Joe Biden, de 81 a\u00f1os, como candidato del partido para las elecciones de noviembre despu\u00e9s de su lamentable&nbsp; papel en el debate con Donald Trump.&nbsp; . El propio Biden&nbsp; insiste en que seguir\u00e1 siendo el candidato no obstante<\/p>\n\n\n\n<p>No obstante, a medida que aumentan los llamados para que el presidente se haga a un lado, algunos dem\u00f3cratas de alto perfil se posicionan detr\u00e1s de Harris, de 59 a\u00f1os, como la candidata natural para reemplazarlo.<\/p>\n\n\n\n<p>\u00b4+++++++++++++++<\/p>\n\n\n\n<p>JUECES ELECTOS SIN <em>EXPERIENCIA&nbsp;&nbsp; EN&nbsp; C O R R U P C I O N<\/em>&nbsp;&nbsp; RECOMIENDA&nbsp; AMLO.<\/p>\n\n\n\n<p>La Prensa&nbsp; nacional difunde&nbsp; que el Presidente Andr\u00e9s Manuel L\u00f3pez Obrador admiti\u00f3 que es&nbsp; recomendable&nbsp;se <em>elijan a jueces sin experiencia<\/em>,&nbsp;ya que estos salen de las escuelas con la \u00abfrescura\u00bb y el entusiasmo de hacer valer la ley.<\/p>\n\n\n\n<p>&nbsp;Textualmente expres\u00f3 &nbsp;\u00abYo soy m\u00e1s partidario de que una mujer, un hombre que se titula como abogado, sale &nbsp;con mucho entusiasmo de hacer valer la ley, est\u00e1 lleno de frescura, de ideales, de llevar a la pr\u00e1ctica la m\u00e1xima de que al margen de la&nbsp;ley nada y por encima de la ley nadie. (los con experiencia ya tienen las u\u00f1as largas)<\/p>\n\n\n\n<p>&nbsp;\u00abYa cuando va pasando el tiempo, ya a los 5 a\u00f1os, ya ni hablemos. Porque antes ya casi todos los requisitos es 10 a\u00f1os de experiencia, ya a los 10 a\u00f1os ya saben bastante, ya perdieron la m\u00edstica, ya la fueron dejando&nbsp;en el camino, ya aprendieron otras cosas.&nbsp;Siempre dicen \u201cno y la experiencia\u201d &nbsp;Si van a ser abogados titulares en la escuela y, si hace falta un curso especial, se lleva a cabo sobre la funci\u00f3n espec\u00edfica de un juez. \u00bfQu\u00e9&#8230;? \u00bfEs muy compleja la impartici\u00f3n de justicia?\u00bb, enfatiz\u00f3 L\u00f3pez Obrador.&nbsp;el Mandatario federal dijo que \u00e9l no tiene problema en que los legisladores modifiquen su iniciativa de reforma judicial, ya que esto permitir\u00eda enriquecer su propuesta.<\/p>\n\n\n\n<p>&nbsp;\u00abPor ejemplo, se nos fue en la iniciativa que tienen que&nbsp;tener cinco a\u00f1os de experiencia los que puedan participar como jueces, magistrados, Ministros.&nbsp;Yo he estado en contra de eso, sin embargo, se nos pas\u00f3\u00bb, explic\u00f3.<\/p>\n\n\n\n<p>&nbsp;L\u00f3pez Obrador reiter\u00f3 que la reforma judicial no es por venganza, sino que&nbsp;es necesaria para alcanzar un aut\u00e9ntico Estado de Derecho.<\/p>\n\n\n\n<p>&nbsp;+++++++++++<\/p>\n\n\n\n<p>\u201cNo podemos caer en la salida f\u00e1cil. No podemos empezar de cero\u201d Dice la presidenta de la SCJN.<\/p>\n\n\n\n<p>La Presidenta de la Suprema Corte de Justicia advirti\u00f3 hoy que la reforma judicial impulsada por Morena no resolver\u00e1 de fondo los problemas, provocar\u00e1 incertidumbre y ser\u00e1 un retroceso en la \u201cdefensa de los derechos humanos\u201d<\/p>\n\n\n\n<p>&nbsp;La Ministra Norma Pi\u00f1a critic\u00f3 la iniciativa del Presidente AMLO, que busca que &nbsp;los jueces del Pa\u00eds sean electos por voto popular.<\/p>\n\n\n\n<p>&nbsp;Hizo un llamado a L\u00f3pez Obrador y a la virtual Presidenta electa, Claudia Sheinbaum, para que se sumen al di\u00e1logo, y las conclusiones de la consulta nacional que lleva a cabo la Corte, analicen el impacto que la reforma y pongan los derechos de las v\u00edctimas en el centro de la discusi\u00f3n.<\/p>\n\n\n\n<p>Norma Pi\u00f1a dijo que &nbsp;\u00abYa no llegar\u00e1 la persona m\u00e1s capacitada al puesto. No llegar\u00e1 la persona que pas\u00f3 a\u00f1os estudiando, prepar\u00e1ndose para opositar, sino la m\u00e1s popular, la que supo relacionarse bien con los &#8216;grupos de poder&#8217; que, ir\u00f3nicamente, es uno de los argumentos de esta reforma. Es decir, se provocar\u00e1 lo que intenta erradicar\u00bb advierte la Ministra.<\/p>\n\n\n\n<p>.<\/p>\n\n\n\n<p>&nbsp;\u00abNo podemos caer en la salida f\u00e1cil. No podemos empezar de cero. El contexto tan complejo que vive nuestro Pa\u00eds no permite la improvisaci\u00f3n. Ello no beneficiar\u00e1 a los justiciables. Al contrario, supone un retroceso en la protecci\u00f3n de los derechos humanos de las personas, poniendo en riesgo la continuidad de la impartici\u00f3n de justicia en nuestro Pa\u00eds\u00bb, agreg\u00f3.<\/p>\n\n\n\n<p>&nbsp;\u00abLo peor que le puede pasar a M\u00e9xico es caer en la incertidumbre\u00bb, dijo. \u00abLa existencia de un Poder Judicial Federal aut\u00f3nomo e independiente- ajeno a los vaivenes de la pol\u00edtica- es un requisito indispensable para la defensa de nuestra democracia que tanto nos ha costado construir\u00bb.<\/p>\n\n\n\n<p>&nbsp;++++++++<\/p>\n\n\n\n<p>&nbsp;\u201cCAF\u00c9 Y RESTAURANT&nbsp;<\/p>\n\n\n\n<p>EL FAROLITO<\/p>\n\n\n\n<p>Lo mejor de la cocina Huasteca; el tradicional zacahuil y cazueladas .Atendemos toda clase de&nbsp; festejos. Pedidos al Tel&nbsp; 3821017 Ciudad Valles SLP<\/p>\n\n\n\n<p>+++++++++++++<\/p>\n\n\n\n<p>D E&nbsp; V O L A D A .-<\/p>\n\n\n\n<p>SENADOR&nbsp; ELECTO TIENE ORDEN DE APREHENSION\u2026.<\/p>\n\n\n\n<p>El senador electo Miguel \u00c1ngel Yunes M\u00e1rquez por&nbsp; el estado de Veracruz a pocos d\u00edas&nbsp; de llegar al Senado de la Republica&nbsp; enfrenta una orden de aprehensi\u00f3n fue confirmado por el propio Yunes M\u00e1rquez a trav\u00e9s de un comunicado de prensa emitido el viernes 12 de julio.&nbsp; Si es&nbsp; encarcelado su padre es&nbsp; el&nbsp; suplente. (pol\u00edtica familiar)<\/p>\n\n\n\n<p>La &nbsp;ficha roja emitida por la Fiscal\u00eda General del Estado de Veracruz, se&nbsp; acusa al &nbsp;pol\u00edtico panista de los delitos de uso de documento falso, falsedad ante la autoridad y fraude procesal. Seg\u00fan informaci\u00f3n proporcionada, m\u00e1s de 40 pruebas sustentan las acusaciones en su contra, relacionadas principalmente con irregularidades cometidas durante su gesti\u00f3n como alcalde de Boca del R\u00edo.<\/p>\n\n\n\n<p>La Fiscal\u00eda &nbsp;cuestiona la veracidad de la informaci\u00f3n proporcionada por Yunes M\u00e1rquez sobre su estado de salud y su ubicaci\u00f3n actual en Estados Unidos, donde presuntamente se encuentra tratando un problema de Salud. Sin embargo, peritajes recientes indican que el pol\u00edtico solo presenta s\u00edntomas de asma, contradiciendo &nbsp;las afirmaciones sobre una condici\u00f3n m\u00e9dica grave.En respuesta a la orden de aprehensi\u00f3n, Yunes M\u00e1rquez acusa al juez de actuar de manera deshonesta para cumplir con un inter\u00e9s personal de acceder a un puesto de magistrado.&nbsp; El pol\u00edtico veracruzano tambi\u00e9n enfrenta cargos&nbsp; por falsificaci\u00f3n de documentos para validar su residencia en Veracruz y postularse como candidato a la alcald\u00eda, &nbsp;solicitud que fue rechazada, design\u00e1ndose en su lugar a su esposa, Patricia Lobeira Rodr\u00edguez, actual alcaldesa del puerto de Veracruz. Si es&nbsp; encarcelado&nbsp; todo&nbsp; quedar\u00e1 en familia, el Senador suplente es su &nbsp;padre, el ex gobernador Miguel \u00c1ngel Yunes Linares, quien ser\u00eda llamado a ocupar su lugar en el Senado.<\/p>\n\n\n\n<p>VAMONOS&nbsp; AL PARAISO DE LAS NIEVES DE&nbsp; HUICHIHUAYAN.<\/p>\n\n\n\n<p>Ya vieron la transformaci\u00f3n del PARAISO DE LAS NIEVES&nbsp; DE&nbsp;&nbsp; frutas naturales de la regi\u00f3n&nbsp; en el lugar&nbsp; mas precioso del municipio de Huhuetl\u00e1n?<\/p>\n\n\n\n<p>Se trata&nbsp; del pasaje de la supercarretera&nbsp; 85&nbsp;&nbsp; M\u00e9xico Laredo&nbsp; entre La Pimienta y La Escalera, disfrutara su paladar&nbsp; de&nbsp; antes de&nbsp; Huichihuay\u00e1n, sabrosas nieves&nbsp; y si tiene la suerte de llegar al establecimiento&nbsp; de&nbsp; Sana\u00ed S\u00e1nchez y su esposa&nbsp; \u201cDo\u00f1a Guerra\u201d \u2026.&nbsp;&nbsp;<\/p>\n\n\n\n<p>.HASTA LA PR\u00d3XIMA,\u2026\u2026<\/p>\n","protected":false},"excerpt":{"rendered":"<p>&nbsp; PIERDE EL PRIANRD LA ALCALDIA DE TANCANHUITZ. A punto de ser&nbsp; despojado de su triunfo como alcalde&nbsp; sucesor&nbsp;&nbsp; en Tancanhuitz&nbsp; -en el coraz\u00f3n de la Huasteca potosina- el candidato&nbsp; abanderado del partido Morena&nbsp; logro retenerlo el nuevo escrutinio y c\u00f3mputo de la elecci\u00f3n municipal &hellip; <\/p>\n","protected":false},"author":1,"featured_media":96930,"comment_status":"open","ping_status":"open","sticky":false,"template":"","format":"standard","meta":{"footnotes":""},"categories":[17],"tags":[],"class_list":["post-97342","post","type-post","status-publish","format-standard","has-post-thumbnail","hentry","category-colaboraciones"],"_links":{"self":[{"href":"https:\/\/amanecerhuasteco.com\/portal\/wp-json\/wp\/v2\/posts\/97342","targetHints":{"allow":["GET"]}}],"collection":[{"href":"https:\/\/amanecerhuasteco.com\/portal\/wp-json\/wp\/v2\/posts"}],"about":[{"href":"https:\/\/amanecerhuasteco.com\/portal\/wp-json\/wp\/v2\/types\/post"}],"author":[{"embeddable":true,"href":"https:\/\/amanecerhuasteco.com\/portal\/wp-json\/wp\/v2\/users\/1"}],"replies":[{"embeddable":true,"href":"https:\/\/amanecerhuasteco.com\/portal\/wp-json\/wp\/v2\/comments?post=97342"}],"version-history":[{"count":1,"href":"https:\/\/amanecerhuasteco.com\/portal\/wp-json\/wp\/v2\/posts\/97342\/revisions"}],"predecessor-version":[{"id":97343,"href":"https:\/\/amanecerhuasteco.com\/portal\/wp-json\/wp\/v2\/posts\/97342\/revisions\/97343"}],"wp:featuredmedia":[{"embeddable":true,"href":"https:\/\/amanecerhuasteco.com\/portal\/wp-json\/wp\/v2\/media\/96930"}],"wp:attachment":[{"href":"https:\/\/amanecerhuasteco.com\/portal\/wp-json\/wp\/v2\/media?parent=97342"}],"wp:term":[{"taxonomy":"category","embeddable":true,"href":"https:\/\/amanecerhuasteco.com\/portal\/wp-json\/wp\/v2\/categories?post=97342"},{"taxonomy":"post_tag","embeddable":true,"href":"https:\/\/amanecerhuasteco.com\/portal\/wp-json\/wp\/v2\/tags?post=97342"}],"curies":[{"name":"wp","href":"https:\/\/api.w.org\/{rel}","templated":true}]}}