{"id":97646,"date":"2024-07-17T07:38:00","date_gmt":"2024-07-17T13:38:00","guid":{"rendered":"https:\/\/amanecerhuasteco.com\/portal\/?p=97646"},"modified":"2024-07-25T07:38:56","modified_gmt":"2024-07-25T13:38:56","slug":"mis-vacaciones-en-la-biblioteca-2024","status":"publish","type":"post","link":"https:\/\/amanecerhuasteco.com\/portal\/mis-vacaciones-en-la-biblioteca-2024\/","title":{"rendered":"MIS VACACIONES EN LA BIBLIOTECA 2024"},"content":{"rendered":"\n<figure class=\"wp-block-image\"><img decoding=\"async\" src=\"https:\/\/static.xx.fbcdn.net\/images\/emoji.php\/v9\/tf4\/1\/16\/2728.png\" alt=\"\u2728\"\/><\/figure>\n\n\n\n<p><\/p>\n\n\n\n<p>El Gobierno Municipal de Tamasopo 2021-2024 invita a todos los ni\u00f1os y ni\u00f1as de 7 a 11 a\u00f1os de edad a participar en nuestro curso de verano \u201cMis Vacaciones en la Biblioteca\u201d<\/p>\n\n\n\n<p><img decoding=\"async\" height=\"16\" width=\"16\" alt=\"\ud83d\uddd3\ufe0f\" src=\"https:\/\/static.xx.fbcdn.net\/images\/emoji.php\/v9\/t5c\/1\/16\/1f5d3.png\"> Del 29 de Julio al 09 de agosto<\/p>\n\n\n\n<p><img decoding=\"async\" height=\"16\" width=\"16\" alt=\"\ud83d\udd63\" src=\"https:\/\/static.xx.fbcdn.net\/images\/emoji.php\/v9\/tca\/1\/16\/1f563.png\"><a><\/a>En un horario de las 10:00 a.m. A 01:00 p.m.<\/p>\n\n\n\n<p><img decoding=\"async\" height=\"16\" width=\"16\" alt=\"\ud83d\udccd\" src=\"https:\/\/static.xx.fbcdn.net\/images\/emoji.php\/v9\/t2d\/1\/16\/1f4cd.png\">En la Biblioteca Municipal de Tamasopo<\/p>\n\n\n\n<p>Durante este curso, los participantes podr\u00e1n disfrutar de diversas actividades como:<\/p>\n\n\n\n<p><img decoding=\"async\" height=\"16\" width=\"16\" alt=\"\ud83d\udcd6\" src=\"https:\/\/static.xx.fbcdn.net\/images\/emoji.php\/v9\/t9e\/1\/16\/1f4d6.png\"> Lectura de cuentos<\/p>\n\n\n\n<p><img decoding=\"async\" height=\"16\" width=\"16\" alt=\"\ud83c\udfa8\" src=\"https:\/\/static.xx.fbcdn.net\/images\/emoji.php\/v9\/t82\/1\/16\/1f3a8.png\"> Talleres de arte y manualidades<\/p>\n\n\n\n<p><img decoding=\"async\" height=\"16\" width=\"16\" alt=\"\ud83d\udd0d\" src=\"https:\/\/static.xx.fbcdn.net\/images\/emoji.php\/v9\/tc1\/1\/16\/1f50d.png\"> Juegos Did\u00e1cticos<\/p>\n\n\n\n<p><img decoding=\"async\" height=\"16\" width=\"16\" alt=\"\u26bd\ufe0f\" src=\"https:\/\/static.xx.fbcdn.net\/images\/emoji.php\/v9\/taf\/1\/16\/26bd.png\"> Actividades did\u00e1cticas y deportivas<\/p>\n\n\n\n<p><img decoding=\"async\" height=\"16\" width=\"16\" alt=\"\ud83e\uddd1\u200d\ud83c\udfeb\" src=\"https:\/\/static.xx.fbcdn.net\/images\/emoji.php\/v9\/t65\/1\/16\/1f9d1_200d_1f3eb.png\"> Pl\u00e1ticas y seminarios<\/p>\n\n\n\n<p>No pierdas la oportunidad de pasar unas vacaciones inolvidables, aprender y hacer nuevos amigos.<\/p>\n\n\n\n<p>Para m\u00e1s informaci\u00f3n e inscripciones, acude a la biblioteca municipal ubicada en Casa de Cultura<\/p>\n","protected":false},"excerpt":{"rendered":"<p>El Gobierno Municipal de Tamasopo 2021-2024 invita a todos los ni\u00f1os y ni\u00f1as de 7 a 11 a\u00f1os de edad a participar en nuestro curso de verano \u201cMis Vacaciones en la Biblioteca\u201d Del 29 de Julio al 09 de agosto En un horario de las &hellip; <\/p>\n","protected":false},"author":1,"featured_media":17874,"comment_status":"open","ping_status":"open","sticky":false,"template":"","format":"standard","meta":{"footnotes":""},"categories":[4,21],"tags":[],"class_list":["post-97646","post","type-post","status-publish","format-standard","has-post-thumbnail","hentry","category-inicio","category-tamasopo"],"_links":{"self":[{"href":"https:\/\/amanecerhuasteco.com\/portal\/wp-json\/wp\/v2\/posts\/97646","targetHints":{"allow":["GET"]}}],"collection":[{"href":"https:\/\/amanecerhuasteco.com\/portal\/wp-json\/wp\/v2\/posts"}],"about":[{"href":"https:\/\/amanecerhuasteco.com\/portal\/wp-json\/wp\/v2\/types\/post"}],"author":[{"embeddable":true,"href":"https:\/\/amanecerhuasteco.com\/portal\/wp-json\/wp\/v2\/users\/1"}],"replies":[{"embeddable":true,"href":"https:\/\/amanecerhuasteco.com\/portal\/wp-json\/wp\/v2\/comments?post=97646"}],"version-history":[{"count":1,"href":"https:\/\/amanecerhuasteco.com\/portal\/wp-json\/wp\/v2\/posts\/97646\/revisions"}],"predecessor-version":[{"id":97647,"href":"https:\/\/amanecerhuasteco.com\/portal\/wp-json\/wp\/v2\/posts\/97646\/revisions\/97647"}],"wp:featuredmedia":[{"embeddable":true,"href":"https:\/\/amanecerhuasteco.com\/portal\/wp-json\/wp\/v2\/media\/17874"}],"wp:attachment":[{"href":"https:\/\/amanecerhuasteco.com\/portal\/wp-json\/wp\/v2\/media?parent=97646"}],"wp:term":[{"taxonomy":"category","embeddable":true,"href":"https:\/\/amanecerhuasteco.com\/portal\/wp-json\/wp\/v2\/categories?post=97646"},{"taxonomy":"post_tag","embeddable":true,"href":"https:\/\/amanecerhuasteco.com\/portal\/wp-json\/wp\/v2\/tags?post=97646"}],"curies":[{"name":"wp","href":"https:\/\/api.w.org\/{rel}","templated":true}]}}