{"id":97822,"date":"2024-07-31T08:32:20","date_gmt":"2024-07-31T14:32:20","guid":{"rendered":"https:\/\/amanecerhuasteco.com\/portal\/?p=97822"},"modified":"2024-07-31T08:32:22","modified_gmt":"2024-07-31T14:32:22","slug":"con-respaldo-de-cefim-reconoceran-a-municipios-tras-evaluacion-federal","status":"publish","type":"post","link":"https:\/\/amanecerhuasteco.com\/portal\/con-respaldo-de-cefim-reconoceran-a-municipios-tras-evaluacion-federal\/","title":{"rendered":"Con respaldo de CEFIM, reconocer\u00e1n a municipios tras evaluaci\u00f3n federal"},"content":{"rendered":"\n<p><br>\u2022 Durante este a\u00f1o 35 municipios fueron calificados en 115 indicadores<\/p>\n\n\n\n<p>El Gobierno del Estado a trav\u00e9s de la Coordinaci\u00f3n Estatal para el Fortalecimiento Institucional de los Municipios (CEFIM), promovi\u00f3 durante este a\u00f1o la evaluaci\u00f3n de desempe\u00f1o municipal, con la participaci\u00f3n de 35 municipios que fueron calificados por instituciones educativas en 115 indicadores de gobierno y desempe\u00f1o, y ser\u00e1n reconocidos en septiembre en la Ciudad de M\u00e9xico.<br>Como parte de las estrategias del Mandatario Estatal, Ricardo Gallardo Cardona, para brindar m\u00e1s apoyo a los habitantes de los 58 municipios, el titular de la dependencia, Julio C\u00e9sar Pati\u00f1o Morales, explic\u00f3 que el programa es implementado por el Gobierno Federal, y agradeci\u00f3 la voluntad de las y los alcaldes salientes para evaluar su administraci\u00f3n durante el \u00faltimo a\u00f1o de su gobierno.<br>A\u00f1adi\u00f3 que la entrega de reconocimientos se realizar\u00e1 durante las primeras semanas de septiembre en la Ciudad de M\u00e9xico, donde ser\u00e1n convocados los gobiernos locales que hayan concretado en color verde el mayor n\u00famero de indicadores de la Gu\u00eda Consultiva de Desempe\u00f1o Municipal 2024.<br>Finalmente, Pati\u00f1o Morales dijo que la evaluaci\u00f3n de desempe\u00f1o ayuda a identificar fortalezas y \u00e1reas de mejora, lo que facilita el seguimiento de los planes de desarrollo y la optimizaci\u00f3n de los recursos p\u00fablicos y humanos en las administraciones municipales.<\/p>\n","protected":false},"excerpt":{"rendered":"<p>\u2022 Durante este a\u00f1o 35 municipios fueron calificados en 115 indicadores El Gobierno del Estado a trav\u00e9s de la Coordinaci\u00f3n Estatal para el Fortalecimiento Institucional de los Municipios (CEFIM), promovi\u00f3 durante este a\u00f1o la evaluaci\u00f3n de desempe\u00f1o municipal, con la participaci\u00f3n de 35 municipios que &hellip; <\/p>\n","protected":false},"author":1,"featured_media":97823,"comment_status":"open","ping_status":"open","sticky":false,"template":"","format":"standard","meta":{"footnotes":""},"categories":[25,7,22,56,11,55,4,44,60,30,31,59,42,21,53,20,58,57,43,32],"tags":[],"class_list":["post-97822","post","type-post","status-publish","format-standard","has-post-thumbnail","hentry","category-aquismon","category-ciudad","category-ebano","category-el-naranjo","category-estado","category-guadalcazar","category-inicio","category-matehuala","category-rayon","category-rioverde","category-sanluispotosi","category-santa-catarina","category-soledad","category-tamasopo","category-tamazunchale","category-tamuin","category-tancanhuitz","category-tanlajas","category-villa-de-reyes","category-xilitla"],"_links":{"self":[{"href":"https:\/\/amanecerhuasteco.com\/portal\/wp-json\/wp\/v2\/posts\/97822","targetHints":{"allow":["GET"]}}],"collection":[{"href":"https:\/\/amanecerhuasteco.com\/portal\/wp-json\/wp\/v2\/posts"}],"about":[{"href":"https:\/\/amanecerhuasteco.com\/portal\/wp-json\/wp\/v2\/types\/post"}],"author":[{"embeddable":true,"href":"https:\/\/amanecerhuasteco.com\/portal\/wp-json\/wp\/v2\/users\/1"}],"replies":[{"embeddable":true,"href":"https:\/\/amanecerhuasteco.com\/portal\/wp-json\/wp\/v2\/comments?post=97822"}],"version-history":[{"count":1,"href":"https:\/\/amanecerhuasteco.com\/portal\/wp-json\/wp\/v2\/posts\/97822\/revisions"}],"predecessor-version":[{"id":97824,"href":"https:\/\/amanecerhuasteco.com\/portal\/wp-json\/wp\/v2\/posts\/97822\/revisions\/97824"}],"wp:featuredmedia":[{"embeddable":true,"href":"https:\/\/amanecerhuasteco.com\/portal\/wp-json\/wp\/v2\/media\/97823"}],"wp:attachment":[{"href":"https:\/\/amanecerhuasteco.com\/portal\/wp-json\/wp\/v2\/media?parent=97822"}],"wp:term":[{"taxonomy":"category","embeddable":true,"href":"https:\/\/amanecerhuasteco.com\/portal\/wp-json\/wp\/v2\/categories?post=97822"},{"taxonomy":"post_tag","embeddable":true,"href":"https:\/\/amanecerhuasteco.com\/portal\/wp-json\/wp\/v2\/tags?post=97822"}],"curies":[{"name":"wp","href":"https:\/\/api.w.org\/{rel}","templated":true}]}}