{"id":97969,"date":"2024-08-05T08:01:39","date_gmt":"2024-08-05T14:01:39","guid":{"rendered":"https:\/\/amanecerhuasteco.com\/portal\/?p=97969"},"modified":"2024-08-05T08:01:40","modified_gmt":"2024-08-05T14:01:40","slug":"el-congreso-del-estado-realizara-el-foro-en-materia-de-derechos-agrarios-en-la-galera-municipal-de-aquismon","status":"publish","type":"post","link":"https:\/\/amanecerhuasteco.com\/portal\/el-congreso-del-estado-realizara-el-foro-en-materia-de-derechos-agrarios-en-la-galera-municipal-de-aquismon\/","title":{"rendered":"El congreso del estado realizar\u00e1 el foro en materia de derechos agrarios, en la galera municipal de Aquism\u00f3n"},"content":{"rendered":"\n<p><\/p>\n\n\n\n<p><strong>TIENE COMO OBJETIVO PROPORCIONAR UN ESPACIO DE DI\u00c1LOGO Y REFLEXI\u00d3N SOBRE EL ACCESO A LA JUSTICIA AGRARIA: DIP. BERNARDA REYES HERN\u00c1NDEZ<\/strong><\/p>\n\n\n\n<p>La presidenta de la Comisi\u00f3n de Asuntos Ind\u00edgenas del Congreso del Estado, diputada Bernarda Reyes Hern\u00e1ndez, inform\u00f3 que el pr\u00f3ximo 8 de agosto a las 12:00 horas, se llevar\u00e1 a cabo el Foro en Materia de Derechos Agrarios, en la Galera Municipal de Aquism\u00f3n, en el evento se contar\u00e1 con la ponencia de la Magistrada, Larisa Ortiz del Tribunal Superior Agrario.<\/p>\n\n\n\n<p>El foro tiene como objetivo proporcionar un espacio de di\u00e1logo y reflexi\u00f3n sobre el acceso a la justicia agraria, una cuesti\u00f3n fundamental para las comunidades ind\u00edgenas que buscan proteger y fortalecer sus territorios.<\/p>\n\n\n\n<p>Coment\u00f3, que la magistrada, Larisa Ortiz, es reconocida por su experiencia en el tema agrario, ofrecer\u00e1 una ponencia clave sobre la forma de impartir justicia a pueblos y comunidades, abordando temas relacionados con el r\u00e9gimen ejidal y comunal.<\/p>\n\n\n\n<p>\u00abEste foro es una oportunidad \u00fanica para escuchar de primera mano a una experta que ha trabajado a nivel nacional en la impartici\u00f3n de justicia agraria. Es crucial para nosotros, como representantes y miembros de las comunidades ind\u00edgenas, estar informados y preparados para proteger nuestros territorios y derechos\u00bb.<\/p>\n\n\n\n<p>La invitaci\u00f3n para asistir al foro est\u00e1 dirigida principalmente a los comisariados, pero se extiende a todos los interesados en el tema. La Diputada Reyes Hern\u00e1ndez enfatiz\u00f3 que el foro es una excelente ocasi\u00f3n para intercambiar ideas y experiencias, subrayando que se espera la presencia de las diputadas y diputados de la LXIII Legislatura fortaleciendo as\u00ed el v\u00ednculo con las comunidades ind\u00edgenas.<\/p>\n\n\n\n<p>Finalmente, se\u00f1al\u00f3 que el Congreso del Estado est\u00e1 comprometido con la protecci\u00f3n y fortalecimiento del territorio ind\u00edgena, por lo que este foro es una manifestaci\u00f3n de este compromiso y una oportunidad para reforzar el trabajo de la Comisi\u00f3n de Asuntos Ind\u00edgenas.<\/p>\n","protected":false},"excerpt":{"rendered":"<p>TIENE COMO OBJETIVO PROPORCIONAR UN ESPACIO DE DI\u00c1LOGO Y REFLEXI\u00d3N SOBRE EL ACCESO A LA JUSTICIA AGRARIA: DIP. BERNARDA REYES HERN\u00c1NDEZ La presidenta de la Comisi\u00f3n de Asuntos Ind\u00edgenas del Congreso del Estado, diputada Bernarda Reyes Hern\u00e1ndez, inform\u00f3 que el pr\u00f3ximo 8 de agosto a &hellip; <\/p>\n","protected":false},"author":1,"featured_media":97970,"comment_status":"open","ping_status":"open","sticky":false,"template":"","format":"standard","meta":{"footnotes":""},"categories":[13,25,14,7,22,15,16,4,21,20,57],"tags":[],"class_list":["post-97969","post","type-post","status-publish","format-standard","has-post-thumbnail","hentry","category-agropecuaria","category-aquismon","category-caneros","category-ciudad","category-ebano","category-ganaderos","category-ingenios","category-inicio","category-tamasopo","category-tamuin","category-tanlajas"],"_links":{"self":[{"href":"https:\/\/amanecerhuasteco.com\/portal\/wp-json\/wp\/v2\/posts\/97969","targetHints":{"allow":["GET"]}}],"collection":[{"href":"https:\/\/amanecerhuasteco.com\/portal\/wp-json\/wp\/v2\/posts"}],"about":[{"href":"https:\/\/amanecerhuasteco.com\/portal\/wp-json\/wp\/v2\/types\/post"}],"author":[{"embeddable":true,"href":"https:\/\/amanecerhuasteco.com\/portal\/wp-json\/wp\/v2\/users\/1"}],"replies":[{"embeddable":true,"href":"https:\/\/amanecerhuasteco.com\/portal\/wp-json\/wp\/v2\/comments?post=97969"}],"version-history":[{"count":1,"href":"https:\/\/amanecerhuasteco.com\/portal\/wp-json\/wp\/v2\/posts\/97969\/revisions"}],"predecessor-version":[{"id":97971,"href":"https:\/\/amanecerhuasteco.com\/portal\/wp-json\/wp\/v2\/posts\/97969\/revisions\/97971"}],"wp:featuredmedia":[{"embeddable":true,"href":"https:\/\/amanecerhuasteco.com\/portal\/wp-json\/wp\/v2\/media\/97970"}],"wp:attachment":[{"href":"https:\/\/amanecerhuasteco.com\/portal\/wp-json\/wp\/v2\/media?parent=97969"}],"wp:term":[{"taxonomy":"category","embeddable":true,"href":"https:\/\/amanecerhuasteco.com\/portal\/wp-json\/wp\/v2\/categories?post=97969"},{"taxonomy":"post_tag","embeddable":true,"href":"https:\/\/amanecerhuasteco.com\/portal\/wp-json\/wp\/v2\/tags?post=97969"}],"curies":[{"name":"wp","href":"https:\/\/api.w.org\/{rel}","templated":true}]}}