{"id":980,"date":"2011-11-07T22:29:37","date_gmt":"2011-11-08T04:29:37","guid":{"rendered":"http:\/\/amanecerhuasteco.com\/portal\/2011\/11\/07\/editorial-7\/"},"modified":"2011-11-07T22:29:37","modified_gmt":"2011-11-08T04:29:37","slug":"editorial-7","status":"publish","type":"post","link":"https:\/\/amanecerhuasteco.com\/portal\/editorial-7\/","title":{"rendered":"EDITORIAL"},"content":{"rendered":"<div align=\"justify\">Las declaraciones hechas por del Delegado Estatal de la Uni\u00f3n Nacional de Ca\u00f1eros CNC, Rafael Pineda Vargas, en torno a que por acuerdo de un pleno nacional ahora las dirigencias ca\u00f1eras locales tendr\u00e1n periodos de 3 a 6 a\u00f1os a generado un sin n\u00famero de comentarios positivos y\u00a0 negativos, pero sobre todo se cuestiona la toma de decisiones desde M\u00e9xico y porque no se toma en cuenta a los socios de cada Uni\u00f3n, ya que en algunas agrupaciones sus dirigentes tienen cansados a sus representados de tanto descuento, la falta de gestor\u00eda de apoyos, por lo que en las siguientes asambleas de informe de fin de zafra habr\u00e1 algunas protestas pero como se dice com\u00fanmente \u201cpalo dado ni quien lo quite\u201d,\u00a0 aunque existen corrientes de ca\u00f1eros cenecistas que comienzan a hacerle ruido a su l\u00edder nacional Daniel P\u00e9rez Valdez, porque se encuentra apoderado de la organizaci\u00f3n primero con formar una AC nacional, despu\u00e9s con obligar a las Uniones Local a hacer lo mismo con sus estatutos para tomar decisiones unilaterales para continuar en el poder nacional y local, esta situaci\u00f3n podr\u00eda generar desbandada de ca\u00f1eros cenecistas a otras agrupaciones ca\u00f1eras ya que sencillamente ya no tienen voz ni voto\u2026\u2026\u2026\u2026\u2026\u2026. Por cuestiones de agenda (seguridad) no vino el mes pasado el dirigente nacional de los ca\u00f1eros y dejo al l\u00edder local ca\u00f1ero de la CNC Antonio Ju\u00e1rez Torres como \u201cnovia de rancho\u201d vestido y alborotado, ya que se hizo una fuerte inversi\u00f3n econ\u00f3mica como nunca antes para recibir al Gobernador del Estado Fernando Toranzo Fern\u00e1ndez y al Presidente de la Uni\u00f3n Nacional de Ca\u00f1eros CNC Daniel P\u00e9rez Valdez, con el objetivo de agradecerle que de un plumazo del l\u00edder ca\u00f1ero cambio de 3 a\u00f1os a 6 a\u00f1os el periodo de los dirigentes de las Uniones Locales Ca\u00f1eras, acuerdo que por l\u00f3gica ning\u00fan dirigente voto en contra, pero aunque no vinieron los invitados especiales se aprovecho la tribuna con casi 2000 productores del sector social\u00a0 por parte de pol\u00edticos del Partido Acci\u00f3n Nacional y del Partido Revolucionario Institucional que aspiran a cargos de elecci\u00f3n popular\u2026\u2026\u2026\u2026\u2026\u2026\u2026. Falta que el l\u00edder ca\u00f1ero cenecista de Plan de Ayala se defina a qui\u00e9n apoyara, Antonio Ju\u00e1rez disc\u00edpulo de un l\u00edder ca\u00f1ero natural Don Nemesio Rocha D\u00edaz, a intentado ser como \u00e9l con el trato de la gente sin embargo su car\u00e1cter no le ayuda mucho, a manifestado ser pri\u00edsta pero sus acciones lo ubican como panista, lo que permiti\u00f3 que la actual alcaldesa Socorro Herrera Orta le cediera un espacio en el cabildo al sector ca\u00f1ero y el actual secretario de finanzas funge como regidor de \u201cCoco\u201d\u2026\u2026\u2026\u2026\u2026\u2026.La asamblea estuvo llena de aspirantes a la Presidencia Municipal, comenzando con el Diputado Local Jaime Ya\u00f1ez Peredo (PAN), la Diputada Federal Delia Guerrero Coronado (PRI), Tito Rodr\u00edguez Guerrero (PRI),\u00a0 Jes\u00fas Gonz\u00e1lez Santos (PRI), entre otros personajes de la pol\u00edtica, donde el l\u00edder ca\u00f1ero se dejo querer e hizo presencia con todos esperando que quien logre el \u201chueso\u201d otorgue posiciones a esta organizaci\u00f3n ca\u00f1era\u2026\u2026\u2026\u2026\u2026 Cabe se\u00f1alar que el informe del l\u00edder ca\u00f1ero cenecista, fue detallado y si son reales esos n\u00fameros van por buen camino a la independencia financiera de la f\u00e1brica, uno de los anhelos del extinto l\u00edder Nemesio Rocha, quien ten\u00eda la filosof\u00eda de que entre menos\u00a0 le debiera favores a los industriales \u201cmejor\u201d\u00a0 porque solo as\u00ed se puede defender mejor los intereses de los productores de ca\u00f1a.<\/div>\n","protected":false},"excerpt":{"rendered":"<p>Las declaraciones hechas por del Delegado Estatal de la Uni\u00f3n Nacional de Ca\u00f1eros CNC, Rafael Pineda Vargas, en torno a que por acuerdo de un pleno nacional ahora las dirigencias ca\u00f1eras locales tendr\u00e1n periodos de 3 a 6 a\u00f1os a generado un sin n\u00famero de &hellip; <\/p>\n","protected":false},"author":1,"featured_media":17874,"comment_status":"open","ping_status":"open","sticky":false,"template":"","format":"standard","meta":{"footnotes":""},"categories":[17],"tags":[],"class_list":["post-980","post","type-post","status-publish","format-standard","has-post-thumbnail","hentry","category-colaboraciones"],"_links":{"self":[{"href":"https:\/\/amanecerhuasteco.com\/portal\/wp-json\/wp\/v2\/posts\/980","targetHints":{"allow":["GET"]}}],"collection":[{"href":"https:\/\/amanecerhuasteco.com\/portal\/wp-json\/wp\/v2\/posts"}],"about":[{"href":"https:\/\/amanecerhuasteco.com\/portal\/wp-json\/wp\/v2\/types\/post"}],"author":[{"embeddable":true,"href":"https:\/\/amanecerhuasteco.com\/portal\/wp-json\/wp\/v2\/users\/1"}],"replies":[{"embeddable":true,"href":"https:\/\/amanecerhuasteco.com\/portal\/wp-json\/wp\/v2\/comments?post=980"}],"version-history":[{"count":0,"href":"https:\/\/amanecerhuasteco.com\/portal\/wp-json\/wp\/v2\/posts\/980\/revisions"}],"wp:featuredmedia":[{"embeddable":true,"href":"https:\/\/amanecerhuasteco.com\/portal\/wp-json\/wp\/v2\/media\/17874"}],"wp:attachment":[{"href":"https:\/\/amanecerhuasteco.com\/portal\/wp-json\/wp\/v2\/media?parent=980"}],"wp:term":[{"taxonomy":"category","embeddable":true,"href":"https:\/\/amanecerhuasteco.com\/portal\/wp-json\/wp\/v2\/categories?post=980"},{"taxonomy":"post_tag","embeddable":true,"href":"https:\/\/amanecerhuasteco.com\/portal\/wp-json\/wp\/v2\/tags?post=980"}],"curies":[{"name":"wp","href":"https:\/\/api.w.org\/{rel}","templated":true}]}}