{"id":98188,"date":"2024-08-12T08:33:35","date_gmt":"2024-08-12T14:33:35","guid":{"rendered":"https:\/\/amanecerhuasteco.com\/portal\/?p=98188"},"modified":"2024-08-12T08:33:37","modified_gmt":"2024-08-12T14:33:37","slug":"dif-estatal-y-embajadoras-fenapo-2024-promueven-la-inclusion","status":"publish","type":"post","link":"https:\/\/amanecerhuasteco.com\/portal\/dif-estatal-y-embajadoras-fenapo-2024-promueven-la-inclusion\/","title":{"rendered":"DIF estatal y embajadoras FENAPO 2024 promueven la inclusi\u00f3n"},"content":{"rendered":"\n<p><br>\u2022\u00a0 \u00a0 \u00a0 \u00a0Sayuri, Yuridia, Mar\u00eda Fernanda, Jackelin y Xochitl se comprometieron a promover el respeto a las personas con discapacidad<\/p>\n\n\n\n<p>Para fortalecer el compromiso de respeto a los derechos humanos, Ruth Gonz\u00e1lez Silva, presidenta honoraria del Sistema Estatal para el Desarrollo Integral de la Familia (DIF), convoc\u00f3 a las embajadoras de la Feria Nacional Potosina (Fenapo) 2024 a promover las acciones y espacios inclusivos para personas con discapacidad.<br>Gonz\u00e1lez Silva reconoci\u00f3 el esfuerzo, talento y representaci\u00f3n de cada una de las embajadoras, a quienes extendi\u00f3 una invitaci\u00f3n para unirse a las iniciativas de inclusi\u00f3n promovidas por el DIF Estatal para erradicar la discriminaci\u00f3n como lo ha instruido el Gobernador Ricardo Gallardo Cardona.<br>Entre estas acciones destacan promover el respeto a las \u00e1reas adaptadas para en apoyo a las personas con discapacidad como la l\u00ednea podo t\u00e1ctil y la zona inclusiva, \u00e1reas habilitadas especialmente para garantizar la accesibilidad y el respeto a las personas con discapacidad.<br>Las embajadoras, encabezadas por Sayuri Vidales Estrada, embajadora inclusiva, junto a Yuridia Calvillo Carranza, Mar\u00eda Fernanda Rubio, Jackelin Barrera Ben\u00edtez y Xochitl Jim\u00e9nez Hern\u00e1ndez, se comprometieron a sensibilizar a la poblaci\u00f3n sobre la importancia de una cultura de inclusi\u00f3n, con el objetivo de que todas las personas puedan convivir en armon\u00eda y respeto, mientras disfrutan de la mejor Feria del pa\u00eds.<\/p>\n","protected":false},"excerpt":{"rendered":"<p>\u2022\u00a0 \u00a0 \u00a0 \u00a0Sayuri, Yuridia, Mar\u00eda Fernanda, Jackelin y Xochitl se comprometieron a promover el respeto a las personas con discapacidad Para fortalecer el compromiso de respeto a los derechos humanos, Ruth Gonz\u00e1lez Silva, presidenta honoraria del Sistema Estatal para el Desarrollo Integral de la &hellip; <\/p>\n","protected":false},"author":1,"featured_media":98189,"comment_status":"open","ping_status":"open","sticky":false,"template":"","format":"standard","meta":{"footnotes":""},"categories":[25,7,22,56,11,15,55,16,4,44,60,30,31,59,42,21,53,20,58,57,43,32],"tags":[],"class_list":["post-98188","post","type-post","status-publish","format-standard","has-post-thumbnail","hentry","category-aquismon","category-ciudad","category-ebano","category-el-naranjo","category-estado","category-ganaderos","category-guadalcazar","category-ingenios","category-inicio","category-matehuala","category-rayon","category-rioverde","category-sanluispotosi","category-santa-catarina","category-soledad","category-tamasopo","category-tamazunchale","category-tamuin","category-tancanhuitz","category-tanlajas","category-villa-de-reyes","category-xilitla"],"_links":{"self":[{"href":"https:\/\/amanecerhuasteco.com\/portal\/wp-json\/wp\/v2\/posts\/98188","targetHints":{"allow":["GET"]}}],"collection":[{"href":"https:\/\/amanecerhuasteco.com\/portal\/wp-json\/wp\/v2\/posts"}],"about":[{"href":"https:\/\/amanecerhuasteco.com\/portal\/wp-json\/wp\/v2\/types\/post"}],"author":[{"embeddable":true,"href":"https:\/\/amanecerhuasteco.com\/portal\/wp-json\/wp\/v2\/users\/1"}],"replies":[{"embeddable":true,"href":"https:\/\/amanecerhuasteco.com\/portal\/wp-json\/wp\/v2\/comments?post=98188"}],"version-history":[{"count":1,"href":"https:\/\/amanecerhuasteco.com\/portal\/wp-json\/wp\/v2\/posts\/98188\/revisions"}],"predecessor-version":[{"id":98190,"href":"https:\/\/amanecerhuasteco.com\/portal\/wp-json\/wp\/v2\/posts\/98188\/revisions\/98190"}],"wp:featuredmedia":[{"embeddable":true,"href":"https:\/\/amanecerhuasteco.com\/portal\/wp-json\/wp\/v2\/media\/98189"}],"wp:attachment":[{"href":"https:\/\/amanecerhuasteco.com\/portal\/wp-json\/wp\/v2\/media?parent=98188"}],"wp:term":[{"taxonomy":"category","embeddable":true,"href":"https:\/\/amanecerhuasteco.com\/portal\/wp-json\/wp\/v2\/categories?post=98188"},{"taxonomy":"post_tag","embeddable":true,"href":"https:\/\/amanecerhuasteco.com\/portal\/wp-json\/wp\/v2\/tags?post=98188"}],"curies":[{"name":"wp","href":"https:\/\/api.w.org\/{rel}","templated":true}]}}