{"id":98278,"date":"2024-08-14T08:34:54","date_gmt":"2024-08-14T14:34:54","guid":{"rendered":"https:\/\/amanecerhuasteco.com\/portal\/?p=98278"},"modified":"2024-08-14T08:35:46","modified_gmt":"2024-08-14T14:35:46","slug":"entre-columba","status":"publish","type":"post","link":"https:\/\/amanecerhuasteco.com\/portal\/entre-columba\/","title":{"rendered":"ENTRE COLUMNAS"},"content":{"rendered":"\n<p>OTRO POLITICO SAN MARTINERO A PRISION<\/p>\n\n\n\n<p>+.-&nbsp; &nbsp;Rafael Crisp\u00edn, ex alcalde de San Mart\u00edn a la&nbsp; c\u00e1rcel.<\/p>\n\n\n\n<p>+.- Acusado de Asociaci\u00f3n delictuosa.<\/p>\n\n\n\n<p>Agentes de Investigaci\u00f3n&nbsp; detuvieron el pasado &nbsp;mi\u00e9rcoles al ex alcalde de San Mart\u00edn Chalchicuautla, Rafael Crisp\u00edn Santos, en cumplimiento de una orden de aprehensi\u00f3n emitida en su contra enfrenta cargos por asociaci\u00f3n delictuosa, lesiones y privaci\u00f3n ilegal de la libertad,&nbsp; fue trasladado al Centro de Reinserci\u00f3n Social (CERESO) en Tamazunchale<\/p>\n\n\n\n<p>Al momento de la detenci\u00f3n se&nbsp; encontraba en un rancho en la localidad de La Providencia, perteneciente al mismo municipio. Anteriormente&nbsp; un ex&nbsp; diputado de ese&nbsp; municipio&nbsp; fue enviado a prisi\u00f3n por&nbsp; otros&nbsp; delitos penales. Respecto a&nbsp; los hechos&nbsp; penados en que incurri\u00f3 el mun\u00edcipe&nbsp; no se dieron detalles.<\/p>\n\n\n\n<p>Principio del formulario+++++++++++<\/p>\n\n\n\n<p>PR\u00c9STAMOS\u2026.<\/p>\n\n\n\n<p>de&nbsp; dinero inmediatos a pensionados<\/p>\n\n\n\n<h2 class=\"wp-block-heading\">CFE, ISSSTE.FFCC, SCT, PEMEX,<\/h2>\n\n\n\n<h2 class=\"wp-block-heading\">ACTIVOS Y JUBILADOS&nbsp; IMSS<\/h2>\n\n\n\n<p>SIN AFECTAR TARJETON.<\/p>\n\n\n\n<h2 class=\"wp-block-heading\">Ll\u00e1menos las 24 hrs del d\u00eda<\/h2>\n\n\n\n<p>LLAMENOS 4811039565<\/p>\n\n\n\n<p>CREDITO INMEDIATO<\/p>\n\n\n\n<p>+++++++++++++<\/p>\n\n\n\n<p>CON&nbsp; MAS&nbsp; ARMAS&nbsp; LA POLICIA&nbsp; MUNICIPAL&nbsp; SEGUIR\u00c1 ATROPELLANDO DERECHOS HUMANOS.<\/p>\n\n\n\n<p>El fortalecimiento de las corporaciones policiacas debe ser una prioridad de los diferentes niveles de gobierno: Dip. Roberto Ulices Mendoza Padr\u00f3n<\/p>\n\n\n\n<p>La&nbsp; recomendaci\u00f3n&nbsp; a&nbsp; las siguientes&nbsp; autoridades&nbsp; municipales&nbsp; de invertir mas&nbsp; recursos$$$$ para el siguiente trienio para&nbsp; dar&nbsp; una mayor&nbsp; seguridad&nbsp; a la ciudadan\u00eda debe&nbsp;&nbsp; conllevar respetar los derechos&nbsp; humanos&nbsp; de las personas&nbsp; que&nbsp; tienen la desgracia de&nbsp; caer&nbsp; en sus manos por la comisi\u00f3n de un delito administrativo inventado&nbsp; PARA EXTORSIONARLOS, esta situaci\u00f3n se&nbsp; refleja&nbsp;&nbsp; en&nbsp; los&nbsp; antecedentes&nbsp; que&nbsp; aparecen en la delegaci\u00f3n&nbsp; de justicia&nbsp; por&nbsp; denuncias&nbsp; de las v\u00edctimas y&nbsp; de&nbsp; la&nbsp; representaci\u00f3n de Derechos&nbsp; humanos en esta ciudad,<\/p>\n\n\n\n<p>Los&nbsp; anteriores se\u00f1alamientos&nbsp; se&nbsp; derivan por las&nbsp; declaraciones &nbsp;hechas&nbsp; por el &nbsp;diputado Roberto Ulices Mendoza Padr\u00f3n, presidente de la Directiva del Congreso del Estado, se\u00f1al\u00f3 que debe ser una prioridad para los diferentes niveles de gobierno, fortalecer el equipamiento y la capacitaci\u00f3n de los elementos de las diferentes corporaciones policiacas, para garantizar la seguridad en el estado.&nbsp; Acudi\u00f3 en representaci\u00f3n del Congreso del Estado, a la \u201cEntrega de Patrullas a la Guardia Civil Estatal y Municipios del Estado, as\u00ed como al Pase de Revista y Arranque del Operativo Fenapo Seguro 2024\u201d, que encabez\u00f3 el gobernador Ricardo Gallardo Cardona.<\/p>\n\n\n\n<p>El legislador coment\u00f3 que la entrega de 151 patrullas a la Guardia Civil Estatal (GCE), as\u00ed como a los 25 municipios que se vieron beneficiados con su participaci\u00f3n en el programa de entrega de unidades, permitir\u00e1n generar una mayor confianza y tranquilidad de las familias potosinas en las cuatro regiones del estado.<\/p>\n\n\n\n<p>+++++++++++<\/p>\n\n\n\n<p>QFB&nbsp; FABIOLA GARCIA ALVAREZ<\/p>\n\n\n\n<h2 class=\"wp-block-heading\">Perito dictaminador en an\u00e1lisis bacteriol\u00f3gico de agua<\/h2>\n\n\n\n<p>Y alimentos con n\u00famero GES-PD 0705<\/p>\n\n\n\n<p>Perito dictaminador en&nbsp; estupefacientes GES-PD0523<\/p>\n\n\n\n<p>Maestr\u00eda&nbsp; en an\u00e1lisis cl\u00ednicos 1301 \u2013 368068<\/p>\n\n\n\n<p>Ced&nbsp; prof&nbsp; 8664204&nbsp;&nbsp; Tel. 38 1 66 64<\/p>\n\n\n\n<p>Asesor\u00eda,&nbsp; auditor\u00eda&nbsp; y gesti\u00f3n ambiental.<\/p>\n\n\n\n<p>G. Victoria No. 8&nbsp; zona centro Cd Valles<\/p>\n\n\n\n<p>++++++++++++<\/p>\n\n\n\n<p>Director de la&nbsp; Dapas&nbsp; bebi\u00f3&nbsp; agua turbia&nbsp; de la llave&nbsp; para demostrar que es&nbsp; consumible.<\/p>\n\n\n\n<p>+.-Alcalde de Valles David Medina acept\u00f3 que es &nbsp;prioridad&nbsp; otra planta potabilizadora de agua.<\/p>\n\n\n\n<p>Dos&nbsp; contingencias&nbsp; lleva&nbsp; en su historial&nbsp; como&nbsp; director de la DAPAS y la tercera&nbsp; ser\u00e1&nbsp; la vencida, no escapan con responsabilidades&nbsp; la&nbsp; regidora&nbsp; comisionada&nbsp; ante el organismo operador&nbsp; y el presidente de la&nbsp; Junta de Gobierno, todos&nbsp; ellos&nbsp; tienen responsabilidades&nbsp; ante los m\u00e1s de&nbsp; 55&nbsp; mil usuarios&nbsp; cautivos.<\/p>\n\n\n\n<p>Lo que&nbsp; siguen evadiendo&nbsp; es la soluci\u00f3n&nbsp; inmediata de&nbsp;&nbsp; tener una&nbsp; fuente alterna de abastecimiento de agua&nbsp; para&nbsp; no enfrentar otro problema&nbsp;&nbsp; semejante a&nbsp;&nbsp; aquel \u201cabril negro\u201d&nbsp; cuando se sec\u00f3 el r\u00edo Valles.<\/p>\n\n\n\n<p>Durante la&nbsp; reciente temporada de lluvias abundantes en el valle Huasteco, los r\u00edos, afluentes, arroyos, estanques y presas&nbsp;&nbsp; rebasaron su capacidad de almacenamiento y&nbsp; la inundaci\u00f3n arrastr\u00f3 tierra, arboles, hojarasca&nbsp; que enturbio la corriente de agua donde&nbsp; se&nbsp; abastece&nbsp; la&nbsp; Dapa&nbsp; para&nbsp; proporcionar a la poblaci\u00f3n&nbsp; del vital elemento, pero llego el momento&nbsp; que fue imposible&nbsp; filtrar la planta envi\u00f3 LODO a los&nbsp; hogares&nbsp; motivando protestas de&nbsp; la&nbsp; poblaci\u00f3n llegaron al extremo de solicitar amparo de la Justicia&nbsp; federal&nbsp; para obligar a&nbsp; la&nbsp; DAPA a&nbsp; mejorar las condiciones sanitarias&nbsp; del agua&nbsp; entregada a la poblaci\u00f3n.<\/p>\n\n\n\n<p>La ciudadan\u00eda&nbsp; elev\u00f3 sus protestas&nbsp; hasta la alcald\u00eda cuyo&nbsp; titular es&nbsp; el presidente de la Junta de gobierno&nbsp; del organismo operador del agua en esta ciudad, y quien culp\u00f3 al director&nbsp; de las&nbsp; declaraciones&nbsp; al&nbsp; responder&nbsp; sin pringa de sensibilidad, en cambio acept\u00f3 que s\u00ed es un problema muy serio el agua turbia, los t\u00e9cnicos &nbsp;pudieron haber tomado la decisi\u00f3n de suspender el suministro total, para que no afectar\u00e1 a la salud de los usuarios consumidores del vital l\u00edquido.<\/p>\n\n\n\n<p>En redes&nbsp; sociales&nbsp;&nbsp; los medios informativos de&nbsp; esta ciudad&nbsp; y capitalinos&nbsp; reprodujeron declaraciones del&nbsp; presidente municipal,&nbsp; quien dijo en relaci\u00f3n a lo que declar\u00f3 el director de la Dapa, \u201cEntiendo y fue muy desafortunado el tema de Paco y su falta de sensibilidad para poder atender una problem\u00e1tica en vez de tomar agua la recomendaci\u00f3n que se debi\u00f3 haber hecho es que el agua que deb\u00eda ser para consumo, pues hervirla, falt\u00f3 seriedad; es un tema desafortunado, que lo repruebo y voy hablar con \u00e9l, fue un hecho de protagonismo\u2026\u201d.<\/p>\n\n\n\n<p>.++++++++++++++<\/p>\n\n\n\n<p>CARROCERIAS&nbsp; BUSTOS<\/p>\n\n\n\n<h2 class=\"wp-block-heading\">Reforma y Lerdo de tejada Col. Altavista.<\/h2>\n\n\n\n<p>Cd Valles SLP&nbsp; Tel. 3824777.<\/p>\n\n\n\n<p>En carrocer\u00edas para camiones y camionetas nadie nos compite.<\/p>\n\n\n\n<p>++++++++++++++<\/p>\n\n\n\n<p>\u201cFINCA&nbsp; SAN ISIDRO\u201d<\/p>\n\n\n\n<h2 class=\"wp-block-heading\">Sal\u00f3n para fiestas de todo tipo.<\/h2>\n\n\n\n<p>Carretera Valles \u2013 R\u00edo Verde Km. 8<\/p>\n\n\n\n<p>Contrataciones al Tel. 01 481<\/p>\n\n\n\n<p>++++++++++++<\/p>\n\n\n\n<p>OBRAS INCONCLUSAS&nbsp; DEJARAN LOS&nbsp; ACTUALES&nbsp; AYUNTAMIENTOS.<\/p>\n\n\n\n<p>Ya es una regla justificada por los gobiernos municipales en turno dejar obras inconclusas al terminar su per\u00edodo, esta es justificada&nbsp; por los&nbsp; actuales funcionarios como&nbsp; pendientes&nbsp;&nbsp; para la siguiente&nbsp; administraci\u00f3n&nbsp; debido a que&nbsp; los recursos etiquetados se reciben hasta principios del tercer mes del&nbsp; a\u00f1o el presupuesto asignado mientras ejercen el del a\u00f1o anterior (si es&nbsp; que&nbsp; no se los&nbsp; gastan los actuales) .<\/p>\n\n\n\n<p>&nbsp;El Codesol maneja el paquete de obras aprobado del POA y el municipio opera el&nbsp; recurso&nbsp; econ\u00f3mico, esto les permite a los alcaldes en turno desviarlos&nbsp; a otros rubros y luego se meten en sendos problemas con la Auditoria Superior de la Federaci\u00f3n como ocurri\u00f3 a JJ con 28 millones de pesos etiquetados que&nbsp; dispuso para otro concepto&nbsp; se&nbsp; explic\u00f3 posteriormente.<\/p>\n\n\n\n<p>Recientemente&nbsp; se inform\u00f3 en Codesol&nbsp; de&nbsp; Valles&nbsp; que tienen opci\u00f3n de terminar las obras&nbsp; hasta el mes de marzo, esto en respuesta&nbsp; a que la ciudadan\u00eda&nbsp; reclama&nbsp; la conclusi\u00f3n de pavimentaci\u00f3n de algunas calles iniciadas desde el pasado a\u00f1o, en respuesta el&nbsp; director del organismo&nbsp; dijo que tienen hasta el 31&nbsp; de marzo&nbsp; del pr\u00f3ximo a\u00f1o como plazo para&nbsp; entregarlas y tienen fundamento al se\u00f1alar&nbsp; que&nbsp; antes de pavimentar las calles deben revisar el estado f\u00edsico de las&nbsp; redes del drenaje y&nbsp; agua potable,&nbsp; ambas&nbsp;&nbsp; requieren de&nbsp; m\u00e1s&nbsp; tiempo&nbsp; para ejecutarlas.<\/p>\n\n\n\n<p>De los millones de pesos ETIQUETADOS&nbsp; para el&nbsp; ejercicio fiscal 2024, la&nbsp; realidad pocas&nbsp; obras se han visto&nbsp; realizadas&nbsp; en la zona urbana y rural en el caso particular de Ciudad Valles, si bien la administraci\u00f3n Verde&nbsp; se&nbsp; adjudic\u00f3 el mantenimiento por&nbsp; en\u00e9sima&nbsp; ocasi\u00f3n del libramiento Ejercito Mexicano y el alumbrado&nbsp; en la zona centro, solamente&nbsp; cierto sector c\u00e9ntrico, el bulevar 85 que ciertamente da otro aspecto a la vida nocturna de la metr\u00f3poli Huasteca.<\/p>\n\n\n\n<p>&nbsp;El asunto es que afirman allegados al Ayuntamiento de Valles, todas las pocas obras realizadas en la urbe son del estado y las del municipio son dictadas desde el centro que decide cuales si o congelarlas.<\/p>\n\n\n\n<p>+++++++++<\/p>\n\n\n\n<p>AMLO, UN PATRIOTA&nbsp; QUE&nbsp;&nbsp; HACE VALER LA&nbsp; SOBERANIA DE MEXICO.<\/p>\n\n\n\n<p>&nbsp;El Presidente de los Estados&nbsp; Unidos Mexicanos &nbsp;Andr\u00e9s Manuel L\u00f3pez Obrador dijo este lunes&nbsp; en \u201cLa Ma\u00f1anera\u201d &nbsp;que existen potencias que pretenden&nbsp;debilitar a Mandatarios con chantajes, para convertirlos en sus peleles.<\/p>\n\n\n\n<p>La campa\u00f1a medi\u00e1tica para tratar de vincularlo con el narcotr\u00e1fico, orquestada&nbsp; desde el&nbsp;extranjero, empez\u00f3 Tim Gold, luego el New York Times&nbsp; todos tienen como fuente a la DEA.<\/p>\n\n\n\n<p>&nbsp;Por su parte la DEA dice no existe tal investigaci\u00f3n o no encontraron elementos o para no cumplir un conflicto entre gobiernos\u00bb, dijo.<\/p>\n\n\n\n<p>&nbsp;&nbsp;\u00abNo, no, no, yo he hecho de la vida una l\u00ednea recta y no establezco relaciones de complicidad con nadie, por eso soy libre y no puedo someterme a ning\u00fan chantaje.&nbsp;<\/p>\n\n\n\n<p>El Presidente de M\u00e9xico no puede ser chantajeado por nadie,&nbsp;porque esa es una pr\u00e1ctica de las potencias, tener presidentes chantajeados, convertirlos en peleles\u00bb.<\/p>\n\n\n\n<p>&nbsp;El pasado 1 de agosto, L\u00f3pez Obrador dijo tajante &nbsp;que M\u00e9xico no ser\u00e1 pelele&nbsp;o t\u00edtere de ning\u00fan Gobierno extranjero y que, como amigo, ser\u00e1 paciente con Estados Unidos para esperar el informe sobre la captura de los integrantes del C\u00e1rtel de Sinaloa.<\/p>\n\n\n\n<p>+++++++++++++<\/p>\n\n\n\n<p>\u201cCAF\u00c9 Y RESTAURANT&nbsp;<\/p>\n\n\n\n<p>EL FAROLITO<\/p>\n\n\n\n<p>Lo mejor de la cocina Huasteca; el tradicional zacahuil y cazueladas .Atendemos toda clase de&nbsp; festejos. Pedidos al Tel&nbsp; 3821017 Ciudad Valles SLP<\/p>\n\n\n\n<p>+++++++++++++<\/p>\n\n\n\n<p>DANIEL&nbsp; GUILLEN NOMBRADO&nbsp; REPRESENTANTE POTOSINO&nbsp; EN LA CDMX.<\/p>\n\n\n\n<p>El titular de la Secretar\u00eda General de Gobierno (SGG), J. Guadalupe Torres S\u00e1nchez tom\u00f3 protesta a Daniel Guill\u00e9n S\u00e1nchez como representante del Gobierno del Estado en la Ciudad de M\u00e9xico, donde destac\u00f3 la importancia de fortalecer los lazos y la colaboraci\u00f3n con la capital del pa\u00eds, para mantener un trabajo coordinado y consolidar el proyecto de transformaci\u00f3n en la Entidad<\/p>\n\n\n\n<p>++++++++++++<\/p>\n\n\n\n<p>TRUMP&nbsp; ACUSA&nbsp; A&nbsp; KAMALA&nbsp; &nbsp;HARRIS Y &nbsp;TIM WALZ&nbsp; DE SER&nbsp;&nbsp; COMUNISTAS.<\/p>\n\n\n\n<p>El candidato republicano a la presidencia, Donald Trump, afirm\u00f3 que tanto la vicepresidenta y candidata presidencial Kamala Harris, como el gobernador de Minnesota, Tim Walz, su compa\u00f1ero de f\u00f3rmula dem\u00f3crata para las elecciones de noviembre, son comunistas. Sugiri\u00f3 que pronto debatir\u00e1 con la vicepresidenta a pesar de haber dicho previamente que no lo har\u00eda.<\/p>\n\n\n\n<p>En una entrevista con Fox News, el expresidente republicano expres\u00f3 que la f\u00f3rmula dem\u00f3crata apoya las ideas del senador Bernie Sanders, uno de los legisladores m\u00e1s progresistas del Congreso estadounidense.<\/p>\n\n\n\n<p>\u00abNo podr\u00eda estar m\u00e1s emocionado\u00bb de que Harris tomara esa \u00absorprendente decisi\u00f3n\u00bb, afirm\u00f3. A\u00f1adi\u00f3 que Walz es bastante liberal y \u00abprobablemente\u00bb m\u00e1s que Sanders. \u00abEsta candidatura quiere que este pa\u00eds se vuelva comunista de inmediato, si no antes. No queremos seguridad. No queremos nada. \u00c9l est\u00e1 muy a favor de los transexuales\u00bb, dijo.&nbsp;&nbsp; Trump tambi\u00e9n advirti\u00f3 que Walz es m\u00e1s radical que Harris en temas como la inmigraci\u00f3n y el crimen..<\/p>\n\n\n\n<p>+++++++++++++<\/p>\n\n\n\n<p>NO PIERDA&nbsp; DE&nbsp; VISTA AL TANQUIANERO&nbsp; GERARDO SANCHEZ.<\/p>\n\n\n\n<p>Para&nbsp; el&nbsp; a\u00f1o 2027&nbsp; habr\u00e1&nbsp; cambio de inquilino del&nbsp; Palacio&nbsp; de gobierno del estado una corriente&nbsp; adelanta continuaci\u00f3n del Galladismo mientras&nbsp; otros&nbsp; simpatizan desde&nbsp; ahora con el Huasteco&nbsp; empresario Tanquianero Gerardo S\u00e1nchez quien por cierto en fechas&nbsp; recientes&nbsp; incursion\u00f3&nbsp; en la Metr\u00f3poli Huasteca y&nbsp; se&nbsp; pasea&nbsp;&nbsp; en la&nbsp; ciudad capital siendo objeto de expresiones&nbsp; de&nbsp; apoyo&nbsp; si decide ir por la sucesi\u00f3n estatal.<\/p>\n\n\n\n<p>Las&nbsp; narrativas&nbsp; period\u00edsticas establecen que el pasado &nbsp;23 de julio el empresario huasteco, Gerardo S\u00e1nchez Zumaya, fue visto turisteando&nbsp; acompa\u00f1ado del abogado Edgardo Hern\u00e1ndez Contreras, dando&nbsp; origen a d\u00edceres&nbsp;&nbsp; hacia&nbsp; la&nbsp; sucesi\u00f3n gubernamental potosina.<\/p>\n\n\n\n<p>Tambi\u00e9n en Ciudad Valles&nbsp; estuvo&nbsp; en una reuni\u00f3n de amigos destacados&nbsp; de la pol\u00edtica&nbsp; local y&nbsp; regional, es mas&nbsp; el propio S\u00e1nchez Zumaya public\u00f3 una fotograf\u00eda con el tambi\u00e9n ex diputado local del Partido Verde.<\/p>\n\n\n\n<p>Faltan dos&nbsp; a\u00f1os y&nbsp; meses&nbsp; para&nbsp; que el caldero pol\u00edtico tome fuerza, los&nbsp; potosinos&nbsp;&nbsp; ubican a una mujer por&nbsp; el Verde, otros m\u00e1s&nbsp; centrados&nbsp;&nbsp; que ser\u00e1&nbsp;&nbsp; tambi\u00e9n mujer pero Morena, \u00e9sta, &nbsp;antes&nbsp; llegara a Bienestar en el estado.<\/p>\n\n\n\n<p>Cabe destacar que depender\u00e1 en gran medida esa sucesi\u00f3n al trabajo que realice el actual gobernador, Ricardo Gallardo Cardona.<\/p>\n\n\n\n<p>&#8212;<\/p>\n","protected":false},"excerpt":{"rendered":"<p>OTRO POLITICO SAN MARTINERO A PRISION +.-&nbsp; &nbsp;Rafael Crisp\u00edn, ex alcalde de San Mart\u00edn a la&nbsp; c\u00e1rcel. +.- Acusado de Asociaci\u00f3n delictuosa. Agentes de Investigaci\u00f3n&nbsp; detuvieron el pasado &nbsp;mi\u00e9rcoles al ex alcalde de San Mart\u00edn Chalchicuautla, Rafael Crisp\u00edn Santos, en cumplimiento de una orden de &hellip; <\/p>\n","protected":false},"author":1,"featured_media":96930,"comment_status":"open","ping_status":"open","sticky":false,"template":"","format":"standard","meta":{"footnotes":""},"categories":[17,4],"tags":[],"class_list":["post-98278","post","type-post","status-publish","format-standard","has-post-thumbnail","hentry","category-colaboraciones","category-inicio"],"_links":{"self":[{"href":"https:\/\/amanecerhuasteco.com\/portal\/wp-json\/wp\/v2\/posts\/98278","targetHints":{"allow":["GET"]}}],"collection":[{"href":"https:\/\/amanecerhuasteco.com\/portal\/wp-json\/wp\/v2\/posts"}],"about":[{"href":"https:\/\/amanecerhuasteco.com\/portal\/wp-json\/wp\/v2\/types\/post"}],"author":[{"embeddable":true,"href":"https:\/\/amanecerhuasteco.com\/portal\/wp-json\/wp\/v2\/users\/1"}],"replies":[{"embeddable":true,"href":"https:\/\/amanecerhuasteco.com\/portal\/wp-json\/wp\/v2\/comments?post=98278"}],"version-history":[{"count":2,"href":"https:\/\/amanecerhuasteco.com\/portal\/wp-json\/wp\/v2\/posts\/98278\/revisions"}],"predecessor-version":[{"id":98280,"href":"https:\/\/amanecerhuasteco.com\/portal\/wp-json\/wp\/v2\/posts\/98278\/revisions\/98280"}],"wp:featuredmedia":[{"embeddable":true,"href":"https:\/\/amanecerhuasteco.com\/portal\/wp-json\/wp\/v2\/media\/96930"}],"wp:attachment":[{"href":"https:\/\/amanecerhuasteco.com\/portal\/wp-json\/wp\/v2\/media?parent=98278"}],"wp:term":[{"taxonomy":"category","embeddable":true,"href":"https:\/\/amanecerhuasteco.com\/portal\/wp-json\/wp\/v2\/categories?post=98278"},{"taxonomy":"post_tag","embeddable":true,"href":"https:\/\/amanecerhuasteco.com\/portal\/wp-json\/wp\/v2\/tags?post=98278"}],"curies":[{"name":"wp","href":"https:\/\/api.w.org\/{rel}","templated":true}]}}