{"id":98718,"date":"2024-08-28T07:37:31","date_gmt":"2024-08-28T13:37:31","guid":{"rendered":"https:\/\/amanecerhuasteco.com\/portal\/?p=98718"},"modified":"2024-08-28T07:37:32","modified_gmt":"2024-08-28T13:37:32","slug":"en-comisiones-aprueban-entregar-a-jose-esquivel-juarez-para-recibir-la-presea-a-la-trayectoria-periodistica-francisco-zarco-del-ano-2024","status":"publish","type":"post","link":"https:\/\/amanecerhuasteco.com\/portal\/en-comisiones-aprueban-entregar-a-jose-esquivel-juarez-para-recibir-la-presea-a-la-trayectoria-periodistica-francisco-zarco-del-ano-2024\/","title":{"rendered":"En comisiones aprueban entregar a Jos\u00e9 Esquivel Ju\u00e1rez para recibir la presea a la trayectoria period\u00edstica \u201cFrancisco Zarco\u201d del a\u00f1o 2024"},"content":{"rendered":"\n<p><\/p>\n\n\n\n<p>La presidenta de la Comisi\u00f3n de Educaci\u00f3n, Cultura, Ciencia y Tecnolog\u00eda del Congreso del Estado, diputada Claudia Trist\u00e1n Alvarado, dijo que, en reuni\u00f3n de trabajo las y los integrantes de la comisi\u00f3n eligieron al periodista Jos\u00e9 Esquivel Ju\u00e1rez para recibir la Presea a la Trayectoria Period\u00edstica \u201cFrancisco Zarco\u201d del a\u00f1o 2024.<\/p>\n\n\n\n<p>\u201cEste prestigioso galard\u00f3n se otorga en reconocimiento a los periodistas potosinos que han demostrado un destacado desempe\u00f1o en el \u00e1mbito period\u00edstico, as\u00ed como por su contribuci\u00f3n a las mejores causas del pueblo potosino a trav\u00e9s de su servicio c\u00edvico ejemplar.\u201d<\/p>\n\n\n\n<p>Explic\u00f3 que la ceremonia de entrega de la Presea se llevar\u00e1 a cabo el pr\u00f3ximo 6 de septiembre en una sesi\u00f3n solemne en el Sal\u00f3n de Plenos del Congreso del Estado, siendo esta una forma de reconocer el trabajo period\u00edstico del galardonado.<\/p>\n\n\n\n<p>Finalmente la diputada Claudia Trist\u00e1n Alvarado expres\u00f3 su satisfacci\u00f3n por poder reconocer el valioso aporte de Jos\u00e9 Esquivel Ju\u00e1rez al periodismo potosino. Pues este reconocimiento no solo celebra su trayectoria profesional, sino tambi\u00e9n su compromiso inquebrantable con la verdad y el servicio a la comunidad.<\/p>\n","protected":false},"excerpt":{"rendered":"<p>La presidenta de la Comisi\u00f3n de Educaci\u00f3n, Cultura, Ciencia y Tecnolog\u00eda del Congreso del Estado, diputada Claudia Trist\u00e1n Alvarado, dijo que, en reuni\u00f3n de trabajo las y los integrantes de la comisi\u00f3n eligieron al periodista Jos\u00e9 Esquivel Ju\u00e1rez para recibir la Presea a la Trayectoria &hellip; <\/p>\n","protected":false},"author":1,"featured_media":98719,"comment_status":"open","ping_status":"open","sticky":false,"template":"","format":"standard","meta":{"footnotes":""},"categories":[13,25,7,23,22,11,4,10],"tags":[],"class_list":["post-98718","post","type-post","status-publish","format-standard","has-post-thumbnail","hentry","category-agropecuaria","category-aquismon","category-ciudad","category-congreso","category-ebano","category-estado","category-inicio","category-municipios"],"_links":{"self":[{"href":"https:\/\/amanecerhuasteco.com\/portal\/wp-json\/wp\/v2\/posts\/98718","targetHints":{"allow":["GET"]}}],"collection":[{"href":"https:\/\/amanecerhuasteco.com\/portal\/wp-json\/wp\/v2\/posts"}],"about":[{"href":"https:\/\/amanecerhuasteco.com\/portal\/wp-json\/wp\/v2\/types\/post"}],"author":[{"embeddable":true,"href":"https:\/\/amanecerhuasteco.com\/portal\/wp-json\/wp\/v2\/users\/1"}],"replies":[{"embeddable":true,"href":"https:\/\/amanecerhuasteco.com\/portal\/wp-json\/wp\/v2\/comments?post=98718"}],"version-history":[{"count":1,"href":"https:\/\/amanecerhuasteco.com\/portal\/wp-json\/wp\/v2\/posts\/98718\/revisions"}],"predecessor-version":[{"id":98720,"href":"https:\/\/amanecerhuasteco.com\/portal\/wp-json\/wp\/v2\/posts\/98718\/revisions\/98720"}],"wp:featuredmedia":[{"embeddable":true,"href":"https:\/\/amanecerhuasteco.com\/portal\/wp-json\/wp\/v2\/media\/98719"}],"wp:attachment":[{"href":"https:\/\/amanecerhuasteco.com\/portal\/wp-json\/wp\/v2\/media?parent=98718"}],"wp:term":[{"taxonomy":"category","embeddable":true,"href":"https:\/\/amanecerhuasteco.com\/portal\/wp-json\/wp\/v2\/categories?post=98718"},{"taxonomy":"post_tag","embeddable":true,"href":"https:\/\/amanecerhuasteco.com\/portal\/wp-json\/wp\/v2\/tags?post=98718"}],"curies":[{"name":"wp","href":"https:\/\/api.w.org\/{rel}","templated":true}]}}