{"id":98842,"date":"2024-09-02T07:14:09","date_gmt":"2024-09-02T13:14:09","guid":{"rendered":"https:\/\/amanecerhuasteco.com\/portal\/?p=98842"},"modified":"2024-09-02T07:14:11","modified_gmt":"2024-09-02T13:14:11","slug":"cierre-triunfal-de-fenapo-2024-con-alfredo-olivas","status":"publish","type":"post","link":"https:\/\/amanecerhuasteco.com\/portal\/cierre-triunfal-de-fenapo-2024-con-alfredo-olivas\/","title":{"rendered":"Cierre triunfal de FENAPO 2024 con Alfredo Olivas"},"content":{"rendered":"\n<p><\/p>\n\n\n\n<p>\u2022Cae el tel\u00f3n del Foro Teatro del Pueblo<\/p>\n\n\n\n<p>Un cierre espectacular de feria se vivi\u00f3 la noche de este domingo con la presentaci\u00f3n estelar de Alfredo Olivas en el Teatro del Pueblo; el \u00faltimo d\u00eda de la edici\u00f3n 2024 se vio engalanado con el morelense, quien logr\u00f3 un exitoso lleno total en el recinto.<\/p>\n\n\n\n<p>El tambi\u00e9n compositor y acordeonista de m\u00fasica regional mexicana y \u00abnorte\u00f1o con tuba\u00bb, recibi\u00f3 junto a Julion \u00c1lvarez un reconocimiento de manos del Gobernador de San Luis Potos\u00ed, Ricardo Gallardo Cardona, por haber presentado en San Luis Potos\u00ed uno de los mejores conciertos en el 2024 ; para as\u00ed iniciar al ritmo del acorde\u00f3n todo su repertorio.<\/p>\n\n\n\n<p>Olivas interpret\u00f3 Ni con labios prestados para iniciar su show; seguida de Vete, en la que hizo gala de tocar el acorde\u00f3n; al ritmo de banda le sigui\u00f3 Ese es el problema y muchos \u00e9xitos m\u00e1s.<\/p>\n\n\n\n<p>As\u00ed se cierra el tel\u00f3n del escenario m\u00e1s importante del centro de M\u00e9xico, luego de una serie de conciertos de primer\u00edsimo nivel, con agrupaciones y artistas de talla internacional, como Ricky Martin, Marc Anthony, Steve Aoki y la banda Black Eyed Peas, as\u00ed como un lleno in\u00e9dito, con 310 mil almas en una sola noche, en la presentaci\u00f3n de Natanael Cano y una cifra de 8.5 millones de visitantes en 25 d\u00edas de la mejor feria de M\u00e9xico.<\/p>\n","protected":false},"excerpt":{"rendered":"<p>\u2022Cae el tel\u00f3n del Foro Teatro del Pueblo Un cierre espectacular de feria se vivi\u00f3 la noche de este domingo con la presentaci\u00f3n estelar de Alfredo Olivas en el Teatro del Pueblo; el \u00faltimo d\u00eda de la edici\u00f3n 2024 se vio engalanado con el morelense, &hellip; <\/p>\n","protected":false},"author":1,"featured_media":98843,"comment_status":"open","ping_status":"open","sticky":false,"template":"","format":"standard","meta":{"footnotes":""},"categories":[13,25,14,7,22,56,11,55,4,44,26,60,30,31,42,21,53,20,57,43],"tags":[],"class_list":["post-98842","post","type-post","status-publish","format-standard","has-post-thumbnail","hentry","category-agropecuaria","category-aquismon","category-caneros","category-ciudad","category-ebano","category-el-naranjo","category-estado","category-guadalcazar","category-inicio","category-matehuala","category-matlapa","category-rayon","category-rioverde","category-sanluispotosi","category-soledad","category-tamasopo","category-tamazunchale","category-tamuin","category-tanlajas","category-villa-de-reyes"],"_links":{"self":[{"href":"https:\/\/amanecerhuasteco.com\/portal\/wp-json\/wp\/v2\/posts\/98842","targetHints":{"allow":["GET"]}}],"collection":[{"href":"https:\/\/amanecerhuasteco.com\/portal\/wp-json\/wp\/v2\/posts"}],"about":[{"href":"https:\/\/amanecerhuasteco.com\/portal\/wp-json\/wp\/v2\/types\/post"}],"author":[{"embeddable":true,"href":"https:\/\/amanecerhuasteco.com\/portal\/wp-json\/wp\/v2\/users\/1"}],"replies":[{"embeddable":true,"href":"https:\/\/amanecerhuasteco.com\/portal\/wp-json\/wp\/v2\/comments?post=98842"}],"version-history":[{"count":1,"href":"https:\/\/amanecerhuasteco.com\/portal\/wp-json\/wp\/v2\/posts\/98842\/revisions"}],"predecessor-version":[{"id":98844,"href":"https:\/\/amanecerhuasteco.com\/portal\/wp-json\/wp\/v2\/posts\/98842\/revisions\/98844"}],"wp:featuredmedia":[{"embeddable":true,"href":"https:\/\/amanecerhuasteco.com\/portal\/wp-json\/wp\/v2\/media\/98843"}],"wp:attachment":[{"href":"https:\/\/amanecerhuasteco.com\/portal\/wp-json\/wp\/v2\/media?parent=98842"}],"wp:term":[{"taxonomy":"category","embeddable":true,"href":"https:\/\/amanecerhuasteco.com\/portal\/wp-json\/wp\/v2\/categories?post=98842"},{"taxonomy":"post_tag","embeddable":true,"href":"https:\/\/amanecerhuasteco.com\/portal\/wp-json\/wp\/v2\/tags?post=98842"}],"curies":[{"name":"wp","href":"https:\/\/api.w.org\/{rel}","templated":true}]}}