{"id":98865,"date":"2024-09-03T07:49:24","date_gmt":"2024-09-03T13:49:24","guid":{"rendered":"https:\/\/amanecerhuasteco.com\/portal\/?p=98865"},"modified":"2024-09-03T07:49:26","modified_gmt":"2024-09-03T13:49:26","slug":"invitan-en-valles-a-feria-de-pasaportes-americanos","status":"publish","type":"post","link":"https:\/\/amanecerhuasteco.com\/portal\/invitan-en-valles-a-feria-de-pasaportes-americanos\/","title":{"rendered":"Invitan en Valles a Feria de Pasaportes Americanos"},"content":{"rendered":"\n<p><\/p>\n\n\n\n<p>Como parte del trabajo interinstitucional de la Oficina de Enlace de la Secretar\u00eda de Relaciones Exteriores en Ciudad Valles y el Instituto de Migraci\u00f3n y Enlace Internacional del Gobierno del Estado, se invita a la poblaci\u00f3n en general a participar en la doceava Feria de Pasaportes Americanos.<\/p>\n\n\n\n<p>Esperanza Cervantes Roque, Jefa de la Oficina de Enlace, se\u00f1al\u00f3 que gracias a la importante participaci\u00f3n que se ha tenido en estas ferias en ediciones anteriores, se realizar\u00e1 una m\u00e1s, pero en esta ocasi\u00f3n la sede ser\u00e1 la ciudad de Monterrey, en el estado de Nuevo Le\u00f3n, el 17 y 18 de Octubre, por lo que se invita a quienes vivan en la huasteca a participar, aprovechando as\u00ed el beneficio que la doble nacionalidad les permite.<\/p>\n\n\n\n<p>Agrego que los interesados pueden acudir a las Oficina de Enlace antes del 27 de septiembre para mayor informaci\u00f3n o registro para&nbsp;participar.<\/p>\n","protected":false},"excerpt":{"rendered":"<p>Como parte del trabajo interinstitucional de la Oficina de Enlace de la Secretar\u00eda de Relaciones Exteriores en Ciudad Valles y el Instituto de Migraci\u00f3n y Enlace Internacional del Gobierno del Estado, se invita a la poblaci\u00f3n en general a participar en la doceava Feria de &hellip; <\/p>\n","protected":false},"author":1,"featured_media":98866,"comment_status":"open","ping_status":"open","sticky":false,"template":"","format":"standard","meta":{"footnotes":""},"categories":[13,25,7,22,56,11,55,4,44,26,10,12,60,30,31,59,42,21,53,20,57,43,32],"tags":[],"class_list":["post-98865","post","type-post","status-publish","format-standard","has-post-thumbnail","hentry","category-agropecuaria","category-aquismon","category-ciudad","category-ebano","category-el-naranjo","category-estado","category-guadalcazar","category-inicio","category-matehuala","category-matlapa","category-municipios","category-nacional","category-rayon","category-rioverde","category-sanluispotosi","category-santa-catarina","category-soledad","category-tamasopo","category-tamazunchale","category-tamuin","category-tanlajas","category-villa-de-reyes","category-xilitla"],"_links":{"self":[{"href":"https:\/\/amanecerhuasteco.com\/portal\/wp-json\/wp\/v2\/posts\/98865","targetHints":{"allow":["GET"]}}],"collection":[{"href":"https:\/\/amanecerhuasteco.com\/portal\/wp-json\/wp\/v2\/posts"}],"about":[{"href":"https:\/\/amanecerhuasteco.com\/portal\/wp-json\/wp\/v2\/types\/post"}],"author":[{"embeddable":true,"href":"https:\/\/amanecerhuasteco.com\/portal\/wp-json\/wp\/v2\/users\/1"}],"replies":[{"embeddable":true,"href":"https:\/\/amanecerhuasteco.com\/portal\/wp-json\/wp\/v2\/comments?post=98865"}],"version-history":[{"count":1,"href":"https:\/\/amanecerhuasteco.com\/portal\/wp-json\/wp\/v2\/posts\/98865\/revisions"}],"predecessor-version":[{"id":98867,"href":"https:\/\/amanecerhuasteco.com\/portal\/wp-json\/wp\/v2\/posts\/98865\/revisions\/98867"}],"wp:featuredmedia":[{"embeddable":true,"href":"https:\/\/amanecerhuasteco.com\/portal\/wp-json\/wp\/v2\/media\/98866"}],"wp:attachment":[{"href":"https:\/\/amanecerhuasteco.com\/portal\/wp-json\/wp\/v2\/media?parent=98865"}],"wp:term":[{"taxonomy":"category","embeddable":true,"href":"https:\/\/amanecerhuasteco.com\/portal\/wp-json\/wp\/v2\/categories?post=98865"},{"taxonomy":"post_tag","embeddable":true,"href":"https:\/\/amanecerhuasteco.com\/portal\/wp-json\/wp\/v2\/tags?post=98865"}],"curies":[{"name":"wp","href":"https:\/\/api.w.org\/{rel}","templated":true}]}}