{"id":98896,"date":"2024-09-03T15:34:41","date_gmt":"2024-09-03T21:34:41","guid":{"rendered":"https:\/\/amanecerhuasteco.com\/portal\/?p=98896"},"modified":"2024-09-03T15:34:43","modified_gmt":"2024-09-03T21:34:43","slug":"fiscalia-trabajara-con-cefim-para-la-capacitacion-a-nuevas-autoridades-de-los-59-municipios","status":"publish","type":"post","link":"https:\/\/amanecerhuasteco.com\/portal\/fiscalia-trabajara-con-cefim-para-la-capacitacion-a-nuevas-autoridades-de-los-59-municipios\/","title":{"rendered":"Fiscal\u00eda trabajar\u00e1 con CEFIM para la capacitaci\u00f3n a nuevas autoridades de los 59 municipios"},"content":{"rendered":"\n<p><\/p>\n\n\n\n<p>\u2022 Garc\u00eda C\u00e1zares, asesorar\u00e1 a los presidentes municipales para que conozcan el funcionamiento de la Fiscal\u00eda en las diferentes regiones de la entidad.<\/p>\n\n\n\n<p>Mar\u00eda Manuela Garc\u00eda C\u00e1zares, Fiscal General del Estado de San Luis Potos\u00ed, inform\u00f3 que trabajar\u00e1 con la Coordinaci\u00f3n Estatal para el Fortalecimiento Institucional de los Municipios (CEFIM), en las jornadas de inducci\u00f3n y capacitaci\u00f3n dirigidas para las autoridades que se encargar\u00e1n de los 59 Ayuntamientos, en los pr\u00f3ximos tres a\u00f1os.<\/p>\n\n\n\n<p>Garc\u00eda C\u00e1zares resalt\u00f3 la importancia de una estrecha relaci\u00f3n con los presidentes que tomar\u00e1n protesta el pr\u00f3ximo 1 de octubre, pues se buscar\u00e1 informar las competencias y facultades que tiene el ente procurador de justicia en cada demarcaci\u00f3n.<\/p>\n\n\n\n<p>En segundo t\u00e9rmino, la Fiscal busca hacer de conocimiento de los funcionarios los requisitos para denunciar un hecho que pudiera ser constitutivo de delito, as\u00ed como el n\u00famero de delegaciones instaladas en toda la entidad, para que cada municipio conozca la ubicaci\u00f3n y el nombre del agente del Ministerio P\u00fablico que se encuentra delegado en esa zona.<\/p>\n\n\n\n<p>Adem\u00e1s, Manuela Garc\u00eda C\u00e1zares coment\u00f3. que los encargados de los ayuntamientos se podr\u00edan apoyar de las Fiscal\u00edas Especializadas que pertenecen a la instituci\u00f3n: \u201cMe gustar\u00eda hacerles saber los delitos de corrupci\u00f3n y electorales a efecto que conozcan los efectos penales que contempla el C\u00f3digo Penal del Estado\u201d.<\/p>\n\n\n\n<p>Para concluir, la titular de la Fiscal\u00eda recalc\u00f3 que estas jornadas son de suma importancia para la coordinaci\u00f3n con todas las instituciones, para que los presidentes municipales tengan la certeza de la funci\u00f3n de cada una de las dependencias y conozcan c\u00f3mo resolver las situaciones y problem\u00e1ticas que aquejan a la ciudadan\u00eda.<\/p>\n\n\n\n<p>Durante su intervenci\u00f3n, el Secretario General de Gobierno, J. Guadalupe Torres S\u00e1nchez, coment\u00f3 que el asesoramiento del funcionariado busca la mejora en todos los sectores de las cuatro regiones de la entidad; agreg\u00f3 que se trabajar\u00e1 en equipo dejando de lado los colores o partidos, todo a fin de lograr mejores \u00e9pocas para San Luis Potos\u00ed.<\/p>\n","protected":false},"excerpt":{"rendered":"<p>\u2022 Garc\u00eda C\u00e1zares, asesorar\u00e1 a los presidentes municipales para que conozcan el funcionamiento de la Fiscal\u00eda en las diferentes regiones de la entidad. Mar\u00eda Manuela Garc\u00eda C\u00e1zares, Fiscal General del Estado de San Luis Potos\u00ed, inform\u00f3 que trabajar\u00e1 con la Coordinaci\u00f3n Estatal para el Fortalecimiento &hellip; <\/p>\n","protected":false},"author":1,"featured_media":98897,"comment_status":"open","ping_status":"open","sticky":false,"template":"","format":"standard","meta":{"footnotes":""},"categories":[25,7,22,56,11,55,4,44,26,12,60,30,31,59,42,21,53,20,57,43,32],"tags":[],"class_list":["post-98896","post","type-post","status-publish","format-standard","has-post-thumbnail","hentry","category-aquismon","category-ciudad","category-ebano","category-el-naranjo","category-estado","category-guadalcazar","category-inicio","category-matehuala","category-matlapa","category-nacional","category-rayon","category-rioverde","category-sanluispotosi","category-santa-catarina","category-soledad","category-tamasopo","category-tamazunchale","category-tamuin","category-tanlajas","category-villa-de-reyes","category-xilitla"],"_links":{"self":[{"href":"https:\/\/amanecerhuasteco.com\/portal\/wp-json\/wp\/v2\/posts\/98896","targetHints":{"allow":["GET"]}}],"collection":[{"href":"https:\/\/amanecerhuasteco.com\/portal\/wp-json\/wp\/v2\/posts"}],"about":[{"href":"https:\/\/amanecerhuasteco.com\/portal\/wp-json\/wp\/v2\/types\/post"}],"author":[{"embeddable":true,"href":"https:\/\/amanecerhuasteco.com\/portal\/wp-json\/wp\/v2\/users\/1"}],"replies":[{"embeddable":true,"href":"https:\/\/amanecerhuasteco.com\/portal\/wp-json\/wp\/v2\/comments?post=98896"}],"version-history":[{"count":1,"href":"https:\/\/amanecerhuasteco.com\/portal\/wp-json\/wp\/v2\/posts\/98896\/revisions"}],"predecessor-version":[{"id":98898,"href":"https:\/\/amanecerhuasteco.com\/portal\/wp-json\/wp\/v2\/posts\/98896\/revisions\/98898"}],"wp:featuredmedia":[{"embeddable":true,"href":"https:\/\/amanecerhuasteco.com\/portal\/wp-json\/wp\/v2\/media\/98897"}],"wp:attachment":[{"href":"https:\/\/amanecerhuasteco.com\/portal\/wp-json\/wp\/v2\/media?parent=98896"}],"wp:term":[{"taxonomy":"category","embeddable":true,"href":"https:\/\/amanecerhuasteco.com\/portal\/wp-json\/wp\/v2\/categories?post=98896"},{"taxonomy":"post_tag","embeddable":true,"href":"https:\/\/amanecerhuasteco.com\/portal\/wp-json\/wp\/v2\/tags?post=98896"}],"curies":[{"name":"wp","href":"https:\/\/api.w.org\/{rel}","templated":true}]}}