{"id":99232,"date":"2024-09-13T07:20:47","date_gmt":"2024-09-13T13:20:47","guid":{"rendered":"https:\/\/amanecerhuasteco.com\/portal\/?p=99232"},"modified":"2024-09-13T11:18:49","modified_gmt":"2024-09-13T17:18:49","slug":"la-lxiii-legislatura-llevo-a-cabo-el-acto-protocolario-de-entrega-recepcion-a-la-lxiv-legislatura","status":"publish","type":"post","link":"https:\/\/amanecerhuasteco.com\/portal\/la-lxiii-legislatura-llevo-a-cabo-el-acto-protocolario-de-entrega-recepcion-a-la-lxiv-legislatura\/","title":{"rendered":"La LXIII legislatura llev\u00f3 a cabo el acto protocolario de entrega-recepci\u00f3n a la LXIV legislatura"},"content":{"rendered":"\n<p><\/p>\n\n\n\n<p><strong>ESTE PROCESO SE DIO CON TOTAL APERTURA Y TRANSPARENCIA: DIP. RUB\u00c9N GUAJARDO BARRERA<\/strong><\/p>\n\n\n\n<p>La LXIII Legislatura llev\u00f3 a cabo el Acto Protocolario de Entrega-Recepci\u00f3n a la LXIV Legislatura, con la entrega en actas de 2 \u00f3rganos de direcci\u00f3n (Directiva y Junta de Coordinaci\u00f3n Pol\u00edtica); 23 comisiones de dictamen legislativo, 4 comisiones jurisdiccionales, 8 comit\u00e9s, y 11 \u00f3rganos de soporte t\u00e9cnico y control.<\/p>\n\n\n\n<p>Estos documentos se quedar\u00e1n bajo resguardo del \u00d3rgano Interno de Control del Poder Legislativo, encabezado por el Lic. Alberto Emmanuel Hern\u00e1ndez Ruelas, para que, en cuanto sea designada la Junta de Coordinaci\u00f3n Pol\u00edtica de la LXIV Legislatura, sean entregados formalmente.<\/p>\n\n\n\n<p>El diputado Rub\u00e9n Guajardo Barrera, presidente de la Junta de Coordinaci\u00f3n Pol\u00edtica de la LXIII Legislatura se\u00f1al\u00f3 que esta fue la \u00faltima reuni\u00f3n de las comisiones de entrega-recepci\u00f3n, culminando con este proceso que dio inicio desde el 1 de septiembre.<\/p>\n\n\n\n<p>\u201cDesde un inicio ha habido la apertura de este Congreso para que la pr\u00f3xima Legislatura cuente con todas las facilidades, toda la informaci\u00f3n, para que sea una entrega de recepci\u00f3n clara, transparente y que no existe ninguna duda. Inclusive el calendario, como ustedes lo saben, fue p\u00fablico y desde el 1 de septiembre se inici\u00f3 la entrega-recepci\u00f3n de todas las \u00e1reas, de todas las comisiones y hasta el d\u00eda de hoy todo ha sido de una forma ordenada\u201d.<\/p>\n\n\n\n<p>Explic\u00f3 que en este proceso se hace entrega de todas las comisiones, as\u00ed como la parte administrativa, as\u00ed como los bienes muebles e inmuebles del Congreso del Estado.<\/p>\n\n\n\n<p>\u201cLa entrega-recepci\u00f3n se hace ante el \u00d3rgano de Control Interno por un acuerdo que tenemos en la Junta de Coordinaci\u00f3n Pol\u00edtica y ya el \u00d3rgano de Control Interno, m\u00e1s adelante, ya una vez que la nueva Junta de Coordinaci\u00f3n Pol\u00edtica determine a qui\u00e9n se le debe entregar, ya ser\u00e1 el procedimiento de que el \u00f3rgano de control interno le entregue a la Junta de Coordinaci\u00f3n Pol\u00edtica\u201d.<\/p>\n\n\n\n<p>En este Acto Protocolario estuvieron presentes, los diputados Ulices Mendoza Padr\u00f3n, presidente de la Directiva; Rub\u00e9n Guajardo Barrera, presidente de la Junta de Coordinaci\u00f3n Pol\u00edtica; as\u00ed como los diputados electos Luis Felipe Castro del Partido Verde Ecologista de M\u00e9xico; Juan Carlos B\u00e1rcenas, del Partido Nueva Alianza; Marcelino Rivera, del Partido Acci\u00f3n Nacional; y Jacquelinn Jauregui del Partido del Trabajo.<\/p>\n","protected":false},"excerpt":{"rendered":"<p>ESTE PROCESO SE DIO CON TOTAL APERTURA Y TRANSPARENCIA: DIP. RUB\u00c9N GUAJARDO BARRERA La LXIII Legislatura llev\u00f3 a cabo el Acto Protocolario de Entrega-Recepci\u00f3n a la LXIV Legislatura, con la entrega en actas de 2 \u00f3rganos de direcci\u00f3n (Directiva y Junta de Coordinaci\u00f3n Pol\u00edtica); 23 &hellip; <\/p>\n","protected":false},"author":1,"featured_media":99233,"comment_status":"open","ping_status":"open","sticky":false,"template":"","format":"standard","meta":{"footnotes":""},"categories":[13,23,11,15,16,4],"tags":[],"class_list":["post-99232","post","type-post","status-publish","format-standard","has-post-thumbnail","hentry","category-agropecuaria","category-congreso","category-estado","category-ganaderos","category-ingenios","category-inicio"],"_links":{"self":[{"href":"https:\/\/amanecerhuasteco.com\/portal\/wp-json\/wp\/v2\/posts\/99232","targetHints":{"allow":["GET"]}}],"collection":[{"href":"https:\/\/amanecerhuasteco.com\/portal\/wp-json\/wp\/v2\/posts"}],"about":[{"href":"https:\/\/amanecerhuasteco.com\/portal\/wp-json\/wp\/v2\/types\/post"}],"author":[{"embeddable":true,"href":"https:\/\/amanecerhuasteco.com\/portal\/wp-json\/wp\/v2\/users\/1"}],"replies":[{"embeddable":true,"href":"https:\/\/amanecerhuasteco.com\/portal\/wp-json\/wp\/v2\/comments?post=99232"}],"version-history":[{"count":1,"href":"https:\/\/amanecerhuasteco.com\/portal\/wp-json\/wp\/v2\/posts\/99232\/revisions"}],"predecessor-version":[{"id":99234,"href":"https:\/\/amanecerhuasteco.com\/portal\/wp-json\/wp\/v2\/posts\/99232\/revisions\/99234"}],"wp:featuredmedia":[{"embeddable":true,"href":"https:\/\/amanecerhuasteco.com\/portal\/wp-json\/wp\/v2\/media\/99233"}],"wp:attachment":[{"href":"https:\/\/amanecerhuasteco.com\/portal\/wp-json\/wp\/v2\/media?parent=99232"}],"wp:term":[{"taxonomy":"category","embeddable":true,"href":"https:\/\/amanecerhuasteco.com\/portal\/wp-json\/wp\/v2\/categories?post=99232"},{"taxonomy":"post_tag","embeddable":true,"href":"https:\/\/amanecerhuasteco.com\/portal\/wp-json\/wp\/v2\/tags?post=99232"}],"curies":[{"name":"wp","href":"https:\/\/api.w.org\/{rel}","templated":true}]}}