{"id":99270,"date":"2024-09-15T09:37:15","date_gmt":"2024-09-15T15:37:15","guid":{"rendered":"https:\/\/amanecerhuasteco.com\/portal\/?p=99270"},"modified":"2024-09-16T07:52:56","modified_gmt":"2024-09-16T13:52:56","slug":"entre-columnas-626","status":"publish","type":"post","link":"https:\/\/amanecerhuasteco.com\/portal\/entre-columnas-626\/","title":{"rendered":"ENTRE COLUMNAS"},"content":{"rendered":"\n<p><strong>DAPA&nbsp; VALLES&nbsp; SALE DE&nbsp; GUATEMALA Y&nbsp; ENTRA&nbsp; A&nbsp; GUATEPEOR.<\/strong><\/p>\n\n\n\n<p>+.- Sale Paco G\u00f3mez de la Dapas y entra Alfredo Z\u00fa\u00f1iga, ex&nbsp;&nbsp; director&nbsp; de&nbsp; Interapas.<\/p>\n\n\n\n<p>La&nbsp; salida&nbsp; anunciada&nbsp; de Francisco Jos\u00e9 G\u00f3mez Faisal como&nbsp; director&nbsp; de&nbsp; la&nbsp; DAPA&nbsp; era&nbsp; cuesti\u00f3n de&nbsp;&nbsp; d\u00edas&nbsp; y lleg\u00f3&nbsp; a su fin, supuestamente renunci\u00f3&nbsp; hace&nbsp; un mes y medio, en teor\u00eda&nbsp; estaba&nbsp; fuera&nbsp; del organismo operador inclusive&nbsp; ya no compareci\u00f3 ante&nbsp; la Junta de gobierno donde&nbsp; se&nbsp; revelo un comunicado de agradecimiento&nbsp; enviado por el ahora ex&nbsp; funcionario.<\/p>\n\n\n\n<p>&nbsp;El alcalde&nbsp; Vallense&nbsp;&nbsp; durante la crisis&nbsp; del agua&nbsp;&nbsp; que&nbsp; enfrent\u00f3 la poblaci\u00f3n&nbsp; en los primeros meses del a\u00f1o, no fue muy&nbsp; efectivo el trabajo&nbsp; de&nbsp; Paco Gomez para&nbsp; atender&nbsp; el desabasto&nbsp; y posteriormente otra&nbsp; crisis; ahora&nbsp; del agua lodosa&nbsp; contaminada&nbsp; que&nbsp; se&nbsp; enviaba de la PLANTA POTABILIZADORA&nbsp; a la&nbsp; poblaci\u00f3n&nbsp; provocando&nbsp; enfermedades&nbsp; por el incorrecto tratamiento&nbsp; que se&nbsp; daba&nbsp; al agua&nbsp; del r\u00edo Valles&nbsp; durante el ciclo de lluvias&nbsp; copiosas, al grado que intervino la autoridad&nbsp; sanitaria.<\/p>\n\n\n\n<p>El mun\u00edcipe design\u00f3 a Alfredo Z\u00fa\u00f1iga Hervert, seg\u00fan informaci\u00f3n&nbsp; capitalina&nbsp; desempe\u00f1o el puesto de director de Interapas y existen averiguaciones de&nbsp; su trabajo realizado y en a\u00f1os&nbsp; pasados&nbsp; fue director de Desarrollo y Obras en el Ayuntamiento&nbsp; de&nbsp; Ciudad Valles.<\/p>\n\n\n\n<p>Cuando arribo G\u00f3mez Faisal&nbsp;&nbsp; a la DAPAS encontr\u00f3 una deuda&nbsp; dejada&nbsp; por&nbsp; el antecesor&nbsp; de 93 millones de pesos que negocio con los acreedores&nbsp; sacando adelante al organismo operador.<\/p>\n\n\n\n<p><strong>++++++++++++<\/strong><\/p>\n\n\n\n<h1 class=\"wp-block-heading\">PR\u00c9STAMOS\u2026.<\/h1>\n\n\n\n<p><strong>de&nbsp; dinero inmediatos a pensionados<\/strong><\/p>\n\n\n\n<h2 class=\"wp-block-heading\">CFE, ISSSTE.FFCC, SCT, PEMEX,<\/h2>\n\n\n\n<h2 class=\"wp-block-heading\">ACTIVOS Y JUBILADOS&nbsp; IMSS<\/h2>\n\n\n\n<h1 class=\"wp-block-heading\">SIN AFECTAR TARJETON.<\/h1>\n\n\n\n<h2 class=\"wp-block-heading\">Ll\u00e1menos las 24 hrs del d\u00eda<\/h2>\n\n\n\n<h1 class=\"wp-block-heading\">LLAMENOS 4811039565<\/h1>\n\n\n\n<h1 class=\"wp-block-heading\">CREDITO INMEDIATO<\/h1>\n\n\n\n<p><strong>+++++++++++++<\/strong><\/p>\n\n\n\n<p><strong>BLOQUE&nbsp; FAVORABLE A LA 4T HABRA EN LA LXIV LEGISLATURA.<\/strong><\/p>\n\n\n\n<p><strong>En la LXIV Legislatura del Congreso del Estado tendr\u00e1 un poderoso frente integrado por&nbsp; 19&nbsp; diputados locales de los partidos <\/strong><strong>Verde, Morena, PT y PANAL &nbsp;<\/strong><strong>tendr\u00edan mayor\u00eda calificada para aprobar cualquier reforma de las Leyes.<\/strong><strong><\/strong><\/p>\n\n\n\n<p><strong>Los diputados locales reci\u00e9n llegados al Congreso acordaron precio a su toma de posesi\u00f3n de sus curules la conformaci\u00f3n&nbsp; de un bloque de coalici\u00f3n para la LXIV Legislatura, que entr\u00f3 en vigor &nbsp;este s\u00e1bado 14 de septiembre.&nbsp; Aseguraron, sin embargo que, para respetar los ideales de los partidos involucrados, todo lo que aprueben ser\u00e1 con el consenso de todos los integrantes de este bloque de coalici\u00f3n.&nbsp; La&nbsp; anterior legislatura \u201chered\u00f3\u201d&nbsp; temas &nbsp;como la despenalizaci\u00f3n del aborto, la desaparici\u00f3n del Interapas y &nbsp;la castraci\u00f3n para violadores, ser\u00e1n discutidos y evaluados en su oportunidad.<\/strong><strong><\/strong><\/p>\n\n\n\n<p><strong>+++++++++++<\/strong><strong><\/strong><\/p>\n\n\n\n<h1 class=\"wp-block-heading\">QFB&nbsp; FABIOLA GARCIA ALVAREZ<\/h1>\n\n\n\n<h2 class=\"wp-block-heading\">Perito dictaminador en an\u00e1lisis bacteriol\u00f3gico de agua<\/h2>\n\n\n\n<h2 class=\"wp-block-heading\">Y alimentos con n\u00famero GES-PD 0705<\/h2>\n\n\n\n<h2 class=\"wp-block-heading\">Perito dictaminador en&nbsp; estupefacientes GES-PD0523<\/h2>\n\n\n\n<h2 class=\"wp-block-heading\">Maestr\u00eda&nbsp; en an\u00e1lisis cl\u00ednicos 1301 \u2013 368068<\/h2>\n\n\n\n<p><strong>Ced&nbsp; prof&nbsp; 8664204&nbsp;&nbsp; Tel. 38 1 66 64<\/strong><\/p>\n\n\n\n<h2 class=\"wp-block-heading\">Asesor\u00eda,&nbsp; auditor\u00eda&nbsp; y gesti\u00f3n ambiental.<\/h2>\n\n\n\n<h2 class=\"wp-block-heading\">G. Victoria No. 8&nbsp; zona centro Cd Valles<\/h2>\n\n\n\n<p>++++++++++++++++++<\/p>\n\n\n\n<p><strong>EX&nbsp; FUNCIONRIOS&nbsp; DE CARRERAS&nbsp; SIGUEN EN LA MIRA\u2026..<\/strong><\/p>\n\n\n\n<p><strong>Han transcurrido tres&nbsp; a\u00f1os&nbsp; y siguen en la mira de la Fiscal\u00eda del Estado&nbsp; m\u00e1s de una&nbsp; treitena de ex&nbsp; funcionarios del sexenio Carrerista. El&nbsp; Contralor del Estado manifesto que existen&nbsp; decenas de carpetas de investigaci\u00f3n en la Fiscal\u00eda por malversaci\u00f3n de fondos<\/strong><strong><\/strong><\/p>\n\n\n\n<p>Las&nbsp; carpetas&nbsp; de investigaci\u00f3n involucran a ex servidores p\u00fablicos del sexenio del ex gobernador priista Juan Manuel Carreras L\u00f3pez est\u00e1n por presuntas irregularidades en el uso de recursos p\u00fablicos inform\u00f3 por su parte el titular de la Contralor\u00eda General del Estado, Sergio Arturo Agui\u00f1aga Mu\u00f1iz, y &nbsp;confirm\u00f3 que existen las carpetas abiertas en la Fiscal\u00eda General del Estado, adem\u00e1s de expedientes administrativos en curso en el Tribunal Estatal de Justicia Administrativa (TEJA).<\/p>\n\n\n\n<p>Para&nbsp; satisfacci\u00f3n de los curiosos, los ex funcionarios \u201cbajo la lupa\u201d&nbsp; estuvieron en las Secretar\u00edas de Desarrollo Urbano, Vivienda y Obras P\u00fablicas (Seduvop), la Secretar\u00eda de Comunicaciones y Transportes (SCT), y a la Junta Estatal de Caminos (JEC), el fiscal&nbsp; los llamara&nbsp; en su momento seg\u00fan el curso de las &nbsp;investigaciones por posibles actos de corrupci\u00f3n y malversaci\u00f3n de fondos p\u00fablicos, de&nbsp; tener&nbsp; culpa&nbsp; ser\u00e1n&nbsp; procesados penalmente.<\/p>\n\n\n\n<p><strong>++++++++++++<\/strong><\/p>\n\n\n\n<p><strong>&nbsp;\u201cFINCA&nbsp; SAN ISIDRO\u201d <\/strong><strong><\/strong><\/p>\n\n\n\n<h2 class=\"wp-block-heading\">Sal\u00f3n para fiestas de todo tipo.<\/h2>\n\n\n\n<h2 class=\"wp-block-heading\">Carretera Valles \u2013 R\u00edo Verde Km. 8<\/h2>\n\n\n\n<h2 class=\"wp-block-heading\">Contrataciones al Tel. 01 481<\/h2>\n\n\n\n<p><strong>++++++++++++<\/strong><\/p>\n\n\n\n<p><strong>ADEUDAN&nbsp; A OBREROS&nbsp; DE ALIANZA &nbsp;POPULAR<\/strong><\/p>\n\n\n\n<p><strong>Grupo Santos&nbsp; propietaria&nbsp; de&nbsp; los ingenios azucareros&nbsp; Plan de Ayala&nbsp;&nbsp; en Ciudad Valles&nbsp; y Alianza Popular en Tamasopo, corren el riesgo&nbsp; de&nbsp; problemas&nbsp; laborales&nbsp; para la&nbsp; pr\u00f3xima zafra,&nbsp; debido al reclamo de los obreros sindicalizados&nbsp; a los que adeudan m\u00e1s de 56 millones de pesos por concepto de \u201cParticipaci\u00f3n de los Trabajadores en las Utilidades de la empresa\u201d correspondientes a los ejercicios fiscales 2002 y 2007.<\/strong><\/p>\n\n\n\n<p><strong>&nbsp;La&nbsp; &nbsp;&nbsp;empresa&nbsp; reci\u00e9n cubri\u00f3&nbsp; liquidaciones&nbsp; pendientes&nbsp; a los productores&nbsp; de ca\u00f1a por concepto de la&nbsp; anterior molienda por&nbsp; concepto de&nbsp; entrega de&nbsp; materia prima, cuando ya&nbsp;&nbsp; en dos meses&nbsp; m\u00e1s&nbsp; podr\u00eda&nbsp; estar dando inicio a la siguiente&nbsp; zafra.<\/strong><\/p>\n\n\n\n<p><strong>++++++++++++<\/strong><\/p>\n\n\n\n<p>PUESTOS&nbsp; PARA SIGUIENTE TRIENIO DE VALLES A FAMILIARES, RECOMENDADOS Y&nbsp; AMIGUIS.<\/p>\n\n\n\n<p>La nueva administraci\u00f3n&nbsp; municipal de Valles no ser\u00e1&nbsp; con \u201cgente nueva\u201d&nbsp; los&nbsp; cargos&nbsp;&nbsp; principales ya empiezan a&nbsp; repartirse&nbsp; solo falta llegue fecha y confirmaci\u00f3n empiezan a barajarse nombres para puestos p\u00fablicos de 2024 a 2027<\/p>\n\n\n\n<p>. Comienzan a barajarse algunos nombres para la nueva administraci\u00f3n municipal: premian a familiares con buenos puestos y dejan a un lado a Claudia Isabel Huerta de la Secretar\u00eda del Ayuntamiento.<\/p>\n\n\n\n<p>Con informaci\u00f3n del mismo alcalde, David Medina, la Secretar\u00eda del Ayuntamiento la ocupar\u00e1 Luis \u00c1ngel Contreras Malibr\u00e1n, ex jefe de asesores en el Congreso del Estado y director de Dapas durante cinco meses en el trienio de Socorro Herrera (2009-2012).<\/p>\n\n\n\n<p>En la direcci\u00f3n de Comunicaci\u00f3n Social estar\u00eda David Alarc\u00f3n, qui\u00e9n no tiene &nbsp;antecedentes&nbsp; &nbsp;en medios de comunicaci\u00f3n ni en administraci\u00f3n de la en materia de comunicaci\u00f3n social en gobiernos y de acuerdo con versiones de&nbsp; periodistas de esta&nbsp; ciudad &nbsp;ha sido web m\u00e1ster de p\u00e1ginas de prensa recientemente, este cargo actualmente es&nbsp; director &nbsp;Jos\u00e9 \u00c1ngel Pi\u00f1a.<\/p>\n\n\n\n<p>En la Oficial\u00eda Mayor estar\u00eda el actual &nbsp;regidor del Verde Ecologista Santiago Nales Orta, quien sustituir\u00eda a Fernando Lamas. Y aun hay mas.<\/p>\n\n\n\n<p>\u00b4++++++++++++++++<\/p>\n\n\n\n<p>&nbsp;\u201cENERGIAS&nbsp; LIMPIAS\u201d&nbsp; ALTAMENTE CONTAMINANTES.<\/p>\n\n\n\n<p><strong>+.- Energ\u00edas limpias aumentan demanda de extracci\u00f3n minera de metales, se\u00f1ala director del Instituto de Metalurgia de la UASLP<\/strong><\/p>\n\n\n\n<p><strong>+.- Requiere&nbsp; adem\u00e1s de&nbsp; mucha&nbsp; agua&nbsp; que&nbsp; escasea&nbsp; para el consumo humano.<\/strong><\/p>\n\n\n\n<figure class=\"wp-block-table\"><table><tbody><tr><td>&nbsp;+.- v<\/td><\/tr><\/tbody><\/table><\/figure>\n\n\n\n<p>+.- Veh\u00edculos el\u00e9ctricos, requieren m\u00e1s metales que los autos convencionales<\/p>\n\n\n\n<p>La miner\u00eda enfrenta nuevas complicaciones debido a la creciente demanda de metales para generar energ\u00edas limpias, consider\u00f3 el doctor Roel Cruz Gaona, director del&nbsp;<a href=\"https:\/\/www.imetalurgia.uaslp.mx\/\" target=\"_blank\" rel=\"noreferrer noopener\">Instituto de Metalurgia&nbsp;<\/a>de la Universidad Aut\u00f3noma de San Luis Potos\u00ed (UASLP), pues no solo se trata de la cantidad de metales necesarios, sino tambi\u00e9n de los tipos de yacimientos que se explotan.<\/p>\n\n\n\n<p>\u201cCon las nuevas tecnolog\u00edas de generaci\u00f3n de energ\u00eda, se necesita m\u00e1s litio y cobalto para bater\u00edas, as\u00ed como tierras raras para energ\u00eda e\u00f3lica y semiconductores para energ\u00eda solar\u201d, explic\u00f3.<\/p>\n\n\n\n<p>Esta demanda aumenta con la transici\u00f3n a energ\u00edas renovables y veh\u00edculos el\u00e9ctricos, que requieren m\u00e1s metales que los autos convencionales. Por ejemplo, los que no son de combusti\u00f3n usan alrededor de siete metales esenciales, mientras que los convencionales utilizan solo dos.&nbsp;<\/p>\n\n\n\n<p>Consider\u00f3 que es crucial adoptar la econom\u00eda circular, reciclando y reutilizando materiales en lugar de extraer continuamente nuevos recursos. Algunos, como el cobre y el plomo, ya se reciclan ampliamente, pero otros residuos a\u00fan no se aprovechan adecuadamente.<\/p>\n\n\n\n<p>Se\u00f1al\u00f3 que actualmente, el Instituto de Metalurgia de la UASLP participa en proyectos innovadores para abordar estos desaf\u00edos. En colaboraci\u00f3n con la Facultad de Ingenier\u00eda y dirigido por el doctor Israel Razo, se trabaja en el Inventario Estatal de Residuos Mineros Abandonados. En su primera etapa, este proyecto identific\u00f3 alrededor de 110 sitios con residuos mineros en la regi\u00f3n centro, evaluando su potencial de reprocesamiento y mitigaci\u00f3n de impactos ambientales y en la salud.<\/p>\n\n\n\n<p>+++++++++++++++++++++<\/p>\n\n\n\n<p>AUN NO LA LIBRA PACO GOMEZ&nbsp; Y&nbsp; EQUIPO.<\/p>\n\n\n\n<p>+.-\u201cFalta llamar a presuntos&nbsp; culpables: como es el caso del \u201cLic Manilla, Ra\u00fal Altamirano, y los 22 aviadores\u201d. Afirma Martin P\u00e9rez Hidalgo.<\/p>\n\n\n\n<p><strong>El empresario farmac\u00e9utico es un \u201cHUESO DURO DE ROER\u201d sigue ante las autoridades&nbsp; federales&nbsp; y&nbsp; Sanitarias&nbsp; su&nbsp; acusaci\u00f3n contra la DAPAS, ya salieron dos&nbsp; pero a\u00fan siguen en el organismo funcionarios de primera l\u00ednea&nbsp; que tienen responsabilidad en el agua sucia en tomas domiciliarias<\/strong><\/p>\n\n\n\n<p>P\u00e9rez Hidalgo, consider\u00f3 que el da\u00f1o causado a &nbsp;miles de usuarios de la Direcci\u00f3n de Agua Potable Alcantarillado y Saneamiento DAPAS, por abastecer agua contaminada por falta de cloraci\u00f3n que causo enfermedades a &nbsp;familias vallenses debe de llamar a cuentas a todos los responsables.&nbsp; Francisco G\u00f3mez Faisal, cometi\u00f3 un delito penal al mandar agua sucia a la poblaci\u00f3n provocando enfermedades a miles de personas, que motivo una denuncia &nbsp;el pasado 30 de Agosto, ante la juez Quinto de Distrito que determin\u00f3 , entregara todos los reportes y an\u00e1lisis de Agua de COEPRIS, de los meses de Julio y Agosto del a\u00f1o 2024; para comprobar que el agua que fue entregada a la poblaci\u00f3n de Ciudad Valles es y fue apta consumo humano.<\/p>\n\n\n\n<p>Lo anterior bajo pena de multa; desacato y en su caso turnar a la FGR, para inicio de investigaci\u00f3n penal en su contra.<\/p>\n\n\n\n<p>P\u00e9rez Hidalgo, dijo que independientemente de las demandas que le finquen responsabilidades y le realicen una auditor\u00eda fiscal, deben de llevarlo a un \u201cJuicio Pol\u00edtico\u201d por mandar agua sucia a los hogares de Ciudad Valles.<\/p>\n\n\n\n<p><strong>+++++ ++++++++<\/strong><\/p>\n\n\n\n<h1 class=\"wp-block-heading\">\u201cCAF\u00c9 Y RESTAURANT&nbsp;<\/h1>\n\n\n\n<h1 class=\"wp-block-heading\">EL FAROLITO<\/h1>\n\n\n\n<p><strong>Lo mejor de la cocina Huasteca; el tradicional zacahuil y cazueladas .Atendemos toda clase de&nbsp; festejos. Pedidos al Tel&nbsp; 3821017 Ciudad Valles SLP<\/strong><\/p>\n\n\n\n<p><strong>+++++++++++++<\/strong><\/p>\n\n\n\n<p><strong>D e&nbsp;&nbsp; v o l a d a.-<\/strong><\/p>\n\n\n\n<p><strong>Secretos orientales para tener una vida m\u00e1s larga<\/strong><\/p>\n\n\n\n<p><strong>*. Este enfoque fomenta el crecimiento y el desarrollo continuo, contribuyendo a una vida m\u00e1s equilibrada y exitosa.<\/strong><\/p>\n\n\n\n<p><strong>Okinawa se ha convertido en un referente global de longevidad y salud, gracias a seis pilares fundamentales que promueven una vida larga y saludable.<\/strong><\/p>\n\n\n\n<p><strong>Ikigai es un concepto japon\u00e9s que se refiere a la raz\u00f3n de ser, la pasi\u00f3n que motiva a levantarse con entusiasmo cada ma\u00f1ana. Este principio no busca un objetivo final, sino el camino del crecimiento personal. Para descubrir tu ikigai, reflexiona sobre lo que te apasiona, lo que te hace sentir vivo, tus habilidades y talentos, y las actividades que te producen satisfacci\u00f3n. Cultivar y desarrollar tu ikigai es esencial para una vida plena y longeva.<\/strong><\/p>\n\n\n\n<p><strong>Hara Hachi Bu es una antigua pr\u00e1ctica japonesa que recomienda comer hasta sentirse lleno solo al 80%. Esta regla promueve una alimentaci\u00f3n consciente y saludable, previniendo el sobrepeso y las enfermedades relacionadas con la mala alimentaci\u00f3n. Se trata de comer con atenci\u00f3n, disfrutando de cada bocado y masticando bien los alimentos, facilitando una correcta digesti\u00f3n y evitando la ingesta excesiva de calor\u00edas.<\/strong><\/p>\n\n\n\n<p><strong>El moai es m\u00e1s que un simple grupo de amigos; es un c\u00edrculo \u00edntimo de apoyo incondicional que se extiende a lo largo de toda la vida. Los miembros del moai comparten alegr\u00edas, tristezas y experiencias, y se ayudan mutuamente en situaciones dif\u00edciles. Esta red de amistad proporciona un sentido de pertenencia y seguridad fundamental para el bienestar emocional, creando una \u00abfamilia elegida\u00bb que fortalece la salud mental y emocional.<\/strong><\/p>\n\n\n\n<p><strong>Omotenashi es la hospitalidad japonesa que consiste en crear una atm\u00f3sfera en la que los visitantes se sientan c\u00f3modos y seguros, sin esperar nada a cambio. Originado en las normas del t\u00e9 del siglo XVI, omotenashi implica actuar desde el coraz\u00f3n, ofreciendo una atenci\u00f3n genuina y desinteresada a los invitados. Esta hospitalidad profunda y sincera fomenta relaciones humanas c\u00e1lidas y respetuosas.<\/strong><\/p>\n\n\n\n<p><strong>Kaizen, compuesto por \u00abkai\u00bb (cambio) y \u00abzen\u00bb (para mejor), significa \u00abcambio para mejor\u00bb y representa una filosof\u00eda de mejora continua aplicable a todos los \u00e1mbitos de la vida. En el contexto personal y empresarial, Kaizen promueve el aumento de la eficiencia, la productividad y la calidad del trabajo mediante mejoras constantes y proactivas. Este enfoque fomenta el crecimiento y el desarrollo continuo, contribuyendo a una vida m\u00e1s equilibrada y exitosa.<\/strong><\/p>\n\n\n\n<p><strong>Shinrin-Yoku invita a sumergirse en la naturaleza durante varias horas, dejando atr\u00e1s las preocupaciones y absorbiendo la esencia del bosque con los cinco sentidos. Esta pr\u00e1ctica, ahora considerada una forma de medicina preventiva en Jap\u00f3n, genera un efecto regenerador al reconectar nuestro organismo con la naturaleza. Caminar despacio, descalzo si se desea, sentir la textura de los \u00e1rboles, escuchar el canto de los p\u00e1jaros y aspirar el aroma fresco del bosque son experiencias que fortalecen la conexi\u00f3n con el entorno natural y promueven la salud y el bienestar.<\/strong><\/p>\n\n\n\n<p><strong>HASTA\u00a0 LA PROXIMA\u2026\u2026.<\/strong><\/p>\n","protected":false},"excerpt":{"rendered":"<p>DAPA&nbsp; VALLES&nbsp; SALE DE&nbsp; GUATEMALA Y&nbsp; ENTRA&nbsp; A&nbsp; GUATEPEOR. +.- Sale Paco G\u00f3mez de la Dapas y entra Alfredo Z\u00fa\u00f1iga, ex&nbsp;&nbsp; director&nbsp; de&nbsp; Interapas. La&nbsp; salida&nbsp; anunciada&nbsp; de Francisco Jos\u00e9 G\u00f3mez Faisal como&nbsp; director&nbsp; de&nbsp; la&nbsp; DAPA&nbsp; era&nbsp; cuesti\u00f3n de&nbsp;&nbsp; d\u00edas&nbsp; y lleg\u00f3&nbsp; a su &hellip; <\/p>\n","protected":false},"author":1,"featured_media":99262,"comment_status":"open","ping_status":"open","sticky":false,"template":"","format":"standard","meta":{"footnotes":""},"categories":[17,4],"tags":[],"class_list":["post-99270","post","type-post","status-publish","format-standard","has-post-thumbnail","hentry","category-colaboraciones","category-inicio"],"_links":{"self":[{"href":"https:\/\/amanecerhuasteco.com\/portal\/wp-json\/wp\/v2\/posts\/99270","targetHints":{"allow":["GET"]}}],"collection":[{"href":"https:\/\/amanecerhuasteco.com\/portal\/wp-json\/wp\/v2\/posts"}],"about":[{"href":"https:\/\/amanecerhuasteco.com\/portal\/wp-json\/wp\/v2\/types\/post"}],"author":[{"embeddable":true,"href":"https:\/\/amanecerhuasteco.com\/portal\/wp-json\/wp\/v2\/users\/1"}],"replies":[{"embeddable":true,"href":"https:\/\/amanecerhuasteco.com\/portal\/wp-json\/wp\/v2\/comments?post=99270"}],"version-history":[{"count":1,"href":"https:\/\/amanecerhuasteco.com\/portal\/wp-json\/wp\/v2\/posts\/99270\/revisions"}],"predecessor-version":[{"id":99272,"href":"https:\/\/amanecerhuasteco.com\/portal\/wp-json\/wp\/v2\/posts\/99270\/revisions\/99272"}],"wp:featuredmedia":[{"embeddable":true,"href":"https:\/\/amanecerhuasteco.com\/portal\/wp-json\/wp\/v2\/media\/99262"}],"wp:attachment":[{"href":"https:\/\/amanecerhuasteco.com\/portal\/wp-json\/wp\/v2\/media?parent=99270"}],"wp:term":[{"taxonomy":"category","embeddable":true,"href":"https:\/\/amanecerhuasteco.com\/portal\/wp-json\/wp\/v2\/categories?post=99270"},{"taxonomy":"post_tag","embeddable":true,"href":"https:\/\/amanecerhuasteco.com\/portal\/wp-json\/wp\/v2\/tags?post=99270"}],"curies":[{"name":"wp","href":"https:\/\/api.w.org\/{rel}","templated":true}]}}