{"id":99467,"date":"2024-09-22T09:13:03","date_gmt":"2024-09-22T15:13:03","guid":{"rendered":"https:\/\/amanecerhuasteco.com\/portal\/?p=99467"},"modified":"2024-09-22T09:13:05","modified_gmt":"2024-09-22T15:13:05","slug":"entre-columnas-627","status":"publish","type":"post","link":"https:\/\/amanecerhuasteco.com\/portal\/entre-columnas-627\/","title":{"rendered":"ENTRE COLUMNAS"},"content":{"rendered":"\n<p>NUESTRA CIUDAD TIENE TRES&nbsp; MIL CALLES O TRES MIL&nbsp; CUADRAS\u2026HAGA SU APUESTA.<\/p>\n\n\n\n<p>Avecinado&nbsp; en Ciudad Valles, S.L.P desde&nbsp; el&nbsp; a\u00f1o&nbsp; 1956&nbsp; recordamos&nbsp; que las&nbsp; calles&nbsp; pavimentadas&nbsp; no pasaban de una decena, hab\u00eda un letrero a orillas de la carretera&nbsp; 85&nbsp; M\u00e9xico Laredo del lado norte&nbsp;&nbsp; del Campo Colonial dec\u00eda &nbsp;\u201climite de la ciudad\u201d&nbsp; al&nbsp; sur&nbsp;&nbsp; exactamente donde esta el puente La&nbsp; Lagartija, al oriente eran terrenos dedicados a&nbsp;&nbsp;&nbsp; actividades del campo&nbsp; con su carretera&nbsp; Valles-Tampico y&nbsp; al poniente&nbsp; la&nbsp; colonia&nbsp; Ju\u00e1rez&nbsp; comunicada&nbsp; a trav\u00e9s de un chal\u00e1n para veh\u00edculos y los \u201cbotes\u201d&nbsp; para&nbsp;&nbsp; vecinos de esa&nbsp; colonia&nbsp; siempre&nbsp; olvidada. Fue el inicio de&nbsp; la gloriosa&nbsp; METROPOLI HUASTECA.<\/p>\n\n\n\n<p>Hab\u00eda calles bien pavimentadas, quiz\u00e1s porque tambi\u00e9n hab\u00edan m\u00e1s caballos y burros que circulaban por la zona centro veh\u00edculos&nbsp; automotores&nbsp; eran pocos, hab\u00eda un&nbsp; cami\u00f3n \u201cviejo\u201d solo con plataforma de carga&nbsp; que&nbsp; hacia el servicio de transporte de petr\u00f3leo y otros productos&nbsp; desde&nbsp; la estaci\u00f3n del ferrocarril al centro,&nbsp; donde&nbsp; repart\u00eda&nbsp; el combustible&nbsp; en&nbsp; tienditas&nbsp; expendedoras&nbsp; para proveer sobre todo a hogares&nbsp; del medio rural para&nbsp; encender \u201caparatos\u201d&nbsp; para alumbrarse. Otro&nbsp; tipo de veh\u00edculos &nbsp;eran los taxis,&nbsp; una&nbsp; treintena y&nbsp; no m\u00e1s&nbsp; de&nbsp; un centenar de&nbsp; veh\u00edculos&nbsp; particulares, por eso creemos&nbsp; que las calles&nbsp; pavimentadas fueron m\u00e1s&nbsp;&nbsp; duraderas,&nbsp; m\u00e1s&nbsp; resistentes, mano de obra y&nbsp; calidad de&nbsp; materiales, obviamente&nbsp; poco&nbsp; uso&nbsp; y HONESTIDAD&nbsp; EN EL MANEJO DE LOS RECURSOS$$$$.<\/p>\n\n\n\n<p>Caray!&nbsp;&nbsp; Me&nbsp; Sali del tema&nbsp; en la pr\u00f3xima&nbsp; recordaremos&nbsp; que calles&nbsp; estaban pavimentadas y otra&nbsp;&nbsp; que&nbsp; se&nbsp; ubica en pleno centro&nbsp; que NUNCA&nbsp; ha&nbsp; tenido mantenimiento porque no lo ha necesitado, fue&nbsp; la primera calle&nbsp; pavimentada con concreto hidr\u00e1ulico durante el gobierno d Margarita Bacconier-&nbsp; Pues s\u00ed.&nbsp; Seg\u00fan el director de obras publicas&nbsp; (solo de nombre porque&nbsp; no hace ninguna obra, es una direcci\u00f3n de coordinaci\u00f3n) Ciudad Valles tiene un aproximado de 3 mil calles, se han atendido casi el 30%. Se utiliza material de calidad como carpeta asf\u00e1ltica con \u201criego de liga\u201d, la duraci\u00f3n depende de una buena aplicaci\u00f3n.<\/p>\n\n\n\n<p>El 30 %&nbsp; de&nbsp; tres&nbsp; mil calles&nbsp; ser\u00edan 1000,&nbsp;&nbsp;&nbsp; cuales son y cuanto gastara&nbsp; el&nbsp; municipio&nbsp; o Codesol&nbsp; porque&nbsp;&nbsp; la&nbsp; mencionada direcci\u00f3n no tiene presupuesto&nbsp; para ese&nbsp; rubro.&nbsp; Esto nos&nbsp; recuerda&nbsp; una frase&nbsp; de Eligio Quintanilla Gonz\u00e1lez&nbsp; siendo alcalde de&nbsp; Valles.&nbsp;<\/p>\n\n\n\n<p>++++++++++++<\/p>\n\n\n\n<p>EX ALCALDE&nbsp; SAN MARTINERO FUERA DEL CONGRESO DEL ESTADO.<\/p>\n\n\n\n<p>-Inhabilitado Marcelino Rivera y sancionado econ\u00f3micamente.<\/p>\n\n\n\n<p>&#8211; Se col\u00f3 por la fuerza y hasta \u201crindi\u00f3 protesta\u201d<\/p>\n\n\n\n<p>Cr\u00f3nicas period\u00edsticas&nbsp; de la capital del estado&nbsp; sobre la ceremonia&nbsp; de toma de protesta de la nueva camada de diputados locales, narran que hubo un diputado de ms&nbsp; que&nbsp; \u201crindi\u00f3 protesta\u201d&nbsp; o sea&nbsp; de&nbsp; 27&nbsp; hubo 28 al que por falta de su curul le habilitaron una silla donde permaneci\u00f3 al no poder&nbsp; desalojar del&nbsp;&nbsp; recinto al&nbsp; intruso.\u00b4<\/p>\n\n\n\n<p>Al inicio de semana&nbsp; recibimos la noticia;&nbsp; un candidato&nbsp; panista&nbsp; ex alcalde de San Martin Chal result\u00f3 \u201celecto\u201d por&nbsp; mayor\u00eda,&nbsp; se trata de Marcelino Rivera Hern\u00e1ndez est\u00e1&nbsp; inhabilitado por &nbsp;20 a\u00f1os para ocupar cualquier tipo de cargos p\u00fablicos como resultado de las irregularidades que incurri\u00f3 cuando se desempe\u00f1aba como presidente municipal de San Mart\u00edn Chalchicuautla, del 2012 y 2015, &nbsp;por desv\u00edos de recursos por m\u00e1s de 13 millones de pesos, adem\u00e1s, enfrenta una multa cercana a los 800 mil pesos; revel\u00f3 el el Instituto de Fiscalizaci\u00f3n Superior del Estado (IFSE).<\/p>\n\n\n\n<p>Sobre el caso, el ex alcalde estaba enterado que un juez federal le neg\u00f3 la suspensi\u00f3n de la inhabilitaci\u00f3n ni revocada, nulificada, ni suspendida por alguna autoridad competente; por lo tanto, estaba impedido para rendir protesta\u201d declar\u00f3 por&nbsp; su parte &nbsp;el titular de la instituci\u00f3n fiscalizadora, Rodrigo Joaqu\u00edn &nbsp;L\u00f3pez.<\/p>\n\n\n\n<p>Para&nbsp; el diputado local, Rub\u00e9n Guajardo Barrera, , manifest\u00f3 que es falsa la inhabilitaci\u00f3n impuesta por el IFSE &nbsp;que el trasfondo del conflicto es una situaci\u00f3n pol\u00edtica, por lo que se recurrir\u00e1 a las instancias competentes en demanda de &nbsp;las garant\u00edas de los involucrados..<\/p>\n\n\n\n<p>++++++++++++<\/p>\n\n\n\n<h1 class=\"wp-block-heading\">PR\u00c9STAMOS\u2026.<\/h1>\n\n\n\n<p>de&nbsp; dinero inmediatos a pensionados<\/p>\n\n\n\n<h2 class=\"wp-block-heading\">CFE, ISSSTE.FFCC, SCT, PEMEX,<\/h2>\n\n\n\n<h2 class=\"wp-block-heading\">ACTIVOS Y JUBILADOS&nbsp; IMSS<\/h2>\n\n\n\n<h1 class=\"wp-block-heading\">SIN AFECTAR TARJETON.<\/h1>\n\n\n\n<h2 class=\"wp-block-heading\">Ll\u00e1menos las 24 hrs del d\u00eda<\/h2>\n\n\n\n<h1 class=\"wp-block-heading\">LLAMENOS 4811039565<\/h1>\n\n\n\n<h1 class=\"wp-block-heading\">CREDITO INMEDIATO<\/h1>\n\n\n\n<p>+++++++++<\/p>\n\n\n\n<p>COMISIONES EN&nbsp; EL CONGRESO LOCAL.<\/p>\n\n\n\n<p>Las comisiones legislativas los integrantes de la coalici\u00f3n af\u00edn al Gobierno Federal &nbsp;conforman &nbsp;las comisiones m\u00e1s importantes, en tanto la oposici\u00f3n s\u00f3lo ocho de las 27 que conforma la Legislatura.<\/p>\n\n\n\n<p>Comisiones de Gobernaci\u00f3n, Transparencia y Fiscalizaci\u00f3n quedaron a cargo del Partido Verde Ecologista de M\u00e9xico (PVEM). Agua, Puntos Constitucionales, Segunda de Justicia y Seguridad p\u00fablica quedaron a cargo de Movimiento Regeneraci\u00f3n Nacional (Morena); mientras que la Primera de Justicia y Comunicaciones y transportes quedaron en el Partido del Trabajo (PT).<\/p>\n\n\n\n<p>Estas comisiones son consideradas &nbsp;las m\u00e1s importantes, puesto que los dict\u00e1menes que se analizan en \u00e9stas \u00e1reas tienen un impacto directo en jas&nbsp;&nbsp; decisiones del pr\u00f3ximo sexenio federal.<\/p>\n\n\n\n<p>Movimiento Regeneraci\u00f3n Nacional (Morena)<\/p>\n\n\n\n<ul class=\"wp-block-list\">\n<li>Agua:&nbsp;Nancy Jeanine Garc\u00eda Mart\u00ednez<\/li>\n\n\n\n<li>Desarrollo Econ\u00f3mico y Social: Luis Emilio Rosas Montiel<\/li>\n\n\n\n<li>Primera de Hacienda y Desarrollo Municipal: Jos\u00e9 Roberto Garc\u00eda Castillo<\/li>\n\n\n\n<li>Puntos Constitucionales: Carlos Artemio Arreola Mallol<\/li>\n\n\n\n<li>Segunda de Justicia: Jessica Gabriela L\u00f3pez Torres<\/li>\n\n\n\n<li>Seguridad P\u00fablica, Prevenci\u00f3n y Reinserci\u00f3n Social: Cuauhtli Fernando Badillo Moreno<\/li>\n<\/ul>\n\n\n\n<p>Partido Verde Ecologista de M\u00e9xico (PVEM)<\/p>\n\n\n\n<ul class=\"wp-block-list\">\n<li>Asuntos de Pueblos y Comunidades Ind\u00edgenas y Afromexicanas: Brisseire S\u00e1nchez L\u00f3pez<\/li>\n\n\n\n<li>Desarrollo Territorial Sustentable: C\u00e9sar Arturo Lara Rocha<\/li>\n\n\n\n<li>Ecolog\u00eda y Medio Ambiente: Martha Patricia Aradillas Aradillas<\/li>\n\n\n\n<li>Gobernaci\u00f3n: H\u00e9ctor Serrano Cort\u00e9s<\/li>\n\n\n\n<li>Hacienda del Estado: Mar\u00eda Dolores Robles Chairez<\/li>\n\n\n\n<li>Igualdad de G\u00e9nero: Roxana Hern\u00e1ndez Ram\u00edrez<\/li>\n\n\n\n<li>Transparencia y Acceso a la Informaci\u00f3n P\u00fablica: Luis Felipe Castro Barr\u00f3n<\/li>\n\n\n\n<li>Vigilancia de la Funci\u00f3n de Fiscalizaci\u00f3n: Luis Fernando G\u00e1mez Mac\u00edas<\/li>\n\n\n\n<li>Segunda de Hacienda y Desarrollo Municipal: Dulcelina S\u00e1nchez De Lira<\/li>\n<\/ul>\n\n\n\n<p>Partido del Trabajo (PT)<\/p>\n\n\n\n<ul class=\"wp-block-list\">\n<li>Asuntos Migratorios: Diana Ruelas Gait\u00e1n<\/li>\n\n\n\n<li>Desarrollo Rural y Forestal: Tom\u00e1s Zavala Gonz\u00e1lez<\/li>\n\n\n\n<li>Movilidad, Comunicaciones y Transportes: Jaquelinn J\u00e1uregui Mendoza<\/li>\n\n\n\n<li>Primera de Justicia:&nbsp;Mar\u00eda Leticia V\u00e1zquez Hern\u00e1ndez<\/li>\n<\/ul>\n\n\n\n<p>++++++++++++<\/p>\n\n\n\n<p>QFB&nbsp; FABIOLA GARCIA ALVAREZ<\/p>\n\n\n\n<h2 class=\"wp-block-heading\">Perito dictaminador en an\u00e1lisis bacteriol\u00f3gico de agua<\/h2>\n\n\n\n<h2 class=\"wp-block-heading\">Y alimentos con n\u00famero GES-PD 0705<\/h2>\n\n\n\n<h2 class=\"wp-block-heading\">Perito dictaminador en&nbsp; estupefacientes GES-PD0523<\/h2>\n\n\n\n<h2 class=\"wp-block-heading\">Maestr\u00eda&nbsp; en an\u00e1lisis cl\u00ednicos 1301 \u2013 368068<\/h2>\n\n\n\n<p>Ced&nbsp; prof&nbsp; 8664204&nbsp;&nbsp; Tel. 38 1 66 64<\/p>\n\n\n\n<h2 class=\"wp-block-heading\">Asesor\u00eda,&nbsp; auditor\u00eda&nbsp; y gesti\u00f3n ambiental.<\/h2>\n\n\n\n<h2 class=\"wp-block-heading\">G. Victoria No. 8&nbsp; zona centro Cd Valles<\/h2>\n\n\n\n<p>++++++++++++<\/p>\n\n\n\n<p>AUDITORIAS. DE RECURSOS FEDERALES EN EL&nbsp; ESTADO.<\/p>\n\n\n\n<p>+.-&nbsp; El&nbsp; ayuntamiento de Valles&nbsp; aparece en la lista.<\/p>\n\n\n\n<p>&nbsp;La Auditor\u00eda Superior de la Federaci\u00f3n, practica en municipios y dependencias, Auditor\u00edas Colmena, para fiscalizar recursos y participaciones federales garantizando la transparencia, uso honesto&nbsp; de los recursos p\u00fablicos y rendici\u00f3n de cuentas labor&nbsp; se&nbsp; realizar\u00e1 en las cuatro regiones, asi&nbsp; declar\u00f3 el auditor superior de la Federaci\u00f3n, David Rogelio Colmenares P\u00e1ramo, al inicio a la fiscalizaci\u00f3n de los municipios a trav\u00e9s de Auditor\u00edas Colmena.<\/p>\n\n\n\n<p>Al respecto el gobernador manifest\u00f3 que el a\u00f1o pasado a su Gobierno, fue&nbsp; auditado el 90 por ciento de los recursos sin ninguna observaci\u00f3n, resultado de las pol\u00edticas financieras exitosas,<\/p>\n\n\n\n<p>Por su parte, el auditor superior, Colmenares P\u00e1ramo y el auditor especial de Gasto Federalizado, Emilio Barriga Delgado,<\/p>\n\n\n\n<p>Las auditor\u00edas Colmena revisan las operaciones con fondos federales como las participaciones, el Fondo de Aportaciones para la Infraestructura Social (FAIS), y el Fondo de Aportaciones para el Fortalecimiento de los Municipios y Demarcaciones Territoriales del Distrito Federal (Fortamun), en San Luis Potos\u00ed se fiscalizar\u00e1n 17 municipios con 20 auditor\u00edas en total en: Axtla de Terrazas, Ciudad del Ma\u00edz, Ciudad Valles, \u00c9bano, Matehuala, Matlapa, Rioverde, Soledad de Graciano S\u00e1nchez, Tamasopo, Tamazunchale, Tampac\u00e1n, Tamu\u00edn, Tancanhuitz, Tanqui\u00e1n de Escobedo, Villa de la Paz, Villa de Reyes y Xilitla.<\/p>\n\n\n\n<p>+++++++++<\/p>\n\n\n\n<p>\u201cFINCA&nbsp; SAN ISIDRO\u201d<\/p>\n\n\n\n<h2 class=\"wp-block-heading\">Sal\u00f3n para fiestas de todo tipo.<\/h2>\n\n\n\n<h2 class=\"wp-block-heading\">Carretera Valles \u2013 R\u00edo Verde Km. 8<\/h2>\n\n\n\n<h2 class=\"wp-block-heading\">Contrataciones al Tel. 01 481<\/h2>\n\n\n\n<p>++++++++++++<\/p>\n\n\n\n<p>CALLES&nbsp; RECIEN PAVIMENTADAS&nbsp; DESTRUIDAS POR LLUVIAS.<\/p>\n\n\n\n<p>Sin estudios&nbsp; previos sobre&nbsp; las condiciones&nbsp; de&nbsp; las calles&nbsp; que&nbsp; son elegidas&nbsp; a pavimentar en algunas&nbsp; colonias y fraccionamientos en esta ciudad con recursos&nbsp; aportados por el estado al municipio, provoca&nbsp; que millones de pesos&nbsp; en obras&nbsp; desaparezcan a causa&nbsp; de&nbsp; las lluvias, aunado a que la calidad de materiales&nbsp; y&nbsp;&nbsp; trabajos no son los adecuados&nbsp; para&nbsp; aplicarse, siendo lo recomendable&nbsp;&nbsp; el uso de&nbsp; cemento&nbsp; que es garant\u00eda de los millones de pesos&nbsp; invertidos.<\/p>\n\n\n\n<p>Recientemente&nbsp; el gobernador del estado&nbsp;&nbsp; inaugur\u00f3&nbsp; tramos&nbsp; de&nbsp; calles&nbsp; de&nbsp; colonias reci\u00e9n pavimentadas &nbsp;utilizando material no&nbsp; recomendado&nbsp; en regiones&nbsp; lluviosas&nbsp; salvo uso de f\u00f3rmulas&nbsp;&nbsp; apropiadas, eso&nbsp; explica&nbsp; que&nbsp; los&nbsp; da\u00f1os&nbsp; a las&nbsp; referidas&nbsp; obras&nbsp; requerir\u00e1n reposici\u00f3n de la&nbsp; carpeta asf\u00e1ltica da\u00f1ada&nbsp;&nbsp; en las&nbsp; calles&nbsp;&nbsp; reportadas como afectadas que ahora el alcalde&nbsp; informo&nbsp; &nbsp;se har\u00e1&nbsp; cargo de&nbsp; su&nbsp; mantenimiento inmediato.<\/p>\n\n\n\n<p>Medina Salazar, expres\u00f3 su agradecimiento a todo el apoyo que ha tenido el municipio vallense estos tres a\u00f1os, y reafirmo que esta inversi\u00f3n sin precedentes apuntala el inicio de la pr\u00f3xima administraci\u00f3n que dar\u00e1 inicio en octubre, donde desde su inicio ya se notar\u00e1 m\u00e1s apoyo.<\/p>\n\n\n\n<p>LOS&nbsp;&nbsp; 150&nbsp; MILLONES&nbsp; LOS&nbsp; APORTA EL ESTADO NO&nbsp; EL MUNICIPIO-Respecto a los 150 millones que anunciara e el Gobernador para pavimentaciones, Medina Salazar explic\u00f3 que \u201cya se tienen vistos\u201d los sectores donde se aplicar\u00e1n las acciones$$$$$$, con lo cual se lograr\u00e1n circuitos y accesos a colonias que durante muchos a\u00f1os han solicitados las obras, cumpli\u00e9ndose con ellos tambi\u00e9n el compromiso de acciones que ve\u00edan pr\u00e1cticamente imposibles de realizar.<\/p>\n\n\n\n<p>+++++++++++++<\/p>\n\n\n\n<p>\u201cINVITAN A&nbsp; REGIDORES&nbsp;&nbsp; ATENDER&nbsp; SUS&nbsp; COMISIONES.<\/p>\n\n\n\n<p>Plantean que las comisiones de los ayuntamientos deban sesionar por lo menos una vez al mes, INICITIVA&nbsp; que&nbsp;&nbsp; de concretarse ser\u00e1&nbsp; el instrumento para obligar a los&nbsp; regidores&nbsp;&nbsp; de los Ayuntamientos&nbsp; a&nbsp; trabajar&nbsp; como auxiliares&nbsp; efectivos del alcalde&nbsp; y no solamente levantar manos&nbsp; para aprobar cuentas&nbsp; y cobrar&nbsp; en el caso de Valles, casi 25&nbsp; mil pesos quincenales.<\/p>\n\n\n\n<p>Recordamos&nbsp; que por el mes de abril del presente a\u00f1o, las comisiones de Puntos Constitucionales; y Transparencia y Acceso a la Informaci\u00f3n P\u00fablica.<\/p>\n\n\n\n<p>Analizan una iniciativa para modificar diversos art\u00edculos de la Ley Org\u00e1nica del Municipio Libre, para que las comisiones de los ayuntamientos deben sesionar por lo menos una vez al mes, bajo el principio de m\u00e1xima publicidad y transparencia.<\/p>\n\n\n\n<p>Se propone que las sesiones de comisiones de los ayuntamientos sean p\u00fablicas y transmitidas en tiempo real a trav\u00e9s de medios electr\u00f3nicos, para dar una apertura real a los trabajos que se realizan dentro de las comisiones de los ayuntamientos y de igual manera a vigilar el desempe\u00f1o de sus regidores, que act\u00faan como representantes populares al momento de tomar decisiones que afectaran directamente a la sociedad.<\/p>\n\n\n\n<p>Tambi\u00e9n, &nbsp;que las comisiones llamen de manera obligatoria, a comparecer a los titulares de las dependencias administrativas municipales cada trimestre, a efecto de que informen sobre los asuntos de su competencia.<\/p>\n\n\n\n<p>Esto con el objeto de que informen sobre los asuntos concernientes a su \u00e1rea de trabajo, ya que cabe destacar que el cabildo en su conjunto representa la mayor autoridad municipal, y que cada comisi\u00f3n tiene como objeto el vigilar cada uno de los rubros de la administraci\u00f3n, por lo que una estrecha relaci\u00f3n de comunicaci\u00f3n y trabajo entre comisiones y \u00f3rganos administrativos resultar\u00e1 en una mayor eficiencia.<\/p>\n\n\n\n<p>Se manifiesta que las comisiones est\u00e1n obligadas a estudiar, examinar y proponer ante cabildo los acuerdos, acciones o normas tendientes a mejorar la administraci\u00f3n p\u00fablica municipal, as\u00ed como vigilar e informar sobre los asuntos a su cargo, por lo que es necesario que cuenten con informaci\u00f3n suficiente, lo cual se lograr\u00e1 con una din\u00e1mica de comparecencias con los titulares de cada \u00e1rea administrativa del municipio.<\/p>\n\n\n\n<p>+++++ ++++++++<\/p>\n\n\n\n<h1 class=\"wp-block-heading\">\u201cCAF\u00c9 Y RESTAURANT&nbsp;<\/h1>\n\n\n\n<h1 class=\"wp-block-heading\">EL FAROLITO<\/h1>\n\n\n\n<p>Lo mejor de la cocina Huasteca; el tradicional zacahuil y cazueladas .Atendemos toda clase de&nbsp; festejos. Pedidos al Tel&nbsp; 3821017 Ciudad Valles SLP<\/p>\n\n\n\n<p>+++++++++++++<\/p>\n\n\n\n<p>D e&nbsp;&nbsp; v o l a d a.-<\/p>\n\n\n\n<p>(tomado de&nbsp; redes&nbsp; sociales)<\/p>\n\n\n\n<p>EXCELENTE REFLEXI\u00d3N;<\/p>\n\n\n\n<p>CUANDO MUERAS, no te preocupes por tu cuerpo&#8230; tus parientes, har\u00e1n lo que sea necesario de acuerdo a sus posibilidades.<\/p>\n\n\n\n<p>Ellos te quitaran la ropa, te van a lavar, te van a vestir, te van a sacar de tu casa y te llevar\u00e1n a tu nueva direcci\u00f3n.<\/p>\n\n\n\n<p>Muchos vendr\u00e1n a tu funeral a \u00abdespedirse\u00bb. Algunos cancelar\u00e1n compromisos y hasta faltar\u00e1n al trabajo para ir a tu funeral.<\/p>\n\n\n\n<p>Tus pertenencias, hasta lo que no te gustaba prestar, ser\u00e1n vendidas, regaladas o quemadas.<\/p>\n\n\n\n<p>Tus llaves, tus herramientas, tus libros, tus zapatos, tu ropa\u2026 Y ten por seguro que el mundo no se detendr\u00e1 a llorar por ti. La econom\u00eda continuar\u00e1.<\/p>\n\n\n\n<p>En tu trabajo, ser\u00e1s reemplazado. Alguien con las mismas o mejores capacidades, asumir\u00e1 tu lugar.<\/p>\n\n\n\n<p>Tus bienes ir\u00e1n a tus herederos&#8230;. Y no dudes que seguir\u00e1s siendo citado, juzgado, cuestionado y criticado por las peque\u00f1as y grandes cosas que en vida hiciste.<\/p>\n\n\n\n<p>Las personas que te conoc\u00edan solo por tu semblante dir\u00e1n; Pobre hombre o mujer! o \u00c9l o ella se la pasaba muy bien!<\/p>\n\n\n\n<p>Tus amigos sinceros van a llorar algunas horas o algunos d\u00edas, pero luego regresar\u00e1n a la risa.<\/p>\n\n\n\n<p>Los \u00abamigos\u00bb que te jalaban a las pachangas, se olvidar\u00e1n de ti m\u00e1s r\u00e1pido.<\/p>\n\n\n\n<p>Tus animales se acostumbraran al nuevo due\u00f1o.<\/p>\n\n\n\n<p>Tus fotos, por alg\u00fan tiempo quedar\u00e1n colgadas en la pared o seguir\u00e1n sobre alg\u00fan mueble, pero luego, tal vez ser\u00e1n guardadas en el fondo de un caj\u00f3n. Y solo viviremos en el recuerdo de los que nos amaron.<\/p>\n\n\n\n<p>Alguien m\u00e1s se sentar\u00e1 en t\u00fa sof\u00e1 y comer\u00e1 en tu mesa.<\/p>\n\n\n\n<p>El dolor profundo en tu casa durar\u00e1 una semana, dos, un mes, dos, un a\u00f1o, dos&#8230; Despu\u00e9s quedar\u00e1s a\u00f1adido a los recuerdos y entonces, tu historia termin\u00f3.<\/p>\n\n\n\n<p>Termin\u00f3 entre la gente, termin\u00f3 aqu\u00ed, termin\u00f3 en este mundo.<\/p>\n\n\n\n<p>Pero comienza tu historia en tu nueva realidad&#8230; en tu vida despu\u00e9s de la muerte.<\/p>\n\n\n\n<p>Tu vida a donde no te pudiste mudar con las cosas de aqu\u00ed porque adem\u00e1s, al irte, perdieron el valor que ten\u00edan.<\/p>\n\n\n\n<p>Cuerpo<\/p>\n\n\n\n<p>Belleza<\/p>\n\n\n\n<p>Apariencia<\/p>\n\n\n\n<p>Apellido<\/p>\n\n\n\n<p>Comodidad<\/p>\n\n\n\n<p>Cr\u00e9dito<\/p>\n\n\n\n<p>Estado<\/p>\n\n\n\n<p>Posici\u00f3n<\/p>\n\n\n\n<p>Cuenta Bancaria<\/p>\n\n\n\n<p>Casa<\/p>\n\n\n\n<p>Coche<\/p>\n\n\n\n<p>Profesi\u00f3n<\/p>\n\n\n\n<p>T\u00edtulos<\/p>\n\n\n\n<p>Diplomas<\/p>\n\n\n\n<p>Medallas<\/p>\n\n\n\n<p>Trofeos<\/p>\n\n\n\n<p>Amigos<\/p>\n\n\n\n<p>Lugares<\/p>\n\n\n\n<p>C\u00f3nyuge<\/p>\n\n\n\n<p>Familia&#8230;<\/p>\n\n\n\n<p>En tu nueva vida solo necesitaras tu esp\u00edritu. Y el valor que le hayas acumulado aqu\u00ed, ser\u00e1 la \u00fanica fortuna con la que contar\u00e1s all\u00e1.<\/p>\n\n\n\n<p>Esa fortuna es la \u00fanica que te llevar\u00e1s y se amasa durante el tiempo que est\u00e1s aqu\u00ed. Cuando vives una vida de amor hacia los dem\u00e1s y en paz con el pr\u00f3jimo, est\u00e1s amasando tu fortuna espiritual.<\/p>\n\n\n\n<p>Por eso intenta vivir plenamente y s\u00e9 feliz mientras est\u00e1s aqu\u00ed porque, \u00abDe aqu\u00ed no te llevar\u00e1s lo que tienes. Solo te llevar\u00e1s lo que diste.<\/p>\n\n\n\n<p>&#8212;<\/p>\n","protected":false},"excerpt":{"rendered":"<p>NUESTRA CIUDAD TIENE TRES&nbsp; MIL CALLES O TRES MIL&nbsp; CUADRAS\u2026HAGA SU APUESTA. Avecinado&nbsp; en Ciudad Valles, S.L.P desde&nbsp; el&nbsp; a\u00f1o&nbsp; 1956&nbsp; recordamos&nbsp; que las&nbsp; calles&nbsp; pavimentadas&nbsp; no pasaban de una decena, hab\u00eda un letrero a orillas de la carretera&nbsp; 85&nbsp; M\u00e9xico Laredo del lado norte&nbsp;&nbsp; &hellip; <\/p>\n","protected":false},"author":1,"featured_media":99262,"comment_status":"open","ping_status":"open","sticky":false,"template":"","format":"standard","meta":{"footnotes":""},"categories":[17],"tags":[],"class_list":["post-99467","post","type-post","status-publish","format-standard","has-post-thumbnail","hentry","category-colaboraciones"],"_links":{"self":[{"href":"https:\/\/amanecerhuasteco.com\/portal\/wp-json\/wp\/v2\/posts\/99467","targetHints":{"allow":["GET"]}}],"collection":[{"href":"https:\/\/amanecerhuasteco.com\/portal\/wp-json\/wp\/v2\/posts"}],"about":[{"href":"https:\/\/amanecerhuasteco.com\/portal\/wp-json\/wp\/v2\/types\/post"}],"author":[{"embeddable":true,"href":"https:\/\/amanecerhuasteco.com\/portal\/wp-json\/wp\/v2\/users\/1"}],"replies":[{"embeddable":true,"href":"https:\/\/amanecerhuasteco.com\/portal\/wp-json\/wp\/v2\/comments?post=99467"}],"version-history":[{"count":1,"href":"https:\/\/amanecerhuasteco.com\/portal\/wp-json\/wp\/v2\/posts\/99467\/revisions"}],"predecessor-version":[{"id":99468,"href":"https:\/\/amanecerhuasteco.com\/portal\/wp-json\/wp\/v2\/posts\/99467\/revisions\/99468"}],"wp:featuredmedia":[{"embeddable":true,"href":"https:\/\/amanecerhuasteco.com\/portal\/wp-json\/wp\/v2\/media\/99262"}],"wp:attachment":[{"href":"https:\/\/amanecerhuasteco.com\/portal\/wp-json\/wp\/v2\/media?parent=99467"}],"wp:term":[{"taxonomy":"category","embeddable":true,"href":"https:\/\/amanecerhuasteco.com\/portal\/wp-json\/wp\/v2\/categories?post=99467"},{"taxonomy":"post_tag","embeddable":true,"href":"https:\/\/amanecerhuasteco.com\/portal\/wp-json\/wp\/v2\/tags?post=99467"}],"curies":[{"name":"wp","href":"https:\/\/api.w.org\/{rel}","templated":true}]}}