{"id":99485,"date":"2024-09-23T09:03:59","date_gmt":"2024-09-23T15:03:59","guid":{"rendered":"https:\/\/amanecerhuasteco.com\/portal\/?p=99485"},"modified":"2024-09-23T09:04:00","modified_gmt":"2024-09-23T15:04:00","slug":"gobierno-nombra-a-nuevo-delegado-de-sct-en-la-huasteca-norte","status":"publish","type":"post","link":"https:\/\/amanecerhuasteco.com\/portal\/gobierno-nombra-a-nuevo-delegado-de-sct-en-la-huasteca-norte\/","title":{"rendered":"Gobierno nombra a nuevo delegado de SCT en la huasteca norte"},"content":{"rendered":"\n<p><\/p>\n\n\n\n<ul class=\"wp-block-list\">\n<li>Jorge Humberto Anaya Rivera asumi\u00f3 la titularidad del cargo bajo la encomienda de brindar m\u00e1s apoyo en movilidad a las y los potosinos&nbsp;<\/li>\n<\/ul>\n\n\n\n<p>Para fortalecer y mejorar el servicio de transporte p\u00fablico en las cuatro regiones del Estado, la Secretar\u00eda de Comunicaciones y Transportes (SCT) design\u00f3 a Jorge Humberto Anaya Rivera como el nuevo delegado de la Huasteca Norte. Este nombramiento responde al compromiso del Gobierno Estatal de ofrecer un transporte eficiente y de calidad para todas y todos los potosinos.<br>La titular de la SCT, Araceli Mart\u00ednez Acosta, mencion\u00f3 que con este nombramiento la dependencia da cumplimiento a la instrucci\u00f3n del Ejecutivo del Estado de mejorar la calidad del servicio y responder de manera puntual a las demandas de las y los usuarios, as\u00ed como de los transportistas de la regi\u00f3n.<br>Uno de los principales enfoques de la nueva administraci\u00f3n ser\u00e1 la regularizaci\u00f3n del servicio en la zona, asegurando que todos los operadores cumplan con las normativas vigentes y que los ciudadanos reciban un servicio de transporte eficiente, seguro y accesible.<br>El Gobierno del Estado contin\u00faa impulsando acciones en las cuatro regiones de San Luis Potos\u00ed para asegurar una movilidad eficaz y segura. En la Huasteca, el enfoque estar\u00e1 en garantizar el acceso al transporte para los grupos m\u00e1s vulnerables, brindando cobertura incluso en las \u00e1reas m\u00e1s remotas de la regi\u00f3n.<\/p>\n","protected":false},"excerpt":{"rendered":"<p>Para fortalecer y mejorar el servicio de transporte p\u00fablico en las cuatro regiones del Estado, la Secretar\u00eda de Comunicaciones y Transportes (SCT) design\u00f3 a Jorge Humberto Anaya Rivera como el nuevo delegado de la Huasteca Norte. Este nombramiento responde al compromiso del Gobierno Estatal de &hellip; <\/p>\n","protected":false},"author":1,"featured_media":99486,"comment_status":"open","ping_status":"open","sticky":false,"template":"","format":"standard","meta":{"footnotes":""},"categories":[13,25,7,63,22,56,11,4,10,12,31,42,21,20,57,32],"tags":[],"class_list":["post-99485","post","type-post","status-publish","format-standard","has-post-thumbnail","hentry","category-agropecuaria","category-aquismon","category-ciudad","category-coxcatlan","category-ebano","category-el-naranjo","category-estado","category-inicio","category-municipios","category-nacional","category-sanluispotosi","category-soledad","category-tamasopo","category-tamuin","category-tanlajas","category-xilitla"],"_links":{"self":[{"href":"https:\/\/amanecerhuasteco.com\/portal\/wp-json\/wp\/v2\/posts\/99485","targetHints":{"allow":["GET"]}}],"collection":[{"href":"https:\/\/amanecerhuasteco.com\/portal\/wp-json\/wp\/v2\/posts"}],"about":[{"href":"https:\/\/amanecerhuasteco.com\/portal\/wp-json\/wp\/v2\/types\/post"}],"author":[{"embeddable":true,"href":"https:\/\/amanecerhuasteco.com\/portal\/wp-json\/wp\/v2\/users\/1"}],"replies":[{"embeddable":true,"href":"https:\/\/amanecerhuasteco.com\/portal\/wp-json\/wp\/v2\/comments?post=99485"}],"version-history":[{"count":1,"href":"https:\/\/amanecerhuasteco.com\/portal\/wp-json\/wp\/v2\/posts\/99485\/revisions"}],"predecessor-version":[{"id":99487,"href":"https:\/\/amanecerhuasteco.com\/portal\/wp-json\/wp\/v2\/posts\/99485\/revisions\/99487"}],"wp:featuredmedia":[{"embeddable":true,"href":"https:\/\/amanecerhuasteco.com\/portal\/wp-json\/wp\/v2\/media\/99486"}],"wp:attachment":[{"href":"https:\/\/amanecerhuasteco.com\/portal\/wp-json\/wp\/v2\/media?parent=99485"}],"wp:term":[{"taxonomy":"category","embeddable":true,"href":"https:\/\/amanecerhuasteco.com\/portal\/wp-json\/wp\/v2\/categories?post=99485"},{"taxonomy":"post_tag","embeddable":true,"href":"https:\/\/amanecerhuasteco.com\/portal\/wp-json\/wp\/v2\/tags?post=99485"}],"curies":[{"name":"wp","href":"https:\/\/api.w.org\/{rel}","templated":true}]}}