{"id":99851,"date":"2024-10-05T09:16:10","date_gmt":"2024-10-05T15:16:10","guid":{"rendered":"https:\/\/amanecerhuasteco.com\/portal\/?p=99851"},"modified":"2024-10-05T09:16:12","modified_gmt":"2024-10-05T15:16:12","slug":"francisco-goldaracena-nuevo-director-del-hospital-central","status":"publish","type":"post","link":"https:\/\/amanecerhuasteco.com\/portal\/francisco-goldaracena-nuevo-director-del-hospital-central\/","title":{"rendered":"Francisco Goldaracena nuevo director del Hospital Central."},"content":{"rendered":"\n<p><\/p>\n\n\n\n<p><\/p>\n\n\n\n<p>-Federaci\u00f3n y Estado definen a nuevo director del Hospital Central<br>\u2022 El nuevo director Francisco Goldaracena Orozco se comprometi\u00f3 a mantener una transici\u00f3n ordenada hacia el esquema IMSS-Bienestar y garantizar un servicio de salud de calidad<\/p>\n\n\n\n<p>La titular de la Secretar\u00eda de Salud, Leticia Mariana G\u00f3mez Ordaz y el coordinador estatal del IMSS-Bienestar en el Estado, Daniel Acosta D\u00edaz de Le\u00f3n, formalizaron este 4 de octubre el nombramiento de Francisco Goldaracena Orozco, como nuevo director general del Hospital Central, a quien solicitaron trabajar para alcanzar el objetivo del Gobernador Ricardo Gallardo Cardona, de brindar una atenci\u00f3n m\u00e9dica oportuna y de calidad para las y los potosinos.<br>El coordinador del IMSS-Bienestar agradeci\u00f3 a Javier Pinedo el trabajo realizado al frente del hospital y mencion\u00f3 que la instituci\u00f3n federal estar\u00e1 trabajando de manera conjunta con el Estado para mantener los est\u00e1ndares de atenci\u00f3n m\u00e9dica en el nosocomio.<br>Goldaracena Orozco asumi\u00f3 la direcci\u00f3n del Hospital Central, consciente de los retos que enfrenta y de la necesidad de lograr una transici\u00f3n ordenada hacia el esquema IMSS-Bienestar, teniendo como prioridad la atenci\u00f3n m\u00e9dica para la poblaci\u00f3n que no cuenta con seguridad social.<br>Goldaracena Orozco es egresado de la Universidad Aut\u00f3noma de San Luis Potos\u00ed, donde es catedr\u00e1tico desde 2011, cuenta con maestr\u00eda en Administraci\u00f3n de Instituciones de Salud y diplomado en Gesti\u00f3n de Hospitales por la Universidad Intercontinental y especialidad en pediatr\u00eda y subespecialidad en endocrinolog\u00eda pedi\u00e1trica. Es miembro del Consejo Mexicano de Endocrinolog\u00eda en Pediatr\u00eda y de la Mesa Directiva del Colegio de Endocrinolog\u00eda de San Luis Potos\u00ed. Ha prestado sus servicios en el Hospital del Ni\u00f1o y La Mujer como director general, adem\u00e1s del Hospital Central, donde es m\u00e9dico adscrito de Endocrinolog\u00eda Pedi\u00e1trica.<\/p>\n","protected":false},"excerpt":{"rendered":"<p>-Federaci\u00f3n y Estado definen a nuevo director del Hospital Central\u2022 El nuevo director Francisco Goldaracena Orozco se comprometi\u00f3 a mantener una transici\u00f3n ordenada hacia el esquema IMSS-Bienestar y garantizar un servicio de salud de calidad La titular de la Secretar\u00eda de Salud, Leticia Mariana G\u00f3mez &hellip; <\/p>\n","protected":false},"author":1,"featured_media":99852,"comment_status":"open","ping_status":"open","sticky":false,"template":"","format":"standard","meta":{"footnotes":""},"categories":[25,67,7,62,63,22,11,55,4,44,26,10,12,60,71,30,70,31,24,59,42,21,53,69,20,58,57,68,64,43,72,32],"tags":[],"class_list":["post-99851","post","type-post","status-publish","format-standard","has-post-thumbnail","hentry","category-aquismon","category-charcas","category-ciudad","category-ciudad-fernandez","category-coxcatlan","category-ebano","category-estado","category-guadalcazar","category-inicio","category-matehuala","category-matlapa","category-municipios","category-nacional","category-rayon","category-real-de-catorce","category-rioverde","category-san-ciro","category-sanluispotosi","category-san-vicente","category-santa-catarina","category-soledad","category-tamasopo","category-tamazunchale","category-tampacan","category-tamuin","category-tancanhuitz","category-tanlajas","category-tanquian","category-villa-de-pozos","category-villa-de-reyes","category-villa-hidalgo","category-xilitla"],"_links":{"self":[{"href":"https:\/\/amanecerhuasteco.com\/portal\/wp-json\/wp\/v2\/posts\/99851","targetHints":{"allow":["GET"]}}],"collection":[{"href":"https:\/\/amanecerhuasteco.com\/portal\/wp-json\/wp\/v2\/posts"}],"about":[{"href":"https:\/\/amanecerhuasteco.com\/portal\/wp-json\/wp\/v2\/types\/post"}],"author":[{"embeddable":true,"href":"https:\/\/amanecerhuasteco.com\/portal\/wp-json\/wp\/v2\/users\/1"}],"replies":[{"embeddable":true,"href":"https:\/\/amanecerhuasteco.com\/portal\/wp-json\/wp\/v2\/comments?post=99851"}],"version-history":[{"count":1,"href":"https:\/\/amanecerhuasteco.com\/portal\/wp-json\/wp\/v2\/posts\/99851\/revisions"}],"predecessor-version":[{"id":99853,"href":"https:\/\/amanecerhuasteco.com\/portal\/wp-json\/wp\/v2\/posts\/99851\/revisions\/99853"}],"wp:featuredmedia":[{"embeddable":true,"href":"https:\/\/amanecerhuasteco.com\/portal\/wp-json\/wp\/v2\/media\/99852"}],"wp:attachment":[{"href":"https:\/\/amanecerhuasteco.com\/portal\/wp-json\/wp\/v2\/media?parent=99851"}],"wp:term":[{"taxonomy":"category","embeddable":true,"href":"https:\/\/amanecerhuasteco.com\/portal\/wp-json\/wp\/v2\/categories?post=99851"},{"taxonomy":"post_tag","embeddable":true,"href":"https:\/\/amanecerhuasteco.com\/portal\/wp-json\/wp\/v2\/tags?post=99851"}],"curies":[{"name":"wp","href":"https:\/\/api.w.org\/{rel}","templated":true}]}}