{"id":99904,"date":"2024-10-07T07:05:25","date_gmt":"2024-10-07T13:05:25","guid":{"rendered":"https:\/\/amanecerhuasteco.com\/portal\/?p=99904"},"modified":"2024-10-07T07:10:57","modified_gmt":"2024-10-07T13:10:57","slug":"entre-columnas-629","status":"publish","type":"post","link":"https:\/\/amanecerhuasteco.com\/portal\/entre-columnas-629\/","title":{"rendered":"ENTRE COLUMNAS"},"content":{"rendered":"\n<p><strong>NOMBRAMIENTOS DE FUNCIONARIOS DEL AYUNTAMIENTO DE VALLES.<\/strong><\/p>\n\n\n\n<p><strong>&#8211; Inundan dependencias personal del \u201csexo d\u00e9bil\u201d<\/strong><\/p>\n\n\n\n<p><strong>Igual que en todos los ayuntamientos donde hubo elecciones en junio pasado, a partir de octubre hubo cambios de alcaldes, salvo Valles que fue reelecci\u00f3n<\/strong><\/p>\n\n\n\n<p><strong>E<\/strong><strong>n el gobierno municipal fueron recontratados algunos funcionarios y l<\/strong><strong>a<\/strong><strong> mayor\u00eda del sexo femenino a titulares de dependencias respetando<\/strong><strong> la paridad de g\u00e9nero, as\u00ed lo inform\u00f3 el Oficial Mayor Santiago Nales.<\/strong><\/p>\n\n\n\n<p><strong>Relaci\u00f3n e funcionarios.-<\/strong><\/p>\n\n\n\n<p><strong>Srio del Ayuntamiento Lic Luis Contreras Malibran.<\/strong><\/p>\n\n\n\n<p><strong>Comunicaci\u00f3n Social David Alarc\u00f3n Rivera<\/strong><\/p>\n\n\n\n<p><strong>Fomento al Empleo y Capacitaci\u00f3n al Trabajo Ana Lizette D\u00e1vila Castillo<\/strong><\/p>\n\n\n\n<p><strong>Secretario Particular Juan Carlos Montalvo<\/strong><\/p>\n\n\n\n<p><strong>Direcci\u00f3n de atenci\u00f3n de Igualdad y Diversidad Social Guillermo Guerrero Vargas<\/strong><\/p>\n\n\n\n<p><strong>Proyectos Productivos Dora Ojeda.<\/strong><\/p>\n\n\n\n<p><strong>Asesor Jur\u00eddico Carlos V\u00e1zquez<\/strong><\/p>\n\n\n\n<p><strong>Catastro Carlos Castillo<\/strong><\/p>\n\n\n\n<p><strong>Ecolog\u00eda Julio C\u00e9sar Otero<\/strong><\/p>\n\n\n\n<p><strong>Control Patrimonial C\u00e9sar Galv\u00e1n<\/strong><\/p>\n\n\n\n<p><strong>Junta de Reclutamiento Alfredo Contreras Rodr\u00edguez<\/strong><\/p>\n\n\n\n<p><strong>Directora de INAPAM Aracely V\u00e1zquez Esparza<\/strong><\/p>\n\n\n\n<p><strong>Desarrollo Empresarial Jennifer Ord\u00f3\u00f1ez V\u00e1zquez<\/strong><\/p>\n\n\n\n<p><strong>Atenci\u00f3n a la <\/strong><strong>J<\/strong><strong>uventud Em<\/strong><strong>m<\/strong><strong>anuel D\u00edaz del \u00c1ngel<\/strong><\/p>\n\n\n\n<p><strong>Coordinador de Gesti\u00f3n P\u00fablica y Participaci\u00f3n Ciudadana Osm\u00edn Meraz Echavarr\u00eda<\/strong><\/p>\n\n\n\n<p><strong>Transparencia H\u00e9ctor Daniel Castillo<\/strong><\/p>\n\n\n\n<p><strong>Acci\u00f3n Civica Romeo Aguilar Colunga<\/strong><\/p>\n\n\n\n<p><strong>Oficial\u00eda de Partes &nbsp;Marco Antonio Ba\u00f1uelos Rodr\u00edguez<\/strong><\/p>\n\n\n\n<p><strong>Directora de Panteones Nancy Cu\u00e9llar Hern\u00e1ndez<\/strong><\/p>\n\n\n\n<p><strong>Educaci\u00f3n Municipal Marcelino Hern\u00e1ndez.<\/strong><\/p>\n\n\n\n<p><strong>Santiago Nales coment\u00f3 que a\u00fan faltan las convocatorias para elegir a los titulares de Asuntos Ind\u00edgenas, Instituto de la Mujer, Cronista y Derechos Humanos Municipal, esperando que en un m\u00e1ximo de tres semanas se puedan emitir y llevar a cabo su elecci\u00f3n.<\/strong><\/p>\n\n\n\n<p><strong>++++++++++++.<\/strong><\/p>\n\n\n\n<p><strong>22 MIL MILLONES DE PESOS INVERTIDOS EN OBRAS EN LA MITAD DEL SEXENIO.<\/strong><\/p>\n\n\n\n<p><strong>+.- Gobernador anuncia 25 mil millones en infraestructura para los pr\u00f3ximos tres a\u00f1os<\/strong><\/p>\n\n\n\n<p><strong>No hay antecedentes en la historia pol\u00edtica de la entidad potosina del trabajo y la derrama econ\u00f3mica en obras al pueblo, informes administrativos del actual sexenio arrojan una inversi\u00f3n de 22MMDP y otros 25MMDP para la segunda mitad del sexenio, asi revelan los hist\u00f3ricos resultados en materia de infraestructura durante la primera mitad del sexenio, el Gobernador de San Luis Potos\u00ed Ricardo Gallardo Cardona anunci\u00f3 la inversi\u00f3n de 25 mil millones de pesos m\u00e1s para obras en los siguientes tres a\u00f1os, a fin de seguir detonando la modernidad el crecimiento y desarrollo para el beneficio de las familias.<br>\u201cEn tres a\u00f1os hemos invertido 22 mil millones de pesos para que las familias tengan caminos, \u00e1giles, c\u00f3modos y seguros y vamos por 25 mil millones m\u00e1s para los pr\u00f3ximos tres a\u00f1os, para todas las comunidades\u201d. agreg\u00f3 que, adem\u00e1s de fortalecer la movilidad, se crear\u00e1n obras de infraestructura complementaria, pero igualmente necesarias e importantes.<\/strong><\/p>\n\n\n\n<p><strong>++++++++++++<\/strong><\/p>\n\n\n\n<h1 class=\"wp-block-heading\">PR\u00c9STAMOS\u2026.<\/h1>\n\n\n\n<p><strong>de dinero inmediatos a pensionados<\/strong><\/p>\n\n\n\n<h2 class=\"wp-block-heading\">CFE, ISSSTE.FFCC, SCT, PEMEX,<\/h2>\n\n\n\n<h2 class=\"wp-block-heading\">ACTIVOS Y JUBILADOS IMSS<\/h2>\n\n\n\n<h1 class=\"wp-block-heading\">SIN AFECTAR TARJETON.<\/h1>\n\n\n\n<h2 class=\"wp-block-heading\">Ll\u00e1menos las 24 hrs del d\u00eda<\/h2>\n\n\n\n<h1 class=\"wp-block-heading\">LLAMENOS 4811039565<\/h1>\n\n\n\n<h1 class=\"wp-block-heading\">CREDITO INMEDIATO<\/h1>\n\n\n\n<p><strong>+++++++++<\/strong><\/p>\n\n\n\n<p><strong>OTRO DELEGADO DE LA SCT ESTATAL.<\/strong><\/p>\n\n\n\n<p><strong>Por cuanto tiempo fue designado como delegado de la SCT del estado<\/strong><\/p>\n\n\n\n<p><strong>Jorge Humberto Zumaya Rivera, despu\u00e9s<\/strong><strong> de cinco meses ac\u00e9fala la oficina en esta ciudad desde el pasado mes de abril que declin\u00f3.<\/strong><\/p>\n\n\n\n<p><strong>Araceli Mart\u00ednez Acosta, al cargo en la secretaria de Comunicaciones y Transportes y llego Danila Gonz\u00e1lez Guill\u00e9n, quien renunci\u00f3 por razones personales al cargo en la primera quincena del mes de abril de este a\u00f1o Desde esa fecha han estado encargados provisionales hasta la llegada del nuevo titular. La pregunta obligada es; por cuanto ti<\/strong><strong>e<\/strong><strong>mpo y porque dejan ese cargo en poco tiempo de desempe\u00f1arlo.<\/strong><\/p>\n\n\n\n<p><strong>++++++++++++<\/strong><\/p>\n\n\n\n<p><strong>CARROCERIAS BUSTOS<\/strong><\/p>\n\n\n\n<p><strong>Reforma y Lerdo de tejada Col. Altavista.<\/strong><\/p>\n\n\n\n<p><strong>Cd Valles SLP Tel. 3824777.<\/strong><\/p>\n\n\n\n<p><strong>En carrocer\u00edas para camiones y camionetas nadie nos compite.<\/strong><\/p>\n\n\n\n<p><strong>+++++++<\/strong><\/p>\n\n\n\n<p><strong>ARIANA GARCIA ASUME LA SECRETARIA DE FINANZAS DEL ESTADO.<\/strong><\/p>\n\n\n\n<p><strong>Lo enroques y cambios en las dependencias de primera lin e del gobierno del estado se inici\u00f3, el Gobernador Ricardo Gallardo Cardona, nombr\u00f3 a Ariana Garc\u00eda Vidal como titular de la Secretar\u00eda de Finanzas (Sefin), con esta designaci\u00f3n fortalece el trabajo permanente de mejorar la atenci\u00f3n y el servicio que brinda la administraci\u00f3n estatal.<br>En sus redes sociales, el Mandatario Estatal felicit\u00f3 a la nueva funcionaria y la exhort\u00f3 a seguir trabajando por el estado y la comunidad potosina.<br>La funcionaria declar\u00f3 \u201cAsumo esta honrosa responsabilidad con el compromiso de corresponder a la confianza que me brinda el Gobernador Ricardo Gallardo Cardona, para consolidar finanzas sanas que permitan llevar m\u00e1s apoyo a las y los potosinos\u201d.<br>La titular de la Sefin se desempe\u00f1aba desde el inicio de la administraci\u00f3n en la Direcci\u00f3n Administrativa de la Secretar\u00eda de Educaci\u00f3n del Gobierno del Estado (SEGE).<\/strong><\/p>\n\n\n\n<p><strong>\u00b4\u00b4+++++++++++++<\/strong><\/p>\n\n\n\n<h1 class=\"wp-block-heading\">QFB FABIOLA GARCIA ALVAREZ<\/h1>\n\n\n\n<h2 class=\"wp-block-heading\">Perito dictaminador en an\u00e1lisis bacteriol\u00f3gico de agua<\/h2>\n\n\n\n<h2 class=\"wp-block-heading\">Y alimentos con n\u00famero GES-PD 0705<\/h2>\n\n\n\n<h2 class=\"wp-block-heading\">Perito dictaminador en estupefacientes GES-PD0523<\/h2>\n\n\n\n<h2 class=\"wp-block-heading\">Maestr\u00eda en an\u00e1lisis cl\u00ednicos 1301 \u2013 368068<\/h2>\n\n\n\n<p><strong>Ced prof 8664204 Tel. 38 1 66 64<\/strong><\/p>\n\n\n\n<h2 class=\"wp-block-heading\">Asesor\u00eda, auditor\u00eda y gesti\u00f3n ambiental.<\/h2>\n\n\n\n<h2 class=\"wp-block-heading\">G. Victoria No. 8 zona centro Cd Valles<\/h2>\n\n\n\n<p><strong>++++++++++++<\/strong><\/p>\n\n\n\n<p><strong>CUAL CAMBIO, SON LOS MISMOS.<\/strong><\/p>\n\n\n\n<p><strong>El Comisionado de Seguridad del estado Arturo R\u00edos Gerardo de Seguridad P\u00fablica y Tr\u00e1nsito municipal y el Ingeniero Samuel Camargo de la Unidad Municipal de Protecci\u00f3n Civil de la nueva administraci\u00f3n de Ciudad Valles cuyo alcalde fue reelecto, continuaran en sus cargos.<\/strong><\/p>\n\n\n\n<p><strong>Antes de reiniciar el nuevo trienio municipal, el alcalde <\/strong><strong>20 minutos antes de concluir el mandato la noche del 30 de septiembre, el alcalde (saliente y entrante reelecto) presidio el evento al que fue concentrada tropa y jefes policiacos en la explanada de la plaza principal donde pasaron revista los casi 200 elementos para el pase de lista (otros se quedaron de guardia) en la comandancia. Dijo tener confianza en que seguir\u00e1n trabajando con eficiencia confianza y lealtad, por el bienestar de los ciudadanos de Valles para garantizar la seguridad de las familias, fortalecer la confianza de la ciudadan\u00eda y el orden p\u00fablico.<\/strong><\/p>\n\n\n\n<p><strong>Respecto al Ingeniero Samuel Camargo Torres, el alcalde dijo que est\u00e1 preparado t\u00e9cnicamente en materia de prevenci\u00f3n de contingencias y prevenci\u00f3n de riesgos.<\/strong><\/p>\n\n\n\n<p><strong>+++++++++<\/strong><\/p>\n\n\n\n<p>\u201c<strong>FINCA SAN ISIDRO\u201d<\/strong><\/p>\n\n\n\n<h2 class=\"wp-block-heading\">Sal\u00f3n para fiestas de todo tipo.<\/h2>\n\n\n\n<h2 class=\"wp-block-heading\">Carretera Valles \u2013 R\u00edo Verde Km. 8<\/h2>\n\n\n\n<h2 class=\"wp-block-heading\">Contrataciones al Tel. 01 481<\/h2>\n\n\n\n<p><strong>++++++++++++<\/strong><\/p>\n\n\n\n<p><strong>TALAN ARBOLITOS DEL BULEVAR ANTE COMPLASCENCIA DE AUTORIDADES.<\/strong><\/p>\n\n\n\n<p><strong>+- Nuevo director de ecolog\u00eda dice que si se solicit\u00f3 permiso.<\/strong><\/p>\n\n\n\n<p><strong>+.- Y donde replantaron los arbolitos.<\/strong><\/p>\n\n\n\n<p><strong>Pasaron mas de diez a\u00f1os para ver crecer los arbolitos \u201cpalo de rosa\u201d en el camell\u00f3n central del bulevar 85 M\u00e9xico Laredo, han sido el orgullo de los vestigios de arboledas de su especie extinguidas por el hombre en esta regi\u00f3n, pero en aras del progreso material de la urbe, esas plantas que adornan los bulevares sean destruidos sin que las autoridades de ecolog\u00eda act\u00faen conforme a sus atribuciones para conservar el medio ambiente.<\/strong><\/p>\n\n\n\n<p><strong>Al primer d<\/strong><strong>\u00ed<\/strong><strong>a de desempe\u00f1o del nuevo director de ecolog\u00eda municipal, declaro que si solicitaron autorizaci\u00f3n para \u201ccambiar de sitio las plantas\u201d pero el cabildo no se ha reunido apenas inici\u00f3 su trienio.<\/strong><\/p>\n\n\n\n<p><strong>Nos enteramos por denuncias de internautas que dieron cuenta este mi\u00e9rcoles como maquinaria de una empresa constructora de una plaza comercial particular al sur de la ciudad, destroz\u00f3 arbolitos del camell\u00f3n central para abrir un paso veh<\/strong><strong>i<\/strong><strong>cular.<\/strong><\/p>\n\n\n\n<p><strong>Qu\u00e9 casualidad que en ese mismo sitio hace un par de a\u00f1os el propietario de la misma plaza orden\u00f3 arrancar otros arboles que nunca se supo si fue sancionado <\/strong><strong>o en<\/strong><strong> donde fueron plantados los arbolitos que la Ley en la materia establece como pena.<\/strong><\/p>\n\n\n\n<p><strong>Estas fueron algunas de las denuncias; Empresa encargada de la construcci\u00f3n de plaza comercial, retir\u00f3 \u00e1rboles Palo de Rosa del Bulevar M\u00e9xico en <\/strong><a href=\"https:\/\/www.facebook.com\/hashtag\/cdvalles?__eep__=6&amp;__cft__%5B0%5D=AZWVFR2fGr8BJyDvQmW_ehXvgDvDX9E1mW63L16JYLWegPZItiKJi4HXoa7wuvP9fdAK0zWFEv45U1HcWYqLiIvae5VqJskyNsYq_vKsaqRxn6F54QmxaooPMA6xvhvjjUo2pXJxw6D9g7h4sLEZ-BULvmr4Am5yP0s3B629TGB28QOi3SRCxv5egr_AoHTJjdRZLAsyj-O25rppwer5AtAP\"><u><strong>#CdValles<\/strong><\/u><\/a><strong> para construir acceso vial.<\/strong><\/p>\n\n\n\n<p><a href=\"https:\/\/www.facebook.com\/profile.php?id=100086099395531&amp;comment_id=Y29tbWVudDoxMjIxNzExOTkxODgwNTMzNzZfNzM0MjM4MDc1NTI0OTM4&amp;__cft__%5B0%5D=AZWVFR2fGr8BJyDvQmW_ehXvgDvDX9E1mW63L16JYLWegPZItiKJi4HXoa7wuvP9fdAK0zWFEv45U1HcWYqLiIvae5VqJskyNsYq_vKsaqRxn6F54QmxaooPMA6xvhvjjUo2pXJxw6D9g7h4sLEZ-BULvmr4Am5yP0s3B629TGB28QOi3SRCxv5egr_AoHTJjdRZLAsyj-O25rppwer5AtAP\"><u><strong>Nadia L\u00f3pez<\/strong><\/u><\/a><\/p>\n\n\n\n<p><strong>Pues que mal , los \u00e1rboles aparte de darnos ox\u00edgeno, y darnos sombra, lucen hermosos los palo de rosa y hacen tanta falta aqu\u00ed que el calor que es insoportable , xq no son conscientes..<\/strong><img decoding=\"async\" src=\"\" width=\"16\" height=\"16\"> <img decoding=\"async\" src=\"\" width=\"16\" height=\"16\"> <strong>se supone que son verdes (el partido que gobierna a . Metr\u00f3poli) donde esta el amor a la naturaleza<\/strong><\/p>\n\n\n\n<p><strong>++++++++++++++++++++++++++++,<\/strong><\/p>\n\n\n\n<p><strong>POR FAVOR MUCHA ATENCION:<\/strong><\/p>\n\n\n\n<p><strong>NO DIGA SI A CUALQUIER PEGUNTA QUE LE HAGAN A TRAVES DEL CELULAR.<\/strong><\/p>\n\n\n\n<p><strong>+.- Lea con cuidado esta noticia. No lo lamente despu\u00e9s.<\/strong><\/p>\n\n\n\n<p><strong>Actualmente usted recibe llamadas a su celular de n\u00fameros no registrados, son la nueva estafa del \u201cs\u00ed\u00bb para robar informaci\u00f3n personal y bancaria.<\/strong><\/p>\n\n\n\n<p><strong>Seg\u00fan publican medios informativos en la web<\/strong><\/p>\n\n\n\n<p><strong>as\u00ed funciona la estafa del \u201cs\u00ed\u00bb,<\/strong><\/p>\n\n\n\n<p><strong>\u00a1Cuida tus datos!<\/strong><\/p>\n\n\n\n<p><strong>Los<\/strong><strong> fraudes telef\u00f3nicos<\/strong><strong> se han incrementado en los \u00faltimos a\u00f1os, se recomienda a los<\/strong><strong> usuarios telef\u00f3nicos por celular <\/strong><strong>mantenerse informados sobre c\u00f3mo se realizan este tipo de delitos, ponga atenci\u00f3n: El Instituto Nacional de Ciberseguridad, un organismo Europeo, explica que la<\/strong><strong> estafa del \u201cs\u00ed\u00bb<\/strong><strong> se realiza a trav\u00e9s de<\/strong><strong> llamadas telef\u00f3nicas<\/strong><strong>, teniendo como objetivo el<\/strong><strong> robo de datos personales<\/strong><strong> y <\/strong><strong>bancarios<\/strong><strong>. Esto dicen los expertos.<\/strong><\/p>\n\n\n\n<p><strong>La<\/strong><strong> estafa del \u201cs\u00ed\u00bb<\/strong><strong> ocurre cuando los usuarios reciben una <\/strong><strong>llamada telef\u00f3nica<\/strong><strong>, en la que los<\/strong><strong> delincuentes<\/strong><strong> se hacen pasar por supuestos representantes de instituciones financieras, servicio de ventas e incluso, servicios t\u00e9cnicos. Al contestar la llamada, los estafadores comenzar\u00e1n a realizar preguntas en las que las respuestas sean un \u201cs\u00ed\u00bb, por ejemplo: \u00ab\u00bfEst\u00e1 de acuerdo con recibir actualizaciones de nuestros servicios?\u201d. Una vez que obtengan el s\u00ed, los delincuentes permanecer\u00e1n callados y colgar\u00e1n a los pocos segundos. Al obtener el \u201c<\/strong><strong>s\u00ed<\/strong><strong>\u201d de la v\u00edctima, los <\/strong><strong>estafadores<\/strong><strong> podr\u00e1n utilizarla la grabaci\u00f3n para tener acceso a los <\/strong><strong>servicios bancarios<\/strong><strong> que est\u00e9n a nombre de las v\u00edctimas.<\/strong><\/p>\n\n\n\n<p><strong>\u00a1No te dejes enga\u00f1ar! Para<\/strong><strong> evitar ser v\u00edctima de estafas telef\u00f3nicas<\/strong><strong> como la del <\/strong><strong>\u201cs\u00ed\u00bb<\/strong><strong>, el Instituto Nacional de Ciberseguridad, recomienda lo siguiente:<\/strong><\/p>\n\n\n\n<ul class=\"wp-block-list\">\n<li><strong>No proporciones informaci\u00f3n bancaria o personal a trav\u00e9s de una llamada telef\u00f3nica; si comienzas a sospechar, es mejor colgar.<\/strong><\/li>\n\n\n\n<li><strong>\u00a1No pierdas la calma! No act\u00faes por impulso, por lo general, los delincuentes suelen llamarte con todo de urgencia.<\/strong><\/li>\n\n\n\n<li><strong>Acude a la fuente oficial para comprobar la veracidad de la propuesta que se ha realizado.<\/strong><\/li>\n\n\n\n<li><strong>Bloquea el<\/strong><strong> n\u00famero de tel\u00e9fono<\/strong><strong> para que este no pueda volver a llamarte.<\/strong><\/li>\n<\/ul>\n\n\n\n<p><strong>Ahora, si ca\u00edste en la trampa o proporcionaste informaci\u00f3n personal o bancaria, se recomienda contactar directamente a tu banco para tomar las <\/strong><strong>medidas de seguridad<\/strong><strong> correspondientes. (publicado en redes sociales)<\/strong><\/p>\n\n\n\n<p><strong>+++++ ++++++++<\/strong><\/p>\n\n\n\n<h1 class=\"wp-block-heading\">\u201cCAF\u00c9 Y RESTAURANT<\/h1>\n\n\n\n<h1 class=\"wp-block-heading\">EL FAROLITO<\/h1>\n\n\n\n<p><strong>Lo mejor de la cocina Huasteca; el tradicional zacahuil y cazueladas .Atendemos toda clase de festejos. Pedidos al Tel 3821017 Ciudad Valles SLP<\/strong><\/p>\n\n\n\n<p><strong>+++++++++++++<\/strong><\/p>\n\n\n\n<p>&#8212;<\/p>\n","protected":false},"excerpt":{"rendered":"<p>NOMBRAMIENTOS DE FUNCIONARIOS DEL AYUNTAMIENTO DE VALLES. &#8211; Inundan dependencias personal del \u201csexo d\u00e9bil\u201d Igual que en todos los ayuntamientos donde hubo elecciones en junio pasado, a partir de octubre hubo cambios de alcaldes, salvo Valles que fue reelecci\u00f3n En el gobierno municipal fueron recontratados &hellip; <\/p>\n","protected":false},"author":1,"featured_media":99262,"comment_status":"open","ping_status":"open","sticky":false,"template":"","format":"standard","meta":{"footnotes":""},"categories":[17,4],"tags":[],"class_list":["post-99904","post","type-post","status-publish","format-standard","has-post-thumbnail","hentry","category-colaboraciones","category-inicio"],"_links":{"self":[{"href":"https:\/\/amanecerhuasteco.com\/portal\/wp-json\/wp\/v2\/posts\/99904","targetHints":{"allow":["GET"]}}],"collection":[{"href":"https:\/\/amanecerhuasteco.com\/portal\/wp-json\/wp\/v2\/posts"}],"about":[{"href":"https:\/\/amanecerhuasteco.com\/portal\/wp-json\/wp\/v2\/types\/post"}],"author":[{"embeddable":true,"href":"https:\/\/amanecerhuasteco.com\/portal\/wp-json\/wp\/v2\/users\/1"}],"replies":[{"embeddable":true,"href":"https:\/\/amanecerhuasteco.com\/portal\/wp-json\/wp\/v2\/comments?post=99904"}],"version-history":[{"count":1,"href":"https:\/\/amanecerhuasteco.com\/portal\/wp-json\/wp\/v2\/posts\/99904\/revisions"}],"predecessor-version":[{"id":99905,"href":"https:\/\/amanecerhuasteco.com\/portal\/wp-json\/wp\/v2\/posts\/99904\/revisions\/99905"}],"wp:featuredmedia":[{"embeddable":true,"href":"https:\/\/amanecerhuasteco.com\/portal\/wp-json\/wp\/v2\/media\/99262"}],"wp:attachment":[{"href":"https:\/\/amanecerhuasteco.com\/portal\/wp-json\/wp\/v2\/media?parent=99904"}],"wp:term":[{"taxonomy":"category","embeddable":true,"href":"https:\/\/amanecerhuasteco.com\/portal\/wp-json\/wp\/v2\/categories?post=99904"},{"taxonomy":"post_tag","embeddable":true,"href":"https:\/\/amanecerhuasteco.com\/portal\/wp-json\/wp\/v2\/tags?post=99904"}],"curies":[{"name":"wp","href":"https:\/\/api.w.org\/{rel}","templated":true}]}}